{"id":594812,"date":"2025-12-12T11:19:17","date_gmt":"2025-12-12T11:19:17","guid":{"rendered":"https:\/\/www.europesays.com\/fr\/594812\/"},"modified":"2025-12-12T11:19:17","modified_gmt":"2025-12-12T11:19:17","slug":"les-valeurs-a-suivre-a-paris-et-en-europe-actualise-12-12-2025-a-0859","status":"publish","type":"post","link":"https:\/\/www.europesays.com\/fr\/594812\/","title":{"rendered":"Les valeurs \u00e0 suivre \u00e0 Paris et en Europe (actualis\u00e9) &#8211; 12\/12\/2025 \u00e0 08:59"},"content":{"rendered":"<p>\n (Actualis\u00e9 avec WH Smith, Accor, Elior)\n<\/p>\n<p>\n *\n<\/p>\n<p>\n Variation des futures sur indice CAC 40  0#FCE:\n<\/p>\n<p>\n *\n<\/p>\n<p>\n Variation des futures sur indice Stoxx 600  0#FXXP:\n<\/p>\n<p>\n *\n<\/p>\n<p>\n Valeurs qui se traitent ex-dividende  .EX.PA\n<\/p>\n<p>\n *\n<\/p>\n<p>\n Le point sur les march\u00e9s europ\u00e9ens  .EUFR\n<\/p>\n<p>\n Les valeurs \u00e0 suivre<br \/>\nvendredi \u00e0 la Bourse de Paris et en Europe :\n<\/p>\n<p>\n *\n<\/p>\n<p>\n BNP PARIBAS<br \/>\n <a href=\"https:\/\/www.boursorama.com\/cours\/1rPBNP\/\" target=\"_blank\" rel=\"noopener\"><br \/>\n  BNPP.PA<br \/>\n <\/a><br \/>\n a d\u00e9clar\u00e9 vendredi \u00eatre entr\u00e9 en<br \/>\ndiscussions exclusives avec le groupe Holmarcom en vue d\u2019une<br \/>\n\u00e9ventuelle cession de sa participation de 67% au capital de sa<br \/>\nfiliale marocaine BMCI.\n<\/p>\n<p>\n * EIFFAGE<br \/>\n <a href=\"https:\/\/www.boursorama.com\/cours\/1rPFGR\/\" target=\"_blank\" rel=\"noopener\"><br \/>\n  FOUG.PA<br \/>\n <\/a><br \/>\n va int\u00e9grer \u00e0 compter du 22 d\u00e9cembre<br \/>\nl&rsquo;indice CAC 40, en remplacement d&rsquo;Edenred<br \/>\n <a href=\"https:\/\/www.boursorama.com\/cours\/1rPEDEN\/\" target=\"_blank\" rel=\"noopener\"><br \/>\n  EDEN.PA<br \/>\n <\/a><br \/>\n .\n<\/p>\n<p>\n * ESSILORLUXOTTICA<br \/>\n <a href=\"https:\/\/www.boursorama.com\/cours\/1rPEL\/\" target=\"_blank\" rel=\"noopener\"><br \/>\n  ESLX.PA<br \/>\n <\/a><br \/>\n a annonc\u00e9 vendredi<br \/>\nl&rsquo;acquisition de Signifeye, une plateforme d\u2019ophtalmologie<br \/>\nbelge, pour un montant non d\u00e9voil\u00e9.\n<\/p>\n<p>\n * SOPRA STERIA<br \/>\n <a href=\"https:\/\/www.boursorama.com\/cours\/1rPSOP\/\" target=\"_blank\" rel=\"noopener\"><br \/>\n  SOPR.PA<br \/>\n <\/a><br \/>\n a annonc\u00e9 vendredi la nomination de<br \/>\nRajesh Krishnamurthy au poste de directeur g\u00e9n\u00e9ral \u00e0 partir du 2<br \/>\nf\u00e9vrier 2026.\n<\/p>\n<p>\n * GENERALI<br \/>\n <a href=\"https:\/\/www.boursorama.com\/cours\/1gG\/\" target=\"_blank\" rel=\"noopener\"><br \/>\n  GASI.MI<br \/>\n <\/a><br \/>\n et la banque fran\u00e7aise BPCE ont annonc\u00e9<br \/>\njeudi avoir abandonn\u00e9 leur projet de fusionner leurs activit\u00e9s<br \/>\nde gestion d&rsquo;actifs, en l&rsquo;absence de conditions n\u00e9cessaires pour<br \/>\nrendre l&rsquo;op\u00e9ration viable.\n<\/p>\n<p>\n * WENDEL<br \/>\n <a href=\"https:\/\/www.boursorama.com\/cours\/1rPMF\/\" target=\"_blank\" rel=\"noopener\"><br \/>\n  MWDP.PA<br \/>\n <\/a><br \/>\n a annonc\u00e9 vendredi que les flux g\u00e9n\u00e9r\u00e9s<br \/>\npar le m\u00e9tier de gestion d&rsquo;actifs et les produits de cession<br \/>\nli\u00e9s \u00e0 la gestion active du portefeuille d&rsquo;investissement pour<br \/>\ncompte propre devraient g\u00e9n\u00e9rer plus de 7 milliards d&rsquo;euros de<br \/>\ntr\u00e9sorerie d&rsquo;ici \u00e0 la fin de l\u2019ann\u00e9e 2030.\n<\/p>\n<p>\n * EMEIS<br \/>\n <a href=\"https:\/\/www.boursorama.com\/cours\/1rPEMEIS\/\" target=\"_blank\" rel=\"noopener\"><br \/>\n  EMEIS.PA<br \/>\n <\/a><br \/>\n a d\u00e9clar\u00e9 vendredi avoir finalis\u00e9 des<br \/>\naccords de cession avec Tertianum et deux investisseurs<br \/>\ninstitutionnels immobiliers pour la cession de son activit\u00e9<br \/>\nmaison de retraite en Suisse pour pr\u00e8s de 270 millions d\u2019euros.\n<\/p>\n<p>\n * NOVO NORDISK<br \/>\n <a href=\"https:\/\/www.boursorama.com\/cours\/1uNVOB.L\/\" target=\"_blank\" rel=\"noopener\"><br \/>\n  NOVOb.CO<br \/>\n <\/a><br \/>\n a lanc\u00e9 vendredi en Inde son<br \/>\nm\u00e9dicament phare contre le diab\u00e8te, Ozempic.\n<\/p>\n<p>\n * HARBOUR ENERGY<br \/>\n <a href=\"https:\/\/www.boursorama.com\/cours\/1uHBR.L\/\" target=\"_blank\" rel=\"noopener\"><br \/>\n  HBR.L<br \/>\n <\/a><br \/>\n a annonc\u00e9 vendredi avoir conclu un<br \/>\naccord pour acqu\u00e9rir la quasi-totalit\u00e9 des filiales de Waldorf<br \/>\nEnergy Partners et Waldorf Production dans les champs p\u00e9troliers<br \/>\nbritanniques de la mer du Nord, actuellement sous<br \/>\nadministration, pour un montant de 170 millions de dollars.\n<\/p>\n<p>\n * WH SMITH<br \/>\n <a href=\"https:\/\/www.boursorama.com\/cours\/1uSMWH.L\/\" target=\"_blank\" rel=\"noopener\"><br \/>\n  SMWH.L<br \/>\n <\/a><br \/>\n a report\u00e9 vendredi la publication de ses<br \/>\nr\u00e9sultats pr\u00e9liminaires en raison d&rsquo;un audit ind\u00e9pendant en<br \/>\ncours sur les probl\u00e8mes comptables du d\u00e9taillant sp\u00e9cialis\u00e9 dans<br \/>\nles produits de voyage.\n<\/p>\n<p>\n * ACCOR<br \/>\n <a href=\"https:\/\/www.boursorama.com\/cours\/1rPAC\/\" target=\"_blank\" rel=\"noopener\"><br \/>\n  ACCP.PA<br \/>\n <\/a><br \/>\n &#8211; Deutsche Bank a relev\u00e9 sa<br \/>\nrecommandation sur le titre \u00e0 \u00ab\u00a0acheter\u00a0\u00bb contre \u00ab\u00a0conserver\u00a0\u00bb.\n<\/p>\n<p>\n * ELIOR<br \/>\n <a href=\"https:\/\/www.boursorama.com\/cours\/1rPELIOR\/\" target=\"_blank\" rel=\"noopener\"><br \/>\n  ELIOR.PA<br \/>\n <\/a><br \/>\n &#8211; Deutsche Bank a abaiss\u00e9 sa<br \/>\nrecommandation sur le titre \u00e0 \u00ab\u00a0conserver\u00a0\u00bb contre \u00ab\u00a0acheter\u00a0\u00bb.\n<\/p>\n<p>\n L&rsquo;AGENDA FRANCE &amp; INTERNATIONAL \u00c0 7 JOURS:<br \/>\n nL8N3XA13Q\n<\/p>\n<p>\n (R\u00e9dig\u00e9 par Claude Chendjou et Mara V\u00eelcu, \u00e9dit\u00e9 par Augustin<br \/>\nTurpin)<\/p>\n","protected":false},"excerpt":{"rendered":"(Actualis\u00e9 avec WH Smith, Accor, Elior) * Variation des futures sur indice CAC 40 0#FCE: * Variation des&hellip;\n","protected":false},"author":2,"featured_media":481458,"comment_status":"","ping_status":"","sticky":false,"template":"","format":"standard","meta":{"footnotes":""},"categories":[1888],"tags":[400,1111,1928,11,1927,398,408,405,1777,674,1011,27,403,402,399,404,12,1926,626,1925,25,401,406,407],"class_list":{"0":"post-594812","1":"post","2":"type-post","3":"status-publish","4":"format-standard","5":"has-post-thumbnail","7":"category-paris","8":"tag-action-cac-40","9":"tag-actu","10":"tag-actu-paris","11":"tag-actualites","12":"tag-actualites-paris","13":"tag-bourse-de-paris","14":"tag-boursorama","15":"tag-cotations","16":"tag-eu","17":"tag-europe","18":"tag-fr","19":"tag-france","20":"tag-indices-devises","21":"tag-investir","22":"tag-investissement","23":"tag-marche-boursier","24":"tag-news","25":"tag-news-paris","26":"tag-paris","27":"tag-paris-news","28":"tag-republique-francaise","29":"tag-sicav","30":"tag-trackers","31":"tag-warrants"},"share_on_mastodon":{"url":"https:\/\/pubeurope.com\/@fr\/115706328986710899","error":""},"_links":{"self":[{"href":"https:\/\/www.europesays.com\/fr\/wp-json\/wp\/v2\/posts\/594812","targetHints":{"allow":["GET"]}}],"collection":[{"href":"https:\/\/www.europesays.com\/fr\/wp-json\/wp\/v2\/posts"}],"about":[{"href":"https:\/\/www.europesays.com\/fr\/wp-json\/wp\/v2\/types\/post"}],"author":[{"embeddable":true,"href":"https:\/\/www.europesays.com\/fr\/wp-json\/wp\/v2\/users\/2"}],"replies":[{"embeddable":true,"href":"https:\/\/www.europesays.com\/fr\/wp-json\/wp\/v2\/comments?post=594812"}],"version-history":[{"count":0,"href":"https:\/\/www.europesays.com\/fr\/wp-json\/wp\/v2\/posts\/594812\/revisions"}],"wp:featuredmedia":[{"embeddable":true,"href":"https:\/\/www.europesays.com\/fr\/wp-json\/wp\/v2\/media\/481458"}],"wp:attachment":[{"href":"https:\/\/www.europesays.com\/fr\/wp-json\/wp\/v2\/media?parent=594812"}],"wp:term":[{"taxonomy":"category","embeddable":true,"href":"https:\/\/www.europesays.com\/fr\/wp-json\/wp\/v2\/categories?post=594812"},{"taxonomy":"post_tag","embeddable":true,"href":"https:\/\/www.europesays.com\/fr\/wp-json\/wp\/v2\/tags?post=594812"}],"curies":[{"name":"wp","href":"https:\/\/api.w.org\/{rel}","templated":true}]}}