{"id":594813,"date":"2025-12-12T11:20:29","date_gmt":"2025-12-12T11:20:29","guid":{"rendered":"https:\/\/www.europesays.com\/fr\/594813\/"},"modified":"2025-12-12T11:20:29","modified_gmt":"2025-12-12T11:20:29","slug":"quels-nouvelles-adresses-parisiennes-allez-vous-decouvrir-dans-la-saison-5-demily-in-paris","status":"publish","type":"post","link":"https:\/\/www.europesays.com\/fr\/594813\/","title":{"rendered":"Quels nouvelles adresses parisiennes allez-vous d\u00e9couvrir dans la saison 5 d\u2019Emily in Paris"},"content":{"rendered":"<p>\t\t\t\t\t\t\t\t\t\t\t\t\t\t\t\t\t\t\t\t\t\t<img loading=\"lazy\" decoding=\"async\" src=\"data:image\/svg+xml,%3Csvg%20xmlns=\" http:=\"\" class=\"img-fluid\" alt=\"Nouveaux lieux parisiens \u00e0 d\u00e9couvrir Netflix Emily in Paris saison 5\" width=\"1024\" height=\"683\" data-lazy-src=\"https:\/\/www.europesays.com\/fr\/wp-content\/uploads\/2025\/12\/COUV-ARTICLES-1620x1080-30-4-1024x683.jpg\"\/><\/p>\n<p>    Save<\/p>\n<p class=\"p1\"><strong>La plus parisienne des Am\u00e9ricaines<\/strong> est de retour sur nos \u00e9crans. <strong>Le 18 d\u00e9cembre prochain<\/strong>, les aficionados d\u2019Emily in Paris pourront enfin d\u00e9couvrir la saison 5, et les premi\u00e8res images d\u00e9voil\u00e9es par Netflix font d\u00e9j\u00e0 beaucoup parler. Et pour cause : on y voit Mindy et Alfie se rapprocher. Un rapprochement qui pourrait ne pas \u00eatre du go\u00fbt d\u2019Emily (ni de certains t\u00e9l\u00e9spectateurs). Si l\u2019agence Grateau s\u2019est install\u00e9e \u00e0 Rome, Emily n\u2019a pourtant <strong>pas fini de fouler les pav\u00e9s parisiens avec ses talons de 12,<\/strong> comme en t\u00e9moignent les premiers clich\u00e9s de la saison. Alors, <strong>quels lieux parisiens pourra-t-on apercevoir dans cette nouvelle saison tr\u00e8s attendue ? On vous en donne un aper\u00e7u<\/strong>. <\/p>\n<p class=\"p1\">(Et pssst : si vous souhaitez marcher sur les pas d\u2019Emily, retrouvez aussi <a href=\"https:\/\/parissecret.com\/ou-trouver-tous-les-lieux-cultes-de-la-serie-emily-in-paris-dans-la-capitale\/\" rel=\"follow noopener\" target=\"_self\" class=\"shortcode-outbound-link\" data-has-ga=\"true\" data-ga-type=\"click\" data-label=\"https:\/\/parissecret.com\/ou-trouver-tous-les-lieux-cultes-de-la-serie-emily-in-paris-dans-la-capitale\/\" data-action=\"text_cta_0\" data-category=\"click_internal\"><strong>toutes les adresses des saisons pr\u00e9c\u00e9dentes<\/strong><\/a> list\u00e9es ici.)<\/p>\n<p><img fetchpriority=\"high\" decoding=\"async\" class=\"aligncenter size-large wp-image-222483\" src=\"data:image\/svg+xml,%3Csvg%20xmlns=\" http:=\"\" alt=\"intrigue Emily in Paris saison 5 Netflix toutes les nouvelles adresses aper\u00e7ues \u00e0 Paris\" width=\"1024\" height=\"683\" data-lazy- data-lazy- data-lazy-src=\"https:\/\/www.europesays.com\/fr\/wp-content\/uploads\/2025\/12\/COUV-ARTICLES-1620x1080-30-copie-1-1024x683.jpg\"\/><\/p>\n<p><img loading=\"lazy\" decoding=\"async\" class=\"aligncenter size-large wp-image-222479\" src=\"data:image\/svg+xml,%3Csvg%20xmlns=\" http:=\"\" alt=\"Nouvelles adresses Emily in Paris saison 5 Paris Rome Netflix\" width=\"1024\" height=\"683\" data-lazy- data-lazy- data-lazy-src=\"https:\/\/www.europesays.com\/fr\/wp-content\/uploads\/2025\/12\/La-dolce-vita-nest-jamais-finie-\u2728EMILY-IN-PARIS-saison-5-le-18-decembre.-14-1024x683.jpg\"\/><\/p>\n<p class=\"p1\">Ouvert en 1901, ce restaurant parisien nich\u00e9 au c\u0153ur d\u2019une gare est un chef-d\u2019\u0153uvre de la Belle \u00c9poque. Et cet \u00e9crin dor\u00e9 compte sans aucun doute parmi les plus beaux restaurants du monde. Vous l\u2019aurez reconnu : il s\u2019agit du Train Bleu, discr\u00e8tement install\u00e9 dans la Gare de Lyon.<\/p>\n<p class=\"p1\">Grande amoureuse des plus beaux lieux parisiens, Emily ne pouvait \u00e9videmment pas passer \u00e0 c\u00f4t\u00e9 de ce joyau architectural, <strong>autrefois fr\u00e9quent\u00e9 par Brigitte Bardot, Salvador Dal\u00ed ou encore Coco Chanel<\/strong>. C\u2019est en tout cas ce que sugg\u00e8re cette premi\u00e8re image, qui offre un petit aper\u00e7u de la saison 5.<\/p>\n<p class=\"p1\"><strong>Emily succombera-t-elle au mythique gigot d\u2019agneau r\u00f4ti du Train Bleu<\/strong>, servi \u00e0 la voiture de tranche ? Let\u2019s see\u2026<\/p>\n<p> <b>2) Emily Cooper (encore) sur un quai de gare, \u00e0 la Gare de Lyon<\/b> <\/p>\n<p><img loading=\"lazy\" decoding=\"async\" class=\"aligncenter size-large wp-image-222480\" src=\"data:image\/svg+xml,%3Csvg%20xmlns=\" http:=\"\" alt=\"\" width=\"1024\" height=\"683\" data-lazy- data-lazy- data-lazy-src=\"https:\/\/www.europesays.com\/fr\/wp-content\/uploads\/2025\/12\/La-dolce-vita-nest-jamais-finie-\u2728EMILY-IN-PARIS-saison-5-le-18-decembre.-10-1024x683.jpg\"\/><\/p>\n<p class=\"p1\">Emily et les quais de gare, c\u2019est un peu une grande histoire d\u2019amour dans <strong>Emily in Paris, saison apr\u00e8s saison.<\/strong> On se souvient notamment du moment o\u00f9 elle grimpe dans un train de nuit au d\u00e9cor <strong>digne de l\u2019Orient-Express<\/strong> pour rejoindre Saint-Tropez.<\/p>\n<p class=\"p1\">Et une fois n\u2019est pas coutume, Lily Collins \u2014 alias Emily \u2014 semble \u00eatre \u00e0 un nouveau tournant de sa vie, face \u00e0\u2026 roulement de tambour\u2026 Gabriel ! Les adieux seront-ils d\u00e9chirants sur le quai de la Gare de Lyon ? Gabriel et Emily finiront-ils par un date au Train Bleu ? <strong>R\u00e9ponse le 18 d\u00e9cembre sur Netflix !<\/strong><\/p>\n<p> <b>3) Emily in Paris saison 5 : la d\u00e9sormais mythique place de l\u2019Estrapade<\/b> <\/p>\n<p><img loading=\"lazy\" decoding=\"async\" class=\"aligncenter size-large wp-image-222481\" src=\"data:image\/svg+xml,%3Csvg%20xmlns=\" http:=\"\" alt=\"\" width=\"1024\" height=\"683\" data-lazy- data-lazy- data-lazy-src=\"https:\/\/www.europesays.com\/fr\/wp-content\/uploads\/2025\/12\/La-dolce-vita-nest-jamais-finie-\u2728EMILY-IN-PARIS-saison-5-le-18-decembre.-4-1024x683.jpg\"\/><\/p>\n<p class=\"p1\">Devenue culte depuis la saison 1 d\u2019Emily in Paris, la place de l\u2019Estrapade voit depuis affluer les touristes venus s\u2019y photographier, <strong>b\u00e9ret rouge et croissant \u00e0 la main<\/strong> (clich\u00e9, vraiment ?). Avec le balcon pittoresque de la chambre de bonne d\u2019Emily (une chambre de bonne\u2026 grand luxe), ses rues pav\u00e9es et sa jolie fontaine, cette placette avait tout pour devenir un d\u00e9cor embl\u00e9matique de la s\u00e9rie.<\/p>\n<p class=\"p1\"><strong>Et sur les premi\u00e8res images de la saison 5<\/strong>, on aper\u00e7oit d\u2019ailleurs la <strong>place de l\u2019Estrapade<\/strong>, signe \u00e9vident qu\u2019Emily fera bien son retour dans la Ville Lumi\u00e8re dans ces nouveaux \u00e9pisodes.<\/p>\n<p> <b>4) Mindy dans le Marais sur un char, \u00e0 l\u2019occasion de la Marche des Fiert\u00e9s<\/b><b\/> <\/p>\n<p><img loading=\"lazy\" decoding=\"async\" class=\"aligncenter size-large wp-image-222482\" src=\"data:image\/svg+xml,%3Csvg%20xmlns=\" http:=\"\" alt=\"Emily in Paris saison 5 Mindy dans le Marais adresses parisiennes\" width=\"1024\" height=\"683\" data-lazy- data-lazy- data-lazy-src=\"https:\/\/www.europesays.com\/fr\/wp-content\/uploads\/2025\/12\/La-dolce-vita-nest-jamais-finie-\u2728EMILY-IN-PARIS-saison-5-le-18-decembre.-7-1024x683.jpg\"\/><\/p>\n<p class=\"p1\">Sur les premiers clich\u00e9s, on aper\u00e7oit \u00e9galement l\u2019exub\u00e9rante <strong>Mindy en plein show, juch\u00e9e sur un char de la Gay Pride.<\/strong> Pour info, chaque ann\u00e9e, le <strong>parcours de la Marche des Fiert\u00e9s LGBTQIA+<\/strong> emprunte notamment la rue de Rivoli, la rue Saint-Antoine, la place de la Bastille ou encore la rue de Lyon. On peut donc deviner que cette nouvelle saison nous offrira de belles images du quartier du Marais.<\/p>\n<p class=\"p1\">D\u2019ailleurs, c\u2019est peut-\u00eatre l\u2019occasion de faire un crochet par l\u2019une des plus vieilles rues de Paris, r\u00e9cemment \u00e9lue <a href=\"https:\/\/parissecret.com\/rue-la-plus-cool-france-paris\/\" rel=\"follow noopener\" target=\"_self\" class=\"shortcode-outbound-link\" data-has-ga=\"true\" data-ga-type=\"click\" data-label=\"https:\/\/parissecret.com\/rue-la-plus-cool-france-paris\/\" data-action=\"text_cta_2\" data-category=\"click_internal\"><strong>la plus cool de France\u2026 et elle se trouve justement dans le Marais<\/strong>.<\/a><\/p>\n","protected":false},"excerpt":{"rendered":"Save La plus parisienne des Am\u00e9ricaines est de retour sur nos \u00e9crans. Le 18 d\u00e9cembre prochain, les aficionados&hellip;\n","protected":false},"author":2,"featured_media":594814,"comment_status":"","ping_status":"","sticky":false,"template":"","format":"standard","meta":{"footnotes":""},"categories":[1888],"tags":[11,1777,674,1011,27,12,626,25],"class_list":{"0":"post-594813","1":"post","2":"type-post","3":"status-publish","4":"format-standard","5":"has-post-thumbnail","7":"category-paris","8":"tag-actualites","9":"tag-eu","10":"tag-europe","11":"tag-fr","12":"tag-france","13":"tag-news","14":"tag-paris","15":"tag-republique-francaise"},"share_on_mastodon":{"url":"https:\/\/pubeurope.com\/@fr\/115706332831950342","error":""},"_links":{"self":[{"href":"https:\/\/www.europesays.com\/fr\/wp-json\/wp\/v2\/posts\/594813","targetHints":{"allow":["GET"]}}],"collection":[{"href":"https:\/\/www.europesays.com\/fr\/wp-json\/wp\/v2\/posts"}],"about":[{"href":"https:\/\/www.europesays.com\/fr\/wp-json\/wp\/v2\/types\/post"}],"author":[{"embeddable":true,"href":"https:\/\/www.europesays.com\/fr\/wp-json\/wp\/v2\/users\/2"}],"replies":[{"embeddable":true,"href":"https:\/\/www.europesays.com\/fr\/wp-json\/wp\/v2\/comments?post=594813"}],"version-history":[{"count":0,"href":"https:\/\/www.europesays.com\/fr\/wp-json\/wp\/v2\/posts\/594813\/revisions"}],"wp:featuredmedia":[{"embeddable":true,"href":"https:\/\/www.europesays.com\/fr\/wp-json\/wp\/v2\/media\/594814"}],"wp:attachment":[{"href":"https:\/\/www.europesays.com\/fr\/wp-json\/wp\/v2\/media?parent=594813"}],"wp:term":[{"taxonomy":"category","embeddable":true,"href":"https:\/\/www.europesays.com\/fr\/wp-json\/wp\/v2\/categories?post=594813"},{"taxonomy":"post_tag","embeddable":true,"href":"https:\/\/www.europesays.com\/fr\/wp-json\/wp\/v2\/tags?post=594813"}],"curies":[{"name":"wp","href":"https:\/\/api.w.org\/{rel}","templated":true}]}}