{"id":594821,"date":"2025-12-12T11:24:19","date_gmt":"2025-12-12T11:24:19","guid":{"rendered":"https:\/\/www.europesays.com\/fr\/594821\/"},"modified":"2025-12-12T11:24:19","modified_gmt":"2025-12-12T11:24:19","slug":"les-images-de-limpressionnante-saisie-dun-petrolier-par-les-etats-unis-au-large-du-venezuela","status":"publish","type":"post","link":"https:\/\/www.europesays.com\/fr\/594821\/","title":{"rendered":"Les images de l&rsquo;impressionnante saisie d&rsquo;un p\u00e9trolier par les \u00c9tats-Unis au large du Venezuela"},"content":{"rendered":"<ul class=\"jsx-862013697 ArticleChapo__List\">\n<li class=\"jsx-862013697 ArticleChapo__List_Item flex\">Un p\u00e9trolier a \u00e9t\u00e9 pris d&rsquo;assaut ce mercredi les armes \u00e0 la main, par les garde-c\u00f4tes am\u00e9ricains \u00e9paul\u00e9s par des Marines et des Forces sp\u00e9ciales.<\/li>\n<li class=\"jsx-862013697 ArticleChapo__List_Item flex\">Saisi au large du Venezuela, le navire qui transportait plus d&rsquo;un million de barils de p\u00e9trole, \u00e9tait plac\u00e9 sous sanction.<\/li>\n<li class=\"jsx-862013697 ArticleChapo__List_Item flex\">O\u00f9 allait-il ? D&rsquo;o\u00f9 venait cette cargaison ? Voici ce que l&rsquo;on sait sur cette op\u00e9ration spectaculaire  salu\u00e9e par Donald Trump.<\/li>\n<\/ul>\n<p><a href=\"https:\/\/www.tf1info.fr\/actualite\/etats-unis-election-presidentielle-americaine-2024-donald-trump-vs-kamala-harris-13534\/\" rel=\"noopener\" class=\"jsx-484472199 Link jsx-1428418400 jsx-554215408\" target=\"_blank\"><\/p>\n<p style=\"font-weight:400\" class=\"jsx-1837267516\">Suivez la couverture compl\u00e8te<\/p>\n<p style=\"font-weight:800\" class=\"jsx-1837267516\">Le second mandat de Donald Trump<\/p>\n<p><\/a><\/p>\n<p data-module=\"article-paragraph\" class=\"jsx-3046738180 Paragraph Paragraph__End\">La sc\u00e8ne s&rsquo;est d\u00e9roul\u00e9e ce mercredi au large des c\u00f4tes v\u00e9n\u00e9zu\u00e9liennes et est digne d&rsquo;un film d&rsquo;action hollywoodien. Deux h\u00e9licopt\u00e8res se positionnent au-dessus d&rsquo;un p\u00e9trolier quand des soldats d&rsquo;une unit\u00e9 d&rsquo;\u00e9lite des garde-c\u00f4tes am\u00e9ricains descendent en rappel. \u00c9paul\u00e9s par des marines et des forces sp\u00e9ciales, ils lancent l&rsquo;assaut sur le pont, et se dirigent rapidement vers la cabine de pilotage avant de prendre possession du navire.\u00a0<\/p>\n<p>Saisi \u00ab\u00a0pour de bonnes raisons\u00a0\u00bb<\/p>\n<p data-module=\"article-paragraph\" class=\"jsx-3046738180 Paragraph\">L&rsquo;op\u00e9ration spectaculaire, s&rsquo;est d\u00e9roul\u00e9e sans le moindre incident selon Washington, et a \u00e9t\u00e9 salu\u00e9e sans plus de d\u00e9tails par Donald Trump. \u00ab\u00a0On a saisi ce p\u00e9trolier pour de tr\u00e8s bonnes raisons\u00a0\u00bb, a d\u00e9clar\u00e9 ce dernier, avant de pr\u00e9ciser : \u00ab\u00a0on va le garder, je suppose.\u00a0\u00bb\u00a0<\/p>\n<p data-module=\"article-paragraph\" class=\"jsx-3046738180 Paragraph Paragraph__End\">Pour quel motif ? Les Am\u00e9ricains ont-ils arraisonn\u00e9 ce p\u00e9trolier ? Il ferait partie d&rsquo;une flotte clandestine, utilis\u00e9e par le Venezuela pour vendre au march\u00e9 noir son p\u00e9trole soumis \u00e0 un embargo. Le Skipper , c&rsquo;est le nom de ce navire, aujourd&rsquo;hui sous pavillon du Guyana est sanctionn\u00e9 depuis 2022 pour avoir transport\u00e9 du p\u00e9trole pour le compte des gardiens de la r\u00e9volution iranienne et du Hezbollah. Mercredi, le p\u00e9trolier venait de quitter un port v\u00e9n\u00e9zu\u00e9lien, probablement en direction de Cuba.\u00a0<\/p>\n<p><a href=\"https:\/\/www.tf1info.fr\/international\/ce-que-l-on-sait-sur-le-petrolier-saisi-par-les-etats-unis-au-large-du-venezuela-2412250.html\" rel=\"noopener\" class=\"jsx-3308031228 Link flex\" target=\"_blank\"><img decoding=\"async\" src=\"https:\/\/www.europesays.com\/fr\/wp-content\/uploads\/2025\/12\/petrolier-venezuela-eceb13-0@1x.jpeg\" alt=\"Handout \/ US Attorney General Pam Bondi's X account \/ AFP\" loading=\"lazy\" importance=\"low\" fetchpriority=\"low\" class=\"\" aria-hidden=\"true\"\/><\/p>\n<p class=\"jsx-3657663356 ReadMoreArticle__Title\">Lire aussi<\/p>\n<p class=\"jsx-3657663356\">Ce que l&rsquo;on sait sur le p\u00e9trolier saisi par les \u00c9tats-Unis au large du Venezuela<\/p>\n<p><\/a><\/p>\n<p data-module=\"article-paragraph\" class=\"jsx-3046738180 Paragraph\">In\u00e9dite, l&rsquo;intervention a \u00e9t\u00e9 film\u00e9e et publi\u00e9e par les Am\u00e9ricains dans un contexte de grande tension avec le r\u00e9gime v\u00e9n\u00e9zu\u00e9lien. \u00ab\u00a0Nous disons non \u00e0 l&rsquo;interventionnisme. Quant au gouvernement am\u00e9ricain, nous lui disons de se consacrer \u00e0 gouverner son pays\u00a0\u00bb, a d\u00e9clar\u00e9 le pr\u00e9sident Nicolas Maduro.<\/p>\n<p data-module=\"article-paragraph\" class=\"jsx-3046738180 Paragraph Paragraph__End\">Cet apr\u00e8s-midi, Vladimir Poutine, \u00e9galement soup\u00e7onn\u00e9 d&rsquo;avoir une flotte fant\u00f4me \u00e0 sa disposition, a confirm\u00e9 son soutien au pr\u00e9sident v\u00e9n\u00e9zu\u00e9lien.<\/p>\n<p>La r\u00e9daction de TF1info | Reportage Antoine BOURDARIAS<\/p>\n","protected":false},"excerpt":{"rendered":"Un p\u00e9trolier a \u00e9t\u00e9 pris d&rsquo;assaut ce mercredi les armes \u00e0 la main, par les garde-c\u00f4tes am\u00e9ricains \u00e9paul\u00e9s&hellip;\n","protected":false},"author":2,"featured_media":594822,"comment_status":"","ping_status":"","sticky":false,"template":"","format":"standard","meta":{"footnotes":""},"categories":[1589],"tags":[1111,11,1921,5925,75,73,1866,1922,2952,2497,12,1864,1865,1863,308,337,133,1920],"class_list":{"0":"post-594821","1":"post","2":"type-post","3":"status-publish","4":"format-standard","5":"has-post-thumbnail","7":"category-etats-unis","8":"tag-actu","9":"tag-actualites","10":"tag-article-video","11":"tag-conflits-et-guerre","12":"tag-donald-trump","13":"tag-etats-unis","14":"tag-etats-unis-damerique","15":"tag-info","16":"tag-le-20h","17":"tag-le-second-mandat-de-donald-trump","18":"tag-news","19":"tag-united-states","20":"tag-united-states-of-america","21":"tag-us","22":"tag-usa","23":"tag-venezuela","24":"tag-video","25":"tag-video-international"},"share_on_mastodon":{"url":"https:\/\/pubeurope.com\/@fr\/115706349364514699","error":""},"_links":{"self":[{"href":"https:\/\/www.europesays.com\/fr\/wp-json\/wp\/v2\/posts\/594821","targetHints":{"allow":["GET"]}}],"collection":[{"href":"https:\/\/www.europesays.com\/fr\/wp-json\/wp\/v2\/posts"}],"about":[{"href":"https:\/\/www.europesays.com\/fr\/wp-json\/wp\/v2\/types\/post"}],"author":[{"embeddable":true,"href":"https:\/\/www.europesays.com\/fr\/wp-json\/wp\/v2\/users\/2"}],"replies":[{"embeddable":true,"href":"https:\/\/www.europesays.com\/fr\/wp-json\/wp\/v2\/comments?post=594821"}],"version-history":[{"count":0,"href":"https:\/\/www.europesays.com\/fr\/wp-json\/wp\/v2\/posts\/594821\/revisions"}],"wp:featuredmedia":[{"embeddable":true,"href":"https:\/\/www.europesays.com\/fr\/wp-json\/wp\/v2\/media\/594822"}],"wp:attachment":[{"href":"https:\/\/www.europesays.com\/fr\/wp-json\/wp\/v2\/media?parent=594821"}],"wp:term":[{"taxonomy":"category","embeddable":true,"href":"https:\/\/www.europesays.com\/fr\/wp-json\/wp\/v2\/categories?post=594821"},{"taxonomy":"post_tag","embeddable":true,"href":"https:\/\/www.europesays.com\/fr\/wp-json\/wp\/v2\/tags?post=594821"}],"curies":[{"name":"wp","href":"https:\/\/api.w.org\/{rel}","templated":true}]}}