{"id":594825,"date":"2025-12-12T11:26:18","date_gmt":"2025-12-12T11:26:18","guid":{"rendered":"https:\/\/www.europesays.com\/fr\/594825\/"},"modified":"2025-12-12T11:26:18","modified_gmt":"2025-12-12T11:26:18","slug":"allemagne-lexplosion-controlee-dune-bombe-de-la-seconde-guerre-mondiale-tourne-mal","status":"publish","type":"post","link":"https:\/\/www.europesays.com\/fr\/594825\/","title":{"rendered":"Allemagne. L&rsquo;explosion contr\u00f4l\u00e9e d&rsquo;une bombe de la Seconde Guerre mondiale tourne mal"},"content":{"rendered":"<p>Ce type de d\u00e9couvertes est fr\u00e9quent en Allemagne et les services de d\u00e9minage sont rompus \u00e0 la t\u00e2che. Mais cette fois, l&rsquo;op\u00e9ration ne s&rsquo;est pas d\u00e9roul\u00e9e comme pr\u00e9vu. A Hanau, une ville de 100 000 habitants du Land de Hesse, jeudi \u00e0 midi, l&rsquo;explosion contr\u00f4l\u00e9e d&rsquo;une bombe de la Deuxi\u00e8me Guerre mondiale a mal tourn\u00e9. Le souffle de l&rsquo;explosion a \u00e9t\u00e9 beaucoup plus violent que ce qu&rsquo;avaient estim\u00e9 les d\u00e9mineurs. L&rsquo;enceinte de protection am\u00e9nag\u00e9e autour de l&rsquo;engin avec des containers maritimes a \u00e9t\u00e9 pulv\u00e9ris\u00e9e.<\/p>\n<p>Personne n&rsquo;a \u00e9t\u00e9 bless\u00e9 mais 28 logements situ\u00e9s aux alentours ont subi des d\u00e9g\u00e2ts. 58 habitants sont concern\u00e9s. Selon un communiqu\u00e9 de la Ville de Hanau diffus\u00e9 ce vendredi matin, un logement est inhabitable.<\/p>\n<p>Une bombe de 250 kilos<\/p>\n<p>Cette bombe de 250 kilos, de fabrication allemande, avait \u00e9t\u00e9 mise au jour mardi. 4500 personnes avaient \u00e9t\u00e9 \u00e9vacu\u00e9es dans un rayon de 1000 m\u00e8tres autour de l&rsquo;engin. Selon les autorit\u00e9s, les d\u00e9mineurs ont cru \u00e0 une bombe au phosphore. Mais en fait, il s&rsquo;agissait d&rsquo;un engin dit thermique qui contenait un carburant explosif provoquant un fort effet de souffle.<\/p>\n<p>Fin 1944 et d\u00e9but 1945, les villes allemandes avaient \u00e9t\u00e9 la cible de bombardements massifs par les alli\u00e9s. Le plus tristement c\u00e9l\u00e8bre reste celui de Dresde en f\u00e9vrier 1945 qui an\u00e9antit par le feu une des plus belles villes d&rsquo;Allemagne.<\/p>\n","protected":false},"excerpt":{"rendered":"Ce type de d\u00e9couvertes est fr\u00e9quent en Allemagne et les services de d\u00e9minage sont rompus \u00e0 la t\u00e2che.&hellip;\n","protected":false},"author":2,"featured_media":594826,"comment_status":"","ping_status":"","sticky":false,"template":"","format":"standard","meta":{"footnotes":""},"categories":[1587],"tags":[11,672,1804,1805,1803,1777,674,274,107,329,1801,12,1802,1806],"class_list":{"0":"post-594825","1":"post","2":"type-post","3":"status-publish","4":"format-standard","5":"has-post-thumbnail","7":"category-allemagne","8":"tag-actualites","9":"tag-allemagne","10":"tag-bundesrepublik-deutschland","11":"tag-de","12":"tag-deutschland","13":"tag-eu","14":"tag-europe","15":"tag-faits-divers-justice","16":"tag-fil-info","17":"tag-france-monde","18":"tag-germany","19":"tag-news","20":"tag-republique-federale-dallemagne","21":"tag-rheinblick"},"share_on_mastodon":{"url":"https:\/\/pubeurope.com\/@fr\/115706356481286527","error":""},"_links":{"self":[{"href":"https:\/\/www.europesays.com\/fr\/wp-json\/wp\/v2\/posts\/594825","targetHints":{"allow":["GET"]}}],"collection":[{"href":"https:\/\/www.europesays.com\/fr\/wp-json\/wp\/v2\/posts"}],"about":[{"href":"https:\/\/www.europesays.com\/fr\/wp-json\/wp\/v2\/types\/post"}],"author":[{"embeddable":true,"href":"https:\/\/www.europesays.com\/fr\/wp-json\/wp\/v2\/users\/2"}],"replies":[{"embeddable":true,"href":"https:\/\/www.europesays.com\/fr\/wp-json\/wp\/v2\/comments?post=594825"}],"version-history":[{"count":0,"href":"https:\/\/www.europesays.com\/fr\/wp-json\/wp\/v2\/posts\/594825\/revisions"}],"wp:featuredmedia":[{"embeddable":true,"href":"https:\/\/www.europesays.com\/fr\/wp-json\/wp\/v2\/media\/594826"}],"wp:attachment":[{"href":"https:\/\/www.europesays.com\/fr\/wp-json\/wp\/v2\/media?parent=594825"}],"wp:term":[{"taxonomy":"category","embeddable":true,"href":"https:\/\/www.europesays.com\/fr\/wp-json\/wp\/v2\/categories?post=594825"},{"taxonomy":"post_tag","embeddable":true,"href":"https:\/\/www.europesays.com\/fr\/wp-json\/wp\/v2\/tags?post=594825"}],"curies":[{"name":"wp","href":"https:\/\/api.w.org\/{rel}","templated":true}]}}