{"id":594829,"date":"2025-12-12T11:28:16","date_gmt":"2025-12-12T11:28:16","guid":{"rendered":"https:\/\/www.europesays.com\/fr\/594829\/"},"modified":"2025-12-12T11:28:16","modified_gmt":"2025-12-12T11:28:16","slug":"aux-urnes-citoyens-deurope","status":"publish","type":"post","link":"https:\/\/www.europesays.com\/fr\/594829\/","title":{"rendered":"Aux urnes, citoyens d\u2019Europe !"},"content":{"rendered":"<p>P\u00e9rils climatiques et environnementaux, instabilit\u00e9 de notre voisinage et du monde, mont\u00e9e en puissance \u00e9conomique et strat\u00e9gique de la Chine, soutien \u00e0 la croissance et \u00e0 la comp\u00e9titivit\u00e9, renforcement de la coh\u00e9sion sociale et lutte contre l\u2019\u00e9vasion fiscale, promotion de l\u2019Etat de droit et de nos valeurs communes, repli d\u00e9mographique et d\u00e9sordres migratoires, agressivit\u00e9 et ing\u00e9rences de la Russie, raidissement et impr\u00e9visibilit\u00e9 des USA, terrorisme islamiste, \u00ab Brexit \u00bb programm\u00e9 puis retard\u00e9\u2026<\/p>\n<p>La liste des d\u00e9fis que les Europ\u00e9ens doivent relever ensemble n\u2019a jamais \u00e9t\u00e9 aussi impressionnante : elle doit inciter nos compatriotes \u00e0 se saisir des \u00e9lections europ\u00e9ennes qui se d\u00e9rouleront le 26 mai prochain* pour d\u00e9signer ceux qui nous repr\u00e9senteront au Parlement europ\u00e9en lors d\u2019une p\u00e9riode cruciale pour l\u2019avenir de notre pays et de l\u2019Union europ\u00e9enne.<\/p>\n<p>L\u2019 Union Europ\u00e9enne n\u2019est certes pas parfaite et elle n\u2019est pas simple \u00e0 appr\u00e9hender puisque sa construction et ses politiques r\u00e9sultent de compromis entre pays et forces politiques \u00ab unis dans la diversit\u00e9 \u00bb. Mais voil\u00e0 une raison de plus de d\u00e9poser dans l\u2019urne un bulletin de vote afin de peser dans les rapports de force qui d\u00e9termineront la nature et le contenu des d\u00e9cisions prises \u00e0 Strasbourg et \u00e0 Bruxelles !<\/p>\n<p>\u00ab L\u2019Europe \u00bb ne peut naturellement pas tout, elle n\u2019est pas responsable de toutes nos r\u00e9ussites et de tous nos malheurs. Ses comp\u00e9tences et interventions sont inexistantes ou limit\u00e9es dans nombre des domaines qui ont \u00e9t\u00e9 au c\u0153ur de notre \u00ab grand d\u00e9bat national \u00bb comme la fiscalit\u00e9 directe, la protection sociale, la nature et le fonctionnement de nos institutions, l\u2019organisation de notre syst\u00e8me \u00e9ducatif, le logement\u2026<\/p>\n<p>Les principales \u00ab r\u00e9alisations concr\u00e8tes \u00bb que la construction europ\u00e9enne a rendu possibles r\u00e9conciliation historique et d\u00e9mocratique, o\u00f9 l\u2019on r\u00e8gle pacifiquement ses diff\u00e9rends ; un espace de libre circulation in\u00e9dit et globalement b\u00e9n\u00e9fique pour nos \u00e9conomies et nos citoyens ; un acteur \u00e9conomique influent dans le monde gr\u00e2ce \u00e0 sa politique commerciale et \u00e0 sa politique de concurrence ; une union mon\u00e9taire qui prot\u00e8ge de la sp\u00e9culation mondiale et des d\u00e9valuations comp\u00e9titives\u2026<\/p>\n<p>Aimer l\u2019Europe, c\u2019est donc d\u2019abord appeler \u00e0 consolider les fondations de l\u2019UE, \u00e0 l\u2019heure o\u00f9 des partis nationalistes tentent de former une improbable \u00ab internationale \u00bb afin de leur porter atteinte. Aimer l\u2019Europe, c\u2019est \u00e9galement exiger qu\u2019elle soit plus ambitieuse afin de relever les d\u00e9fis d\u2019un monde en transition, et ne pas laisser le monopole de sa critique aux extr\u00e9mistes.<\/p>\n<p>L\u2019UE est unique, elle est pr\u00e9cieuse pour l\u2019avenir de notre continent et de notre plan\u00e8te . Il nous appartient de la fa\u00e7onner et de la transformer.<\/p>\n<p>C\u2019est comme citoyens de France et d\u2019Europe que nous sommes invit\u00e9s \u00e0 voter, alors  :  alors \u00ab Aux urnes \u00bb citoyens !<\/p>\n<p><strong>NicePremium est un m\u00e9dia local ind\u00e9pendant et gratuit.<\/strong><br \/>Pour nous aider \u00e0 continuer, vous pouvez soutenir notre travail \u00e0 partir de 5 \u20ac par mois.<\/p>\n<p><a class=\"np-soutien-btn\" href=\"https:\/\/www.nicepremium.fr\/faire-un-don\/\" target=\"_blank\" rel=\"noopener\">Soutenir NicePremium<\/a><\/p>\n","protected":false},"excerpt":{"rendered":"P\u00e9rils climatiques et environnementaux, instabilit\u00e9 de notre voisinage et du monde, mont\u00e9e en puissance \u00e9conomique et strat\u00e9gique de&hellip;\n","protected":false},"author":2,"featured_media":594830,"comment_status":"","ping_status":"","sticky":false,"template":"","format":"standard","meta":{"footnotes":""},"categories":[1586],"tags":[11,1777,674,1779,1011,27,12,25,1778,364],"class_list":{"0":"post-594829","1":"post","2":"type-post","3":"status-publish","4":"format-standard","5":"has-post-thumbnail","7":"category-europe","8":"tag-actualites","9":"tag-eu","10":"tag-europe","11":"tag-european-union","12":"tag-fr","13":"tag-france","14":"tag-news","15":"tag-republique-francaise","16":"tag-ue","17":"tag-union-europeenne"},"share_on_mastodon":{"url":"https:\/\/pubeurope.com\/@fr\/115706364236135208","error":""},"_links":{"self":[{"href":"https:\/\/www.europesays.com\/fr\/wp-json\/wp\/v2\/posts\/594829","targetHints":{"allow":["GET"]}}],"collection":[{"href":"https:\/\/www.europesays.com\/fr\/wp-json\/wp\/v2\/posts"}],"about":[{"href":"https:\/\/www.europesays.com\/fr\/wp-json\/wp\/v2\/types\/post"}],"author":[{"embeddable":true,"href":"https:\/\/www.europesays.com\/fr\/wp-json\/wp\/v2\/users\/2"}],"replies":[{"embeddable":true,"href":"https:\/\/www.europesays.com\/fr\/wp-json\/wp\/v2\/comments?post=594829"}],"version-history":[{"count":0,"href":"https:\/\/www.europesays.com\/fr\/wp-json\/wp\/v2\/posts\/594829\/revisions"}],"wp:featuredmedia":[{"embeddable":true,"href":"https:\/\/www.europesays.com\/fr\/wp-json\/wp\/v2\/media\/594830"}],"wp:attachment":[{"href":"https:\/\/www.europesays.com\/fr\/wp-json\/wp\/v2\/media?parent=594829"}],"wp:term":[{"taxonomy":"category","embeddable":true,"href":"https:\/\/www.europesays.com\/fr\/wp-json\/wp\/v2\/categories?post=594829"},{"taxonomy":"post_tag","embeddable":true,"href":"https:\/\/www.europesays.com\/fr\/wp-json\/wp\/v2\/tags?post=594829"}],"curies":[{"name":"wp","href":"https:\/\/api.w.org\/{rel}","templated":true}]}}