{"id":594856,"date":"2025-12-12T11:49:16","date_gmt":"2025-12-12T11:49:16","guid":{"rendered":"https:\/\/www.europesays.com\/fr\/594856\/"},"modified":"2025-12-12T11:49:16","modified_gmt":"2025-12-12T11:49:16","slug":"coupe-du-monde-un-mois-apres-sa-suspension-pourquoi-le-retour-de-julia-simon-sur-le-sprint-dhochfilzen-sera-scrute","status":"publish","type":"post","link":"https:\/\/www.europesays.com\/fr\/594856\/","title":{"rendered":"Coupe du monde. Un mois apr\u00e8s sa suspension, pourquoi le retour de Julia Simon sur le sprint d&rsquo;Hochfilzen sera scrut\u00e9"},"content":{"rendered":"<p>Tous les regards seront tourn\u00e9s sur elle. \u00c0 14h44, nul doute que le r\u00e9alisateur aux commandes des images pour la t\u00e9l\u00e9vision braquera ses cam\u00e9ras sur le d\u00e9part de <a href=\"https:\/\/www.ledauphine.com\/p\/julia-simon\" target=\"_blank\" rel=\"noopener\">Julia Simon<\/a>. Son premier depuis <strong><a href=\"https:\/\/www.ledauphine.com\/sport\/2025\/10\/24\/des-aveux-et-une-condamnation-pour-escroquerie-recit-d-une-journee-qui-a-fait-basculer-la-carriere-de-la-star-du-biathlon-julia-simon\" target=\"_blank\" rel=\"noopener\">sa <\/a><a href=\"https:\/\/www.ledauphine.com\/sport\/2025\/10\/24\/des-aveux-et-une-condamnation-pour-escroquerie-recit-d-une-journee-qui-a-fait-basculer-la-carriere-de-la-star-du-biathlon-julia-simon\" target=\"_blank\" rel=\"noopener\">condamnation pour vol et escroquerie<\/a><\/strong> le 24\u00a0octobre 2025 par le tribunal d\u2019Albertville, puis <strong><a href=\"https:\/\/www.ledauphine.com\/skichrono\/2025\/11\/07\/affaire-julia-simon-une-suspension-une-amende-et-plusieurs-questions\" target=\"_blank\" rel=\"noopener\">sa suspension de six mois (dont cinq avec sursis)<\/a><\/strong> par la F\u00e9d\u00e9ration fran\u00e7aise de ski le 7\u00a0novembre.<\/p>\n<p>Absente \u00e0 \u00d6stersund, la biathl\u00e8te la plus titr\u00e9e de l\u2019histoire de l\u2019\u00e9quipe de France, vainqueure du gros globe en 2023, va disputer sa premi\u00e8re course depuis le 19\u00a0octobre et le Loop One Festival \u00e0 Munich. Pendant toute cette p\u00e9riode elle s\u2019est entra\u00een\u00e9e de son c\u00f4t\u00e9, aux Saisies, loin de ses co\u00e9quipi\u00e8res et de ses entra\u00eeneurs d\u2019abord r\u00e9unis <strong><a href=\"https:\/\/www.ledauphine.com\/skichrono\/2025\/11\/17\/selections-a-bessans-qui-pour-accompagner-camille-bened-a-ostersund-a-l-issue-du-deuxieme-sprint\" target=\"_blank\" rel=\"noopener\">en stage \u00e0 Bessans<\/a><\/strong> puis partis en Su\u00e8de pour le coup d\u2019envoi de la Coupe du monde.<\/p>\n<p>Ce contenu est bloqu\u00e9 car vous n&rsquo;avez pas accept\u00e9 les cookies et autres traceurs.<\/p>\n<p>En cliquant sur \u00ab J\u2019accepte \u00bb, les cookies et autres traceurs seront d\u00e9pos\u00e9s et vous pourrez visualiser les contenus  (<a href=\"\" class=\"consentModule_policy\" target=\"_blank\" title=\"Consulter la politique de protection des donn\u00e9es du fournisseur\">plus d&rsquo;informations<\/a>).<\/p>\n<p>En cliquant sur \u00ab J\u2019accepte tous les cookies \u00bb, vous autorisez des d\u00e9p\u00f4ts de cookies et autres traceurs pour le stockage de vos donn\u00e9es sur nos sites et applications \u00e0 des fins de personnalisation et de ciblage publicitaire.<\/p>\n<p class=\"consentModule_secondaryText\">Vous gardez la possibilit\u00e9 de retirer votre consentement \u00e0 tout moment en consultant notre <a href=\"https:\/\/www.ledauphine.com\/protection-des-donnees\" target=\"_blank\" title=\"Consulter notre politique de protection des donn\u00e9es\" rel=\"noopener\">politique de protection des donn\u00e9es<\/a>. <br \/>&#13;<br \/>\n            <a href=\"https:\/\/www.ledauphine.com\/skichrono\/2025\/12\/12\/javascript:Didomi.notice.show()\" class=\"consentModule_cmp\" target=\"_blank\" rel=\"noopener\">G\u00e9rer mes choix<\/a>&#13;\n        <\/p>\n<p>&#13;<br \/>\n                        J&rsquo;accepte&#13;<br \/>\n            J&rsquo;accepte tous les cookies&#13;\n        <\/p>\n<p>  Elle a bien travaill\u00e9<\/p>\n<p>Un \u00e9loignement qui ne l\u2019a pas emp\u00each\u00e9 de garder le lien avec Cyril Burdet (pour la partie physique) et Jean-Paul Giachino (pour la partie tir). Pendant son mois de suspension, Julia Simon a suivi leur programme d\u2019entra\u00eenement comme elle en a l&rsquo;habitude lors de la pr\u00e9paration estivale hors rassemblement. La Savoyarde aurait \u00e9t\u00e9 une \u00e9l\u00e8ve studieuse et appliqu\u00e9e pendant cette p\u00e9riode, au point que le staff est \u00ab\u00a0curieux\u00a0\u00bb de voir son niveau de performance cette fin de semaine. La partie du tir a peut-\u00eatre n\u00e9cessit\u00e9 quelques ajustements, mais Simon et Giachino ont eu deux entra\u00eenements <strong><a href=\"https:\/\/www.ledauphine.com\/skichrono\/2025\/12\/10\/retour-de-julia-simon-luttes-pour-le-dossard-jaune-ce-qu-il-faut-savoir-avant-hochfilzen#PlugCommentsList2\" target=\"_blank\" rel=\"noopener\">pour reprendre les bons r\u00e9glages \u00e0 Hochfilzen<\/a><\/strong>, mercredi et jeudi.<\/p>\n<p>En r\u00e9int\u00e9grant l\u2019\u00e9quipe de France de biathlon, Julia Simon a \u00e9galement retrouv\u00e9 ses co\u00e9quipi\u00e8res. Notamment Justine Braisaz-Bouchet, une de ses deux accusatrices au tribunal. Interrog\u00e9e sur cette affaire par nos confr\u00e8res de <strong><a href=\"https:\/\/www.fondoitalia.it\/2025\/11\/30\/biathlon-braisaz-bouchet-sulla-questione-simon-importante-essere-aperti-e-su-vittozzi\/\" target=\"_blank\" rel=\"noopener\">Fondo Italia<\/a><\/strong> \u00e0 \u00d6stersund, cette derni\u00e8re leur avait expliqu\u00e9\u00a0: \u00ab\u00a0Je respecte l\u2019athl\u00e8te. Au sein de l\u2019\u00e9quipe, tout le monde est concentr\u00e9 sur l\u2019hiver qui d\u00e9bute. L\u2019ambiance n\u2019a pas vraiment chang\u00e9 par rapport \u00e0 l\u2019an dernier, elle est tourn\u00e9e vers le sport et tout le monde essaye de faire de son mieux pour avoir un \u00e9tat d\u2019esprit positif. \u00bb<\/p>\n<p class=\"note\">Le programme du jour <br \/>Sprint hommes \u00e0 11h25, dames \u00e0 14h15<\/p>\n","protected":false},"excerpt":{"rendered":"Tous les regards seront tourn\u00e9s sur elle. \u00c0 14h44, nul doute que le r\u00e9alisateur aux commandes des images&hellip;\n","protected":false},"author":2,"featured_media":594857,"comment_status":"","ping_status":"","sticky":false,"template":"","format":"standard","meta":{"footnotes":""},"categories":[9],"tags":[13989,4130,451,7003,1701,1011,27,70774,14277,5508,14279,517,60,9589],"class_list":{"0":"post-594856","1":"post","2":"type-post","3":"status-publish","4":"format-standard","5":"has-post-thumbnail","7":"category-sports","8":"tag-autriche","9":"tag-biathlon","10":"tag-coupe-du-monde","11":"tag-edition-tarentaise-maurienne","12":"tag-fil-info-sport","13":"tag-fr","14":"tag-france","15":"tag-hauteluce","16":"tag-les-saisies","17":"tag-savoie","18":"tag-skichrono","19":"tag-sport","20":"tag-sports","21":"tag-sports-dhiver"},"share_on_mastodon":{"url":"https:\/\/pubeurope.com\/@fr\/115706446982384671","error":""},"_links":{"self":[{"href":"https:\/\/www.europesays.com\/fr\/wp-json\/wp\/v2\/posts\/594856","targetHints":{"allow":["GET"]}}],"collection":[{"href":"https:\/\/www.europesays.com\/fr\/wp-json\/wp\/v2\/posts"}],"about":[{"href":"https:\/\/www.europesays.com\/fr\/wp-json\/wp\/v2\/types\/post"}],"author":[{"embeddable":true,"href":"https:\/\/www.europesays.com\/fr\/wp-json\/wp\/v2\/users\/2"}],"replies":[{"embeddable":true,"href":"https:\/\/www.europesays.com\/fr\/wp-json\/wp\/v2\/comments?post=594856"}],"version-history":[{"count":0,"href":"https:\/\/www.europesays.com\/fr\/wp-json\/wp\/v2\/posts\/594856\/revisions"}],"wp:featuredmedia":[{"embeddable":true,"href":"https:\/\/www.europesays.com\/fr\/wp-json\/wp\/v2\/media\/594857"}],"wp:attachment":[{"href":"https:\/\/www.europesays.com\/fr\/wp-json\/wp\/v2\/media?parent=594856"}],"wp:term":[{"taxonomy":"category","embeddable":true,"href":"https:\/\/www.europesays.com\/fr\/wp-json\/wp\/v2\/categories?post=594856"},{"taxonomy":"post_tag","embeddable":true,"href":"https:\/\/www.europesays.com\/fr\/wp-json\/wp\/v2\/tags?post=594856"}],"curies":[{"name":"wp","href":"https:\/\/api.w.org\/{rel}","templated":true}]}}