{"id":594864,"date":"2025-12-12T11:54:13","date_gmt":"2025-12-12T11:54:13","guid":{"rendered":"https:\/\/www.europesays.com\/fr\/594864\/"},"modified":"2025-12-12T11:54:13","modified_gmt":"2025-12-12T11:54:13","slug":"kiev-revendique-la-reconquete-de-deux-localites-dans-loblast-de-kharkiv","status":"publish","type":"post","link":"https:\/\/www.europesays.com\/fr\/594864\/","title":{"rendered":"Kiev revendique la reconqu\u00eate de deux localit\u00e9s dans l\u2019oblast de Kharkiv"},"content":{"rendered":"<p>   L\u2019arm\u00e9e de Kiev a recens\u00e9 174\u00a0combats entre Ukrainiens et Russes, hier                        <\/p>\n<p class=\"post__live-container--answer-text post__space-node\">La r\u00e9gion de Pokrovsk (<a href=\"https:\/\/deepstatemap.live\/en\/#dl!coords!48.27406023444652,37.17498779296876\" target=\"_blank\" rel=\"noopener\" title=\"Nouvelle fen\u00eatre\">\ud83d\udccd<\/a>), dans l\u2019oblast de Donetsk, dans l\u2019est du pays, a \u00e9t\u00e9 particuli\u00e8rement cibl\u00e9e, comme tous les jours depuis plusieurs mois. Pr\u00e8s d\u2019un tiers des combats ont eu lieu dans cette zone avec 49\u00a0assauts russes, selon l\u2019arm\u00e9e ukrainienne.<\/p>\n<p class=\"post__live-container--answer-text post__space-node\">L\u2019\u00e9tat-major ukrainien rapporte \u00e9galement avoir subi 145\u00a0bombardements et six assauts russes sur le front nord, au nord de Soumy (<a href=\"https:\/\/deepstatemap.live\/en\/#dl!coords!50.900906770113004,34.79370117187501\" target=\"_blank\" rel=\"noopener\" title=\"Nouvelle fen\u00eatre\">\ud83d\udccd<\/a>). Sur un autre front plus au sud, au nord-est de Kharkiv (<a href=\"https:\/\/deepstatemap.live\/en\/#dl!coords!49.98721714148614,36.26449584960938\" target=\"_blank\" rel=\"noopener\" title=\"Nouvelle fen\u00eatre\">\ud83d\udccd<\/a>), les forces ukrainiennes ont recens\u00e9 cinq tentatives d\u2019avanc\u00e9es russes.<\/p>\n<p class=\"post__live-container--answer-text post__space-node\">A la fronti\u00e8re entre l\u2019oblast de Donetsk et l\u2019oblast de Dnipropetrovsk, l\u2019\u00e9tat-major de l\u2019arm\u00e9e ukrainienne assure que l\u2019arm\u00e9e russe a essay\u00e9 d\u2019avancer \u00e0 26\u00a0reprises, dans plusieurs localit\u00e9s en direction d\u2019Oleksandrivka (<a href=\"https:\/\/deepstatemap.live\/en\/#dl!coords!47.96497870166889,36.23153686523438\" target=\"_blank\" rel=\"noopener\" title=\"Nouvelle fen\u00eatre\">\ud83d\udccd<\/a>).<\/p>\n<p class=\"post__live-container--answer-text post__space-node\">Dans le Sud, les Ukrainiens disent avoir fait face \u00e0 13\u00a0attaques russes en direction de Houlia\u00efpole (\ud83d\udccd) et 16 autres en direction d\u2019Orikhiv (<a href=\"https:\/\/deepstatemap.live\/#10\/47.5927357\/35.9596252\" target=\"_blank\" rel=\"noopener\" title=\"Nouvelle fen\u00eatre\">\ud83d\udccd<\/a>), ainsi qu\u2019une autre, repouss\u00e9e, en direction de Prydniprovske (<a href=\"https:\/\/deepstatemap.live\/en\/#dl!coords!46.678159910175054,32.790756225585945\" target=\"_blank\" rel=\"noopener\" title=\"Nouvelle fen\u00eatre\">\ud83d\udccd<\/a>).<\/p>\n","protected":false},"excerpt":{"rendered":"L\u2019arm\u00e9e de Kiev a recens\u00e9 174\u00a0combats entre Ukrainiens et Russes, hier La r\u00e9gion de Pokrovsk (\ud83d\udccd), dans l\u2019oblast&hellip;\n","protected":false},"author":2,"featured_media":594865,"comment_status":"","ping_status":"","sticky":false,"template":"","format":"standard","meta":{"footnotes":""},"categories":[5],"tags":[11,1011,27,14,12,28],"class_list":{"0":"post-594864","1":"post","2":"type-post","3":"status-publish","4":"format-standard","5":"has-post-thumbnail","7":"category-international","8":"tag-actualites","9":"tag-fr","10":"tag-france","11":"tag-international","12":"tag-news","13":"tag-world"},"share_on_mastodon":{"url":"https:\/\/pubeurope.com\/@fr\/115706466449590618","error":""},"_links":{"self":[{"href":"https:\/\/www.europesays.com\/fr\/wp-json\/wp\/v2\/posts\/594864","targetHints":{"allow":["GET"]}}],"collection":[{"href":"https:\/\/www.europesays.com\/fr\/wp-json\/wp\/v2\/posts"}],"about":[{"href":"https:\/\/www.europesays.com\/fr\/wp-json\/wp\/v2\/types\/post"}],"author":[{"embeddable":true,"href":"https:\/\/www.europesays.com\/fr\/wp-json\/wp\/v2\/users\/2"}],"replies":[{"embeddable":true,"href":"https:\/\/www.europesays.com\/fr\/wp-json\/wp\/v2\/comments?post=594864"}],"version-history":[{"count":0,"href":"https:\/\/www.europesays.com\/fr\/wp-json\/wp\/v2\/posts\/594864\/revisions"}],"wp:featuredmedia":[{"embeddable":true,"href":"https:\/\/www.europesays.com\/fr\/wp-json\/wp\/v2\/media\/594865"}],"wp:attachment":[{"href":"https:\/\/www.europesays.com\/fr\/wp-json\/wp\/v2\/media?parent=594864"}],"wp:term":[{"taxonomy":"category","embeddable":true,"href":"https:\/\/www.europesays.com\/fr\/wp-json\/wp\/v2\/categories?post=594864"},{"taxonomy":"post_tag","embeddable":true,"href":"https:\/\/www.europesays.com\/fr\/wp-json\/wp\/v2\/tags?post=594864"}],"curies":[{"name":"wp","href":"https:\/\/api.w.org\/{rel}","templated":true}]}}