{"id":594866,"date":"2025-12-12T11:55:12","date_gmt":"2025-12-12T11:55:12","guid":{"rendered":"https:\/\/www.europesays.com\/fr\/594866\/"},"modified":"2025-12-12T11:55:12","modified_gmt":"2025-12-12T11:55:12","slug":"frederic-pechier-le-coup-de-theatre-pour-lanesthesiste-la-question-financiere","status":"publish","type":"post","link":"https:\/\/www.europesays.com\/fr\/594866\/","title":{"rendered":"Fr\u00e9d\u00e9ric P\u00e9chier : le coup de th\u00e9\u00e2tre pour l\u2019anesth\u00e9siste, \u00ab\u00a0la question financi\u00e8re\u2026\u00a0\u00bb"},"content":{"rendered":"<p>Le <a href=\"https:\/\/www.closermag.fr\/vecu\/cest-deja-pas-mal-12-morts-echange-crispe-en-direct-marc-olivier-fogiel-bouscule-frederic-pechier-juste-avant-son-proces-3576397\" target=\"_blank\" rel=\"noopener\"><br \/>\nproc\u00e8s de Fr\u00e9d\u00e9ric P\u00e9chier<\/a> touche \u00e0 sa fin. \u00c0 l\u2019issue de quatre<br \/>\nmois d\u2019audience devant la cour d\u2019assises du Doubs, le minist\u00e8re<br \/>\npublic a d\u00e9but\u00e9, ce jeudi 11 d\u00e9cembre, son r\u00e9quisitoire visant \u00e0<br \/>\nd\u00e9montrer la culpabilit\u00e9 de l\u2019anesth\u00e9siste de 53 ans, jug\u00e9 depuis<br \/>\nle 8 septembre pour <strong>l&#8217;empoisonnement volontaire de 30<br \/>\npatients, dont 12 mortellement,<\/strong> entre 2008 et 2017 \u00e0<br \/>\n<a href=\"https:\/\/www.closermag.fr\/vecu\/besancon-elle-se-fait-virer-a-cause-dun-emoji-puis-retourne-la-situation-a-son-avantage-3487988\" target=\"_blank\" rel=\"noopener\"><br \/>\nBesan\u00e7on<\/a>.<\/p>\n<p><strong>Le verdict est attendu le 19 d\u00e9cembre prochain<\/strong><br \/>\net viendra mettre un point final \u00e0 un proc\u00e8s riche en<br \/>\nrebondissements, dont le premier s\u2019\u00e9tait produit d\u00e8s la premi\u00e8re<br \/>\nsemaine d\u2019audience. D\u00e8s le mardi 16 septembre, <strong>Lee<br \/>\nTakhedmit<\/strong>, l\u2019un des avocats de Fr\u00e9d\u00e9ric P\u00e9chier, avait<br \/>\nplong\u00e9 le tribunal dans la sid\u00e9ration en <strong>annon\u00e7ant son<br \/>\n\u00ab\u00a0retrait\u00a0\u00bb de la d\u00e9fense<\/strong> de l\u2019anesth\u00e9siste.<\/p>\n<p>Ce d\u00e9part choc qui avait compromis le proc\u00e8s<\/p>\n<p><strong>\u00ab\u00a0Mon d\u00e9part est li\u00e9 \u00e0 des divergences de<br \/>\nvue<\/strong> sur la conduite de l\u2019audience devant la cour<br \/>\nd\u2019assises, qui justifient que l\u2019avocat historique du docteur<br \/>\nP\u00e9chier [Randall Schwerdorffer] reprenne la main seul\u00a0\u00bb, avait<br \/>\nalors \u00e9crit le magistrat \u00e0 <a href=\"https:\/\/www.franceinfo.fr\/faits-divers\/affaire-frederic-pechier\/proces-pechier-l-un-des-avocats-de-l-anesthesiste-quitte-sa-defense-en-raison-de-divergences-de-vue-sur-la-conduite-de-l-audience_7495543.html\" rel=\"nofollow noopener\" target=\"_blank\">franceinfo<\/a>, pr\u00e9cisant que \u00ab\u00a0la question<br \/>\nfinanci\u00e8re\u00a0\u00bb n\u2019\u00e9tait pas \u00ab\u00a0au centre\u00a0\u00bb de sa d\u00e9cision,<br \/>\ncomme ce fut le cas pour Samuel Est\u00e8ve, qui avait annonc\u00e9 mi-ao\u00fbt<br \/>\nson propre d\u00e9part du dossier.<\/p>\n<p>Invit\u00e9 \u00e0 r\u00e9agir, l\u2019avocat historique de l\u2019anesth\u00e9siste,<br \/>\n<strong>Randall Schwerdorffer, avait \u00e9voqu\u00e9<\/strong><br \/>\n<strong>\u00ab\u00a0des difficult\u00e9s organisationnelles<\/strong> pour<br \/>\nsuivre ce dossier au jour le jour (&#8230;). C&rsquo;est un dossier tr\u00e8s<br \/>\nlourd \u00e0 g\u00e9rer. Il s&rsquo;est retrouv\u00e9 dans l&rsquo;impossibilit\u00e9 de suivre<br \/>\nconvenablement pour lui le proc\u00e8s au quotidien\u00a0\u00bb. Il avait<br \/>\ncertifi\u00e9 que le d\u00e9part de Me Takhedmit n\u2019\u00e9tait pas \u00ab\u00a0en lien<br \/>\ndirect\u00a0\u00bb avec sa r\u00e9mun\u00e9ration, mais reconnu que l\u2019argent \u00e9tait<br \/>\nbien un probl\u00e8me dans ce dossier. \u00ab\u00a0Je n&rsquo;ai pas les moyens<br \/>\nd&rsquo;avoir une \u00e9quipe autour de moi comme je voulais la construire, je<br \/>\nn&rsquo;ai pas le budget pour le faire. Je suis tout seul, si je tombe<br \/>\nmalade, le proc\u00e8s s&rsquo;arr\u00eatera.\u00a0\u00bb<\/p>\n<p>De quoi est accus\u00e9 Fr\u00e9d\u00e9ric<br \/>\nP\u00e9chier\u00a0?<\/p>\n<p>C\u2019est donc seul, mais \u00e9paul\u00e9 par la s\u0153ur de l&rsquo;accus\u00e9, Julie<br \/>\nP\u00e9chier, que Randall Schwerdorffer a men\u00e9 ce proc\u00e8s jusqu\u2019\u00e0 son<br \/>\nterme. Son client nie toujours l\u2019int\u00e9gralit\u00e9 des faits qui lui sont<br \/>\nreproch\u00e9s, pour lesquels il encourt la r\u00e9clusion criminelle \u00e0<br \/>\nperp\u00e9tuit\u00e9.<\/p>\n<p>Pour rappel, le quinquag\u00e9naire est accus\u00e9 d\u2019empoisonnement<br \/>\nvolontaire sur 30 de ses anciens patients, dont 12 mortellement. Il<br \/>\nest soup\u00e7onn\u00e9 d\u2019avoir d\u00e9lib\u00e9r\u00e9ment provoqu\u00e9 de graves complications<br \/>\nen empoisonnant les poches de perfusion d\u2019anesth\u00e9siques de patients<br \/>\nop\u00e9r\u00e9s, dans le but de se mettre en position d\u2019intervenir et<br \/>\nd\u2019appara\u00eetre comme sauveur.<\/p>\n","protected":false},"excerpt":{"rendered":"Le proc\u00e8s de Fr\u00e9d\u00e9ric P\u00e9chier touche \u00e0 sa fin. \u00c0 l\u2019issue de quatre mois d\u2019audience devant la cour&hellip;\n","protected":false},"author":2,"featured_media":594867,"comment_status":"","ping_status":"","sticky":false,"template":"","format":"standard","meta":{"footnotes":""},"categories":[4],"tags":[11,21303,1011,27,70202,12,25],"class_list":{"0":"post-594866","1":"post","2":"type-post","3":"status-publish","4":"format-standard","5":"has-post-thumbnail","7":"category-france","8":"tag-actualites","9":"tag-buzz_nonli","10":"tag-fr","11":"tag-france","12":"tag-marfeel_connexes","13":"tag-news","14":"tag-republique-francaise"},"share_on_mastodon":{"url":"https:\/\/pubeurope.com\/@fr\/115706470519732160","error":""},"_links":{"self":[{"href":"https:\/\/www.europesays.com\/fr\/wp-json\/wp\/v2\/posts\/594866","targetHints":{"allow":["GET"]}}],"collection":[{"href":"https:\/\/www.europesays.com\/fr\/wp-json\/wp\/v2\/posts"}],"about":[{"href":"https:\/\/www.europesays.com\/fr\/wp-json\/wp\/v2\/types\/post"}],"author":[{"embeddable":true,"href":"https:\/\/www.europesays.com\/fr\/wp-json\/wp\/v2\/users\/2"}],"replies":[{"embeddable":true,"href":"https:\/\/www.europesays.com\/fr\/wp-json\/wp\/v2\/comments?post=594866"}],"version-history":[{"count":0,"href":"https:\/\/www.europesays.com\/fr\/wp-json\/wp\/v2\/posts\/594866\/revisions"}],"wp:featuredmedia":[{"embeddable":true,"href":"https:\/\/www.europesays.com\/fr\/wp-json\/wp\/v2\/media\/594867"}],"wp:attachment":[{"href":"https:\/\/www.europesays.com\/fr\/wp-json\/wp\/v2\/media?parent=594866"}],"wp:term":[{"taxonomy":"category","embeddable":true,"href":"https:\/\/www.europesays.com\/fr\/wp-json\/wp\/v2\/categories?post=594866"},{"taxonomy":"post_tag","embeddable":true,"href":"https:\/\/www.europesays.com\/fr\/wp-json\/wp\/v2\/tags?post=594866"}],"curies":[{"name":"wp","href":"https:\/\/api.w.org\/{rel}","templated":true}]}}