{"id":594868,"date":"2025-12-12T11:56:12","date_gmt":"2025-12-12T11:56:12","guid":{"rendered":"https:\/\/www.europesays.com\/fr\/594868\/"},"modified":"2025-12-12T11:56:12","modified_gmt":"2025-12-12T11:56:12","slug":"qui-sont-les-personnes-interpellees-mercredi-pour-en-avoir-achete-et-que-risquent-elles-liberation","status":"publish","type":"post","link":"https:\/\/www.europesays.com\/fr\/594868\/","title":{"rendered":"qui sont les personnes interpell\u00e9es mercredi pour en avoir achet\u00e9 et que risquent-elles ? \u2013 Lib\u00e9ration"},"content":{"rendered":"<p class=\"sc-cPiKLX AiZTS text-element\">De 20 \u00e0 70 ans, \u00abune frange tr\u00e8s large en termes d\u2019\u00e2ge\u00bb. Des suspects de toutes cat\u00e9gories socioprofessionnelles et \u00abimplant\u00e9s sur l\u2019int\u00e9gralit\u00e9 du territoire national\u00bb. <a href=\"https:\/\/www.liberation.fr\/societe\/des-interpellations-de-detenteurs-de-poupees-sexuelles-aux-traits-enfantins-ont-lieu-partout-en-france-20251210_UZ5TUFLAKBGGZCQKDDPY25PGR4\/?redirected=1\" target=\"_blank\" rel=\"noreferrer noopener\" title=\"https:\/\/www.liberation.fr\/societe\/des-interpellations-de-detenteurs-de-poupees-sexuelles-aux-traits-enfantins-ont-lieu-partout-en-france-20251210_UZ5TUFLAKBGGZCQKDDPY25PGR4\/?redirected=1\">Apr\u00e8s les arrestations mercredi d\u2019une vingtaine d\u2019acheteurs<\/a> de <a href=\"https:\/\/www.liberation.fr\/checknews\/derriere-les-poupees-sexuelles-de-shein-les-meandres-dun-reseau-a-la-tracabilite-difficile-20251108_TV7PJVBHHBECXJSPGVNDMRYUAQ\/\" target=\"_blank\" rel=\"noreferrer noopener\" title=\"https:\/\/www.liberation.fr\/checknews\/derriere-les-poupees-sexuelles-de-shein-les-meandres-dun-reseau-a-la-tracabilite-difficile-20251108_TV7PJVBHHBECXJSPGVNDMRYUAQ\/\">poup\u00e9es p\u00e9dopornographiques<\/a> sur les plateformes Shein et AliExpress, la cheffe de l\u2019Ofmin \u2013 le service d\u2019enqu\u00eate charg\u00e9 de diligenter des proc\u00e9dures judiciaires pour lutter contre les violences faites aux mineurs \u2013 \u00e9tait l\u2019invit\u00e9e de France Info. Aur\u00e9lie Besan\u00e7on a soulign\u00e9 : \u00abil n\u2019y a pas de profil type\u00bb.<\/p>\n<p class=\"sc-cPiKLX AiZTS text-element\">Si elle avait indiqu\u00e9 jeudi \u00e0 l\u2019AFP que \u00absept [suspects, soit un tiers d\u2019entre eux] \u00e9taient connus pour des faits sur des mineurs\u00bb, la cheffe de l\u2019Ofmin a prolong\u00e9 ce vendredi sur la radio publique : \u00abCe qu\u2019on constate, c\u2019est que 40 % des internautes qui consultent du contenu p\u00e9docriminel, sous une forme ou sous une autre, sont pass\u00e9s ou vont passer prochainement \u00e0 l\u2019acte\u00bb.<\/p>\n<p class=\"sc-cPiKLX AiZTS text-element\">Dans cette affaire, plusieurs parquets ont d\u00e9j\u00e0 communiqu\u00e9. A Annecy (Haute-Savoie) par exemple, la procureure Lise Bonnet a indiqu\u00e9 jeudi qu\u2019un homme de 66 ans, n\u00e9 en 1959, et inconnu des services sera jug\u00e9 le 21 janvier par le tribunal correctionnel pour acquisition et d\u00e9tention de l\u2019image ou la repr\u00e9sentation d\u2019un mineur pr\u00e9sentant un caract\u00e8re p\u00e9dopornographique. Il a \u00e9t\u00e9 plac\u00e9 sous contr\u00f4le judiciaire en attendant le proc\u00e8s.<\/p>\n<p class=\"sc-cPiKLX AiZTS text-element\">Dans le ressort du tribunal de Cambrai (Nord), un homme de 27 ans a \u00e9t\u00e9 interpell\u00e9 et d\u00e9f\u00e9r\u00e9 jeudi, a de son c\u00f4t\u00e9 annonc\u00e9 la procureure Ingrid Gorgen. Dans son cas, la poup\u00e9e n\u2019a pas \u00e9t\u00e9 retrouv\u00e9e lors de la perquisition, mais les enqu\u00eateurs ont d\u00e9couvert des images p\u00e9dopornographiques g\u00e9n\u00e9r\u00e9es via l\u2019intelligence artificielle. L\u2019homme, \u00e9galement inconnu des services judiciaires, a \u00e9t\u00e9 plac\u00e9 sous contr\u00f4le judiciaire dans l\u2019attente de son proc\u00e8s pr\u00e9vu le 28 avril. Il a \u00e9t\u00e9 d\u00e9f\u00e9r\u00e9 des chefs d\u2019\u00abacquisition et de d\u00e9tention d\u2019images ou de repr\u00e9sentations d\u2019un mineur pr\u00e9sentant un caract\u00e8re pornographique\u00bb, a pr\u00e9cis\u00e9 la procureure.<\/p>\n<p class=\"sc-cPiKLX AiZTS text-element\">Selon <a href=\"https:\/\/www.ouest-france.fr\/societe\/faits-divers\/info-ouest-france-poupees-a-caractere-pedopornographique-un-homme-interpelle-dans-le-morbihan-7a801752-d5ec-11f0-8fa7-06f366a2f70b\" target=\"_blank\" rel=\"noreferrer noopener\" title=\"https:\/\/www.ouest-france.fr\/societe\/faits-divers\/info-ouest-france-poupees-a-caractere-pedopornographique-un-homme-interpelle-dans-le-morbihan-7a801752-d5ec-11f0-8fa7-06f366a2f70b\">Ouest France<\/a>, un quinquag\u00e9naire du Morbihan aurait reconnu en garde \u00e0 vue avoir acquis une poup\u00e9e sexuelle repr\u00e9sentant une mineure. Le suspect est \u00abd\u00e9favorablement connu des services de police et [\u2026] l\u2019objet a \u00e9t\u00e9 saisi par les policiers lors de la perquisition de son domicile\u00bb, pr\u00e9cisent nos confr\u00e8res.<\/p>\n<p class=\"sc-cPiKLX AiZTS text-element\">Dans la Ni\u00e8vre, le parquet de Nevers a annonc\u00e9 le placement en garde \u00e0 vue d\u2019un autre homme pour les m\u00eames faits, mais \u00abla perquisition n\u2019a pas permis de d\u00e9couvrir d\u2019objets dont la d\u00e9tention serait incrimin\u00e9e\u00bb. La garde \u00e0 vue a ensuite \u00e9t\u00e9 lev\u00e9e. Les parquets des lieux de r\u00e9sidence des suspects \u2013 Orl\u00e9ans, Mulhouse, Nice, Lorient, Verdun, Lille et Chamb\u00e9ry, entre autres \u2014 sont d\u00e9sormais saisis des enqu\u00eates pour l\u2019acquisition de poup\u00e9es sexuelles \u00e0 l\u2019allure enfantine.<\/p>\n<p class=\"sc-cPiKLX AiZTS text-element\">D\u00e9but novembre, la R\u00e9pression des fraudes (DGCCRF) avait signal\u00e9 \u00e0 la justice la commercialisation de poup\u00e9es sexuelles \u00e0 caract\u00e8re p\u00e9dopornographique par le g\u00e9ant de l\u2019e-commerce asiatique Shein. Le parquet de Paris avait ensuite ouvert quatre enqu\u00eates, confi\u00e9es \u00e0 l\u2019Ofmin, pour la vente de produits ill\u00e9gaux sur les plateformes Shein, AliExpress, Temu et Wish. Il reste aujourd\u2019hui charg\u00e9 des investigations \u00abrelatives aux plateformes et aux conditions dans lesquelles elles ont pu ne pas verrouiller l\u2019acc\u00e8s aux mineurs \u00e0 ces contenus ou diffuser des images ou repr\u00e9sentations de mineurs \u00e0 caract\u00e8re pornographique\u00bb, a-t-il indiqu\u00e9.<\/p>\n<p class=\"sc-cPiKLX AiZTS text-element\">Avec une soixantaine d\u2019enqu\u00eateurs et seize services de police territoriaux, \u00abnous avons mis en \u0153uvre l\u2019ensemble des moyens d\u2019investigation \u00e0 notre disposition\u00bb, dont \u00ables \u00e9changes avec les plateformes\u00bb, pour identifier les acheteurs, a relat\u00e9 Aur\u00e9lie Besan\u00e7on sur la radio publique. Pour la cheffe de l\u2019Ofmin, \u00abcette affaire permet de rappeler l\u2019ill\u00e9galit\u00e9 de ces produits, de leur vente et de leur acquisition. Ce sont des repr\u00e9sentations sexuelles d\u2019enfants, parfois tr\u00e8s jeunes, \u00e0 des fins sexuelles\u00bb. \u00abL\u2019argument que l\u2019on a pu entendre parfois de \u00abventes libres\u00bb par ces sites comme paravent \u00e0 la connaissance de cette ill\u00e9galit\u00e9 n\u2019est pas audible\u00bb, a consid\u00e9r\u00e9 la commissaire.<\/p>\n<p class=\"sc-cPiKLX AiZTS text-element\">D\u00e9but novembre, apr\u00e8s <a href=\"https:\/\/www.liberation.fr\/societe\/police-justice\/achat-dune-poupee-sexuelle-aux-traits-enfantins-quelles-sont-les-peines-encourues-par-les-acheteurs-20251105_2P3ONH4MXZHUBDVI5TKNXGOMAQ\/\" target=\"_blank\" rel=\"noreferrer noopener\" title=\"https:\/\/www.liberation.fr\/societe\/police-justice\/achat-dune-poupee-sexuelle-aux-traits-enfantins-quelles-sont-les-peines-encourues-par-les-acheteurs-20251105_2P3ONH4MXZHUBDVI5TKNXGOMAQ\/\">l\u2019interpellation dans les Bouches-du-Rh\u00f4ne d\u2019un homme de 56 ans<\/a> qui avait command\u00e9 une poup\u00e9e \u00e0 caract\u00e8re p\u00e9dopornographique, la Haute-Commissaire \u00e0 l\u2019Enfance Sarah El Ha\u00efry, avait rappel\u00e9 : \u00abD\u00e9tenir des objets p\u00e9docriminels, en l\u2019occurrence ces poup\u00e9es\u00bb, tombe sous le coup de \u00abl\u2019article 227 alin\u00e9a 23, car ce sont des repr\u00e9sentations d\u2019enfants\u00bb. Un d\u00e9lit est passible de cinq ans d\u2019emprisonnement et 75 000 euros d\u2019amende.<\/p>\n","protected":false},"excerpt":{"rendered":"De 20 \u00e0 70 ans, \u00abune frange tr\u00e8s large en termes d\u2019\u00e2ge\u00bb. Des suspects de toutes cat\u00e9gories socioprofessionnelles&hellip;\n","protected":false},"author":2,"featured_media":594869,"comment_status":"","ping_status":"","sticky":false,"template":"","format":"standard","meta":{"footnotes":""},"categories":[2],"tags":[11,1011,27,12,874],"class_list":{"0":"post-594868","1":"post","2":"type-post","3":"status-publish","4":"format-standard","5":"has-post-thumbnail","7":"category-actualites","8":"tag-actualites","9":"tag-fr","10":"tag-france","11":"tag-news","12":"tag-pedophilie"},"share_on_mastodon":{"url":"https:\/\/pubeurope.com\/@fr\/115706474349488774","error":""},"_links":{"self":[{"href":"https:\/\/www.europesays.com\/fr\/wp-json\/wp\/v2\/posts\/594868","targetHints":{"allow":["GET"]}}],"collection":[{"href":"https:\/\/www.europesays.com\/fr\/wp-json\/wp\/v2\/posts"}],"about":[{"href":"https:\/\/www.europesays.com\/fr\/wp-json\/wp\/v2\/types\/post"}],"author":[{"embeddable":true,"href":"https:\/\/www.europesays.com\/fr\/wp-json\/wp\/v2\/users\/2"}],"replies":[{"embeddable":true,"href":"https:\/\/www.europesays.com\/fr\/wp-json\/wp\/v2\/comments?post=594868"}],"version-history":[{"count":0,"href":"https:\/\/www.europesays.com\/fr\/wp-json\/wp\/v2\/posts\/594868\/revisions"}],"wp:featuredmedia":[{"embeddable":true,"href":"https:\/\/www.europesays.com\/fr\/wp-json\/wp\/v2\/media\/594869"}],"wp:attachment":[{"href":"https:\/\/www.europesays.com\/fr\/wp-json\/wp\/v2\/media?parent=594868"}],"wp:term":[{"taxonomy":"category","embeddable":true,"href":"https:\/\/www.europesays.com\/fr\/wp-json\/wp\/v2\/categories?post=594868"},{"taxonomy":"post_tag","embeddable":true,"href":"https:\/\/www.europesays.com\/fr\/wp-json\/wp\/v2\/tags?post=594868"}],"curies":[{"name":"wp","href":"https:\/\/api.w.org\/{rel}","templated":true}]}}