{"id":594870,"date":"2025-12-12T11:57:12","date_gmt":"2025-12-12T11:57:12","guid":{"rendered":"https:\/\/www.europesays.com\/fr\/594870\/"},"modified":"2025-12-12T11:57:12","modified_gmt":"2025-12-12T11:57:12","slug":"saint-etienne-eatfit-une-solution-de-restauration-saine-dans-le-quartier-de-terrenoire","status":"publish","type":"post","link":"https:\/\/www.europesays.com\/fr\/594870\/","title":{"rendered":"Saint-\u00c9tienne. Eat\u2019Fit, une solution de restauration saine dans le quartier de Terrenoire"},"content":{"rendered":"<p>L\u2019aventure dans laquelle se sont lanc\u00e9es Lola Moreton et son associ\u00e9e, Manon Almudever, est partie d\u2019un constat simple\u00a0: la zone du bassin de Janon, \u00e0 Terrenoire, ne disposait pas d\u2019offre de restauration saine, alors m\u00eame que de nombreuses entreprises sont install\u00e9es dans le secteur.<\/p>\n<p>Ainsi est n\u00e9e l\u2019id\u00e9e de cr\u00e9er Eat\u2019Fit\u00a0: l\u2019enseigne a ouvert ses portes voici deux mois, au 12 rue Fr\u00e9d\u00e9ric-Ba\u00eft. \u00ab\u00a0Avec Manon, on a la fibre entrepreneuriale et je pense qu\u2019on r\u00e9pond \u00e0 un v\u00e9ritable besoin ici\u00a0\u00bb, explique Lola Moreton.<\/p>\n<p>Dans un conteneur am\u00e9nag\u00e9, Eat\u2019Fit propose, pour la pause d\u00e9jeuner, des plats faits maison, sains, \u00e9quilibr\u00e9s, cuisin\u00e9s sur place dans un laboratoire ind\u00e9pendant et moderne.<\/p>\n<p>L\u2019entreprise met \u00e0 la carte un choix de formules \u00e0 11,50\u00a0\u20ac\u00a0: wrap\/bagel\/cake, burger avec frites ou plat cuisin\u00e9 avec des produits de saison. Toutes sont accompagn\u00e9es d\u2019une boisson et d\u2019un dessert compris dans le forfait.<\/p>\n<p>\u00ab\u00a0On pr\u00e9pare chaque semaine de nouveaux plats du jour chauds. L\u00e0 par exemple, on propose du merlu au curry avec un \u00e9cras\u00e9 de pommes de terre et carottes ou du poulet paprika curry, au prix de 12\u00a0euros\u00a0\u00bb, indique Lola Moreton.<\/p>\n<p>Amandine, employ\u00e9e \u00e0 plein temps, et Marinella, cuisini\u00e8re \u00ab\u00a0free lance\u00a0\u00bb, sont aux fourneaux.\u00a0Elles peuvent \u00e9galement r\u00e9aliser des repas complets et des ap\u00e9ritifs d\u00eenatoires, qui rencontrent d\u00e9j\u00e0 un v\u00e9ritable succ\u00e8s dans le secteur.<\/p>\n<p>Le choix de fournisseurs locaux<\/p>\n<p>Soucieuses du d\u00e9veloppement durable, Lola Moreton et Manon Almudever ont fait le choix de travailler avec des fournisseurs locaux, qu\u2019il s\u2019agisse de la Boge du Forez, \u00e9picerie locale \u00e9coresponsable, du Billot de Jordan, boucherie artisanale, ou de la boulangerie Jordan.<\/p>\n<p>  Plusieurs entreprises sont d\u00e9j\u00e0 clientes<\/p>\n<p>Quant \u00e0 leurs clients, \u00e0 c\u00f4t\u00e9 des particuliers, elles comptent d\u00e9j\u00e0 plusieurs entreprises locales. \u00ab\u00a0Sur la base d\u2019un partenariat, on propose des livraisons gratuites \u00e0 Terrenoire et dans <a href=\"https:\/\/www.leprogres.fr\/economie\/2024\/05\/22\/deux-nouvelles-marques-rejoignent-le-village-motos-de-montplaisir\" target=\"_blank\" rel=\"noopener\">le Village motos &amp; cycles de Montplaisir<\/a> \u00bb, souligne Lola Moreton.<\/p>\n<p>Pour l\u2019instant, les deux associ\u00e9es ont une activit\u00e9 professionnelle ind\u00e9pendante d\u2019Eat\u2019Fit, Lola Moreton comme commerciale s\u00e9dentaire de l\u2019entreprise de m\u00e9tallurgie Seral et Manon Almudever comme coach sportive.<\/p>\n<p>\u00ab\u00a0Ma m\u00e8re a \u00e9t\u00e9 d\u2019une grande aide lors du lancement d\u2019Eat\u2019Fit, notamment dans l\u2019\u00e9laboration de notre strat\u00e9gie ou la mise en place de notre site internet\u00a0\u00bb, tient\u00a0\u00e0 souligner Lola Moreton.<\/p>\n<p>Les deux associ\u00e9es ont encore en projet la cr\u00e9ation d\u2019une terrasse chauff\u00e9e.<\/p>\n<p class=\"note\">Ouvert du lundi au vendredi de 11\u00a0h\u00a030 \u00e0 14\u00a0h\u00a030.<\/p>\n","protected":false},"excerpt":{"rendered":"L\u2019aventure dans laquelle se sont lanc\u00e9es Lola Moreton et son associ\u00e9e, Manon Almudever, est partie d\u2019un constat simple\u00a0:&hellip;\n","protected":false},"author":2,"featured_media":594871,"comment_status":"","ping_status":"","sticky":false,"template":"","format":"standard","meta":{"footnotes":""},"categories":[9653],"tags":[1111,11,2430,4406,33,7539,1777,674,1011,27,12,25,4001,7538],"class_list":{"0":"post-594870","1":"post","2":"type-post","3":"status-publish","4":"format-standard","5":"has-post-thumbnail","7":"category-saint-etienne","8":"tag-actu","9":"tag-actualites","10":"tag-auvergne-rhone-alpes","11":"tag-commerce-et-services","12":"tag-economie","13":"tag-edition-loire-sud","14":"tag-eu","15":"tag-europe","16":"tag-fr","17":"tag-france","18":"tag-news","19":"tag-republique-francaise","20":"tag-saint-etienne","21":"tag-saint-etienne-ville"},"share_on_mastodon":{"url":"https:\/\/pubeurope.com\/@fr\/115706478359771626","error":""},"_links":{"self":[{"href":"https:\/\/www.europesays.com\/fr\/wp-json\/wp\/v2\/posts\/594870","targetHints":{"allow":["GET"]}}],"collection":[{"href":"https:\/\/www.europesays.com\/fr\/wp-json\/wp\/v2\/posts"}],"about":[{"href":"https:\/\/www.europesays.com\/fr\/wp-json\/wp\/v2\/types\/post"}],"author":[{"embeddable":true,"href":"https:\/\/www.europesays.com\/fr\/wp-json\/wp\/v2\/users\/2"}],"replies":[{"embeddable":true,"href":"https:\/\/www.europesays.com\/fr\/wp-json\/wp\/v2\/comments?post=594870"}],"version-history":[{"count":0,"href":"https:\/\/www.europesays.com\/fr\/wp-json\/wp\/v2\/posts\/594870\/revisions"}],"wp:featuredmedia":[{"embeddable":true,"href":"https:\/\/www.europesays.com\/fr\/wp-json\/wp\/v2\/media\/594871"}],"wp:attachment":[{"href":"https:\/\/www.europesays.com\/fr\/wp-json\/wp\/v2\/media?parent=594870"}],"wp:term":[{"taxonomy":"category","embeddable":true,"href":"https:\/\/www.europesays.com\/fr\/wp-json\/wp\/v2\/categories?post=594870"},{"taxonomy":"post_tag","embeddable":true,"href":"https:\/\/www.europesays.com\/fr\/wp-json\/wp\/v2\/tags?post=594870"}],"curies":[{"name":"wp","href":"https:\/\/api.w.org\/{rel}","templated":true}]}}