{"id":594873,"date":"2025-12-12T11:59:25","date_gmt":"2025-12-12T11:59:25","guid":{"rendered":"https:\/\/www.europesays.com\/fr\/594873\/"},"modified":"2025-12-12T11:59:25","modified_gmt":"2025-12-12T11:59:25","slug":"nancy-ouvre-les-candidatures-pour-le-pop-up-store-2026","status":"publish","type":"post","link":"https:\/\/www.europesays.com\/fr\/594873\/","title":{"rendered":"Nancy ouvre les candidatures pour le Pop-Up Store 2026"},"content":{"rendered":"<p>        <strong>Apr\u00e8s le succ\u00e8s rencontr\u00e9 en 2025, la Ville de Nancy relance son Pop-Up Store, tremplin pour cr\u00e9ateurs et jeunes entrepreneurs. Les candidatures sont ouvertes jusqu\u2019au 23 janvier 2026.<\/strong><\/p>\n<p>Avis aux cr\u00e9ateurs, designers, entrepreneurs ou artisans, la ville de Nancy rouvre ses candidatures pour une nouvelle saison du Pop-up store.\u00a0 Install\u00e9 sur le parvis de la cath\u00e9drale, place Monseigneur-Ruch, ce kiosque vitr\u00e9 de 12 m\u00b2 est devenu en quelques ann\u00e9es une vitrine \u00e9ph\u00e9m\u00e8re et pris\u00e9e au c\u0153ur du centre-ville.<\/p>\n<p>Ouvert aux initiatives innovantes, originales ou cr\u00e9atives dans les secteurs de la mode, design, artisanat, illustration, d\u00e9coration et bien d\u2019autres, le Pop-Up Store s\u2019inscrit dans la volont\u00e9 municipale de soutenir les talents \u00e9mergents et de dynamiser le commerce de proximit\u00e9.<\/p>\n<p>Pens\u00e9 comme un v\u00e9ritable laboratoire commercial, l\u2019espace permet aux porteurs de projet de tester un concept, de pr\u00e9senter un univers ou d\u2019aller \u00e0 la rencontre d\u2019un nouveau public. Chaque s\u00e9lectionn\u00e9 dispose ensuite de cinq semaines d\u2019exploitation pour pr\u00e9senter son activit\u00e9 et vendre ses produits.\u00a0<\/p>\n<p>Les candidats doivent remplir un dossier en ligne et joindre les pi\u00e8ces administratives n\u00e9cessaires avant le vendredi 23 janvier 2026 \u00e0 midi.<\/p>\n<p>Infos pratiques. Service Commerce et Artisanat \u2013 Ville de Nancy. 1, place Stanislas \u2013 54000 Nancy \/\u00a0Cette adresse e-mail est prot\u00e9g\u00e9e contre les robots spammeurs. Vous devez activer le JavaScript pour la visualiser.\u00a003 83 85 32 93<\/p>\n<p>\t\t\t\t\t\t<a href=\"https:\/\/www.pinterest.com\/pin\/create\/button\/\" data-pin-do=\"buttonBookmark\" data-pin-color=\"red\" target=\"_blank\" rel=\"noopener\"><img decoding=\"async\" src=\"https:\/\/www.europesays.com\/fr\/wp-content\/uploads\/2025\/04\/pinit_fg_en_rect_red_20.png\" alt=\"Pin It\"\/><\/a><\/p>\n","protected":false},"excerpt":{"rendered":"Apr\u00e8s le succ\u00e8s rencontr\u00e9 en 2025, la Ville de Nancy relance son Pop-Up Store, tremplin pour cr\u00e9ateurs et&hellip;\n","protected":false},"author":2,"featured_media":594874,"comment_status":"","ping_status":"","sticky":false,"template":"","format":"standard","meta":{"footnotes":""},"categories":[9635],"tags":[1111,11,1777,674,1011,27,775,1702,12,25],"class_list":{"0":"post-594873","1":"post","2":"type-post","3":"status-publish","4":"format-standard","5":"has-post-thumbnail","7":"category-nancy","8":"tag-actu","9":"tag-actualites","10":"tag-eu","11":"tag-europe","12":"tag-fr","13":"tag-france","14":"tag-grand-est","15":"tag-nancy","16":"tag-news","17":"tag-republique-francaise"},"share_on_mastodon":{"url":"https:\/\/pubeurope.com\/@fr\/115706487365889710","error":""},"_links":{"self":[{"href":"https:\/\/www.europesays.com\/fr\/wp-json\/wp\/v2\/posts\/594873","targetHints":{"allow":["GET"]}}],"collection":[{"href":"https:\/\/www.europesays.com\/fr\/wp-json\/wp\/v2\/posts"}],"about":[{"href":"https:\/\/www.europesays.com\/fr\/wp-json\/wp\/v2\/types\/post"}],"author":[{"embeddable":true,"href":"https:\/\/www.europesays.com\/fr\/wp-json\/wp\/v2\/users\/2"}],"replies":[{"embeddable":true,"href":"https:\/\/www.europesays.com\/fr\/wp-json\/wp\/v2\/comments?post=594873"}],"version-history":[{"count":0,"href":"https:\/\/www.europesays.com\/fr\/wp-json\/wp\/v2\/posts\/594873\/revisions"}],"wp:featuredmedia":[{"embeddable":true,"href":"https:\/\/www.europesays.com\/fr\/wp-json\/wp\/v2\/media\/594874"}],"wp:attachment":[{"href":"https:\/\/www.europesays.com\/fr\/wp-json\/wp\/v2\/media?parent=594873"}],"wp:term":[{"taxonomy":"category","embeddable":true,"href":"https:\/\/www.europesays.com\/fr\/wp-json\/wp\/v2\/categories?post=594873"},{"taxonomy":"post_tag","embeddable":true,"href":"https:\/\/www.europesays.com\/fr\/wp-json\/wp\/v2\/tags?post=594873"}],"curies":[{"name":"wp","href":"https:\/\/api.w.org\/{rel}","templated":true}]}}