{"id":594882,"date":"2025-12-12T12:05:18","date_gmt":"2025-12-12T12:05:18","guid":{"rendered":"https:\/\/www.europesays.com\/fr\/594882\/"},"modified":"2025-12-12T12:05:18","modified_gmt":"2025-12-12T12:05:18","slug":"enquete-en-cours-un-hangar-de-500-m%c2%b2-detruit-par-un-violent-incendie-au-centre-equestre-de-grammont-a-montpellier","status":"publish","type":"post","link":"https:\/\/www.europesays.com\/fr\/594882\/","title":{"rendered":"Enqu\u00eate en cours\u00a0: un hangar de 500 m\u00b2 d\u00e9truit par un violent incendie au centre \u00e9questre de Grammont \u00e0 Montpellier"},"content":{"rendered":"<p>\n                                                                Ce jeudi 11\u00a0d\u00e9cembre, vers 23\u00a0heures, un violent incendie a ravag\u00e9 un hangar de 500 m\u00b2 appartenant au centre \u00e9questre de Grammont \u00e0 Montpellier, dans lequel \u00e9tait entrepos\u00e9 du foin. Les flammes ont perfor\u00e9 la toiture. Les pompiers du Sdis 34 ont lutt\u00e9 une grande partie de la nuit pour ma\u00eetriser le sinistre.\n                            <\/p>\n<p>Un violent\u00a0incendie a d\u00e9truit un hangar de stockage appartenant au centre \u00e9questre de Montpellier, situ\u00e9 avenue Albert-Einstein, sur le site de Grammont, \u00e0 proximit\u00e9 du Z\u00e9nith, ce jeudi 11\u00a0d\u00e9cembre. L\u2019alerte a \u00e9t\u00e9 donn\u00e9e aux alentours de\u00a023\u00a0heures, apr\u00e8s que des t\u00e9moins ont aper\u00e7u d\u2019impressionnantes\u00a0flammes s\u2019\u00e9lever\u00a0du b\u00e2timent.<\/p>\n<p>\u00c0 l\u2019arriv\u00e9e des sapeurs-pompiers du Sdis 34, mobilis\u00e9s en nombre, la structure\u00a0d\u2019environ 500 m\u00b2 \u00e9tait enti\u00e8rement embras\u00e9. \u00c0 l\u2019int\u00e9rieur se trouvait du foin pour les chevaux, dont la combustion rapide a favoris\u00e9 l\u2019extension du sinistre. La chaleur et l\u2019intensit\u00e9 des flammes ont perfor\u00e9 la toiture du b\u00e2timent.<\/p>\n<p>Enqu\u00eate en cours<\/p>\n<p>Les op\u00e9rations d\u2019extinction se sont prolong\u00e9es une grande partie de la nuit. Ce vendredi matin, un tractopelle est intervenu pour \u00e9vacuer les volumes de foin calcin\u00e9 et permettre le noyage complet des foyers r\u00e9siduels.<\/p>\n<p>La police nationale a \u00e9t\u00e9 charg\u00e9e de l\u2019enqu\u00eate. Les images de vid\u00e9osurveillance du site sont en cours d\u2019exploitation. Selon les premiers \u00e9l\u00e9ments, aucune pr\u00e9sence d\u2019individu suspect\u00a0n\u2019appara\u00eetrait sur les enregistrements consult\u00e9s. \u00c0 ce stade, l\u2019origine du sinistre reste donc ind\u00e9termin\u00e9e. Les enqu\u00eateurs ne privil\u00e9gient ni la piste accidentelle ni la piste criminelle. Les investigations se poursuivent.<\/p>\n","protected":false},"excerpt":{"rendered":"Ce jeudi 11\u00a0d\u00e9cembre, vers 23\u00a0heures, un violent incendie a ravag\u00e9 un hangar de 500 m\u00b2 appartenant au centre&hellip;\n","protected":false},"author":2,"featured_media":594883,"comment_status":"","ping_status":"","sticky":false,"template":"","format":"standard","meta":{"footnotes":""},"categories":[9599],"tags":[1111,11,1777,674,118,1011,27,7089,2208,12,2680,25],"class_list":{"0":"post-594882","1":"post","2":"type-post","3":"status-publish","4":"format-standard","5":"has-post-thumbnail","7":"category-montpellier","8":"tag-actu","9":"tag-actualites","10":"tag-eu","11":"tag-europe","12":"tag-faits-divers","13":"tag-fr","14":"tag-france","15":"tag-herault","16":"tag-montpellier","17":"tag-news","18":"tag-occitanie","19":"tag-republique-francaise"},"share_on_mastodon":{"url":"https:\/\/pubeurope.com\/@fr\/115706509712440937","error":""},"_links":{"self":[{"href":"https:\/\/www.europesays.com\/fr\/wp-json\/wp\/v2\/posts\/594882","targetHints":{"allow":["GET"]}}],"collection":[{"href":"https:\/\/www.europesays.com\/fr\/wp-json\/wp\/v2\/posts"}],"about":[{"href":"https:\/\/www.europesays.com\/fr\/wp-json\/wp\/v2\/types\/post"}],"author":[{"embeddable":true,"href":"https:\/\/www.europesays.com\/fr\/wp-json\/wp\/v2\/users\/2"}],"replies":[{"embeddable":true,"href":"https:\/\/www.europesays.com\/fr\/wp-json\/wp\/v2\/comments?post=594882"}],"version-history":[{"count":0,"href":"https:\/\/www.europesays.com\/fr\/wp-json\/wp\/v2\/posts\/594882\/revisions"}],"wp:featuredmedia":[{"embeddable":true,"href":"https:\/\/www.europesays.com\/fr\/wp-json\/wp\/v2\/media\/594883"}],"wp:attachment":[{"href":"https:\/\/www.europesays.com\/fr\/wp-json\/wp\/v2\/media?parent=594882"}],"wp:term":[{"taxonomy":"category","embeddable":true,"href":"https:\/\/www.europesays.com\/fr\/wp-json\/wp\/v2\/categories?post=594882"},{"taxonomy":"post_tag","embeddable":true,"href":"https:\/\/www.europesays.com\/fr\/wp-json\/wp\/v2\/tags?post=594882"}],"curies":[{"name":"wp","href":"https:\/\/api.w.org\/{rel}","templated":true}]}}