{"id":594890,"date":"2025-12-12T12:11:13","date_gmt":"2025-12-12T12:11:13","guid":{"rendered":"https:\/\/www.europesays.com\/fr\/594890\/"},"modified":"2025-12-12T12:11:13","modified_gmt":"2025-12-12T12:11:13","slug":"des-parents-deleves-ecrivent-au-pere-noel-pour-demander-la-reouverture-dune-classe-dans-2","status":"publish","type":"post","link":"https:\/\/www.europesays.com\/fr\/594890\/","title":{"rendered":"Des parents d\u2019\u00e9l\u00e8ves \u00e9crivent au P\u00e8re No\u00ebl\u00a0pour demander la r\u00e9ouverture d\u2019une classe dans"},"content":{"rendered":"<p>Les repr\u00e9sentantes des parents d\u2019\u00e9l\u00e8ves de l\u2019\u00e9cole maternelle publique Jacques-Yves-Cousteau de La M\u00e9zi\u00e8re, au nord de Rennes (Ille-et-Vilaine) se mobilisent pour demander la r\u00e9ouverture, \u00e0 la rentr\u00e9e 2026, d\u2019une classe ferm\u00e9e cette ann\u00e9e.<\/p>\n<p>\u00ab\u00a0Effectifs en hausse cette ann\u00e9e\u00a0\u00bb<\/p>\n<p>Dans une action teint\u00e9e d\u2019humour, elles ont d\u00e9pos\u00e9, mercredi 10\u00a0d\u00e9cembre 2025, une lettre au P\u00e8re No\u00ebl, dans la bo\u00eete install\u00e9e, par la municipalit\u00e9 devant la mairie. \u00a0Notre revendication principale concerne la r\u00e9ouverture d\u2019une classe au sein de l\u2019\u00e9cole maternelle \u00e0 la suite de sa fermeture cette ann\u00e9e, malgr\u00e9 une l\u00e9g\u00e8re augmentation du nombre d\u2019\u00e9l\u00e8ves. Cette demande est motiv\u00e9e avant tout par le bien-\u00eatre des enfants ainsi que par les conditions de travail du corps enseignant.\u00a0<\/p>\n<p>Pour les porte-parole des parents d\u2019\u00e9l\u00e8ves (Anne Panhelleux, Claire Saliot, Claire Hartmann, Alice Yilmaz, Typhanie Garnier, Johannie Olivier, Charl\u00e8ne Belan, Marine Grot et Oc\u00e9ane Marin)\u00a0: les \u00a0arguments s\u2019appuient sur les effectifs en hausse cette ann\u00e9e, sup\u00e9rieurs \u00e0 ceux de l\u2019an dernier, et qui continuent d\u2019augmenter, notamment en raison de la construction de nouveaux lotissements dans la commune, entra\u00eenant l\u2019arriv\u00e9e de nombreuses familles.\u00a0<\/p>\n<p>Les repr\u00e9sentants des parents pointent du doigt des classes surcharg\u00e9es\u00a0: \u00a0C ertaines atteignent 30\u00a0\u00e9l\u00e8ves et jusqu\u2019\u00e0 26 en moyenne-grande section\u00a0\u00bb, disent-ils.<\/p>\n<p>Pour eux, \u00a0ces surcharges impactent la qualit\u00e9 de l\u2019enseignement et posent des difficult\u00e9s suppl\u00e9mentaires en cas d\u2019absence d\u2019enseignante, notamment lorsqu\u2019elle n\u2019est pas remplac\u00e9e\u00a0.<\/p>\n<p>Les parents d\u2019\u00e9l\u00e8ves ont \u00e9galement transmis leur demande \u00e0 la mairie et \u00e0 l\u2019Acad\u00e9mie.<\/p>\n<p>\u00a0<\/p>\n","protected":false},"excerpt":{"rendered":"Les repr\u00e9sentantes des parents d\u2019\u00e9l\u00e8ves de l\u2019\u00e9cole maternelle publique Jacques-Yves-Cousteau de La M\u00e9zi\u00e8re, au nord de Rennes (Ille-et-Vilaine)&hellip;\n","protected":false},"author":2,"featured_media":594655,"comment_status":"","ping_status":"","sticky":false,"template":"","format":"standard","meta":{"footnotes":""},"categories":[2821],"tags":[1111,11,829,19406,27157,1122,30563,1121,1777,674,1011,27,12,15830,1308,3306,6552,584,13979,25],"class_list":{"0":"post-594890","1":"post","2":"type-post","3":"status-publish","4":"format-standard","5":"has-post-thumbnail","7":"category-rennes","8":"tag-actu","9":"tag-actualites","10":"tag-bretagne","11":"tag-classe","12":"tag-demander","13":"tag-ecole","14":"tag-ecrivent","15":"tag-eleves","16":"tag-eu","17":"tag-europe","18":"tag-fr","19":"tag-france","20":"tag-news","21":"tag-noel","22":"tag-nord","23":"tag-parents","24":"tag-pere","25":"tag-rennes","26":"tag-reouverture","27":"tag-republique-francaise"},"share_on_mastodon":{"url":"https:\/\/pubeurope.com\/@fr\/115706533436174775","error":""},"_links":{"self":[{"href":"https:\/\/www.europesays.com\/fr\/wp-json\/wp\/v2\/posts\/594890","targetHints":{"allow":["GET"]}}],"collection":[{"href":"https:\/\/www.europesays.com\/fr\/wp-json\/wp\/v2\/posts"}],"about":[{"href":"https:\/\/www.europesays.com\/fr\/wp-json\/wp\/v2\/types\/post"}],"author":[{"embeddable":true,"href":"https:\/\/www.europesays.com\/fr\/wp-json\/wp\/v2\/users\/2"}],"replies":[{"embeddable":true,"href":"https:\/\/www.europesays.com\/fr\/wp-json\/wp\/v2\/comments?post=594890"}],"version-history":[{"count":0,"href":"https:\/\/www.europesays.com\/fr\/wp-json\/wp\/v2\/posts\/594890\/revisions"}],"wp:featuredmedia":[{"embeddable":true,"href":"https:\/\/www.europesays.com\/fr\/wp-json\/wp\/v2\/media\/594655"}],"wp:attachment":[{"href":"https:\/\/www.europesays.com\/fr\/wp-json\/wp\/v2\/media?parent=594890"}],"wp:term":[{"taxonomy":"category","embeddable":true,"href":"https:\/\/www.europesays.com\/fr\/wp-json\/wp\/v2\/categories?post=594890"},{"taxonomy":"post_tag","embeddable":true,"href":"https:\/\/www.europesays.com\/fr\/wp-json\/wp\/v2\/tags?post=594890"}],"curies":[{"name":"wp","href":"https:\/\/api.w.org\/{rel}","templated":true}]}}