{"id":594893,"date":"2025-12-12T12:13:15","date_gmt":"2025-12-12T12:13:15","guid":{"rendered":"https:\/\/www.europesays.com\/fr\/594893\/"},"modified":"2025-12-12T12:13:15","modified_gmt":"2025-12-12T12:13:15","slug":"strasbourg-marion-kaiser-transforme-les-tresors-de-la-nature-en-bijoux","status":"publish","type":"post","link":"https:\/\/www.europesays.com\/fr\/594893\/","title":{"rendered":"Strasbourg. Marion Kaiser transforme les tr\u00e9sors de la nature en bijoux"},"content":{"rendered":"<p>Elle \u00ab\u00a0adore tout ce qui brille\u00a0\u00bb et d\u2019aussi loin qu\u2019elle se souvienne, elle a toujours collectionn\u00e9 les pierres\u2026 \u00c0 cinq ans d\u00e9j\u00e0, quand Marion Kaiser Marggraf se promenait en for\u00eat, elle ramassait les petits cailloux qui scintillaient au soleil. \u00ab\u00a0Je me rappelle aussi d\u2019un chat \u00e0 facettes qu\u2019on m\u2019avait offert. J\u2019\u00e9tais fascin\u00e9e\u00a0!\u00a0\u00bb, explique la d\u00e9sormais trentenaire.<\/p>\n<p>La jeune femme participe ce samedi de 16\u00a0h \u00e0 22\u00a0h au <a href=\"https:\/\/www.dna.fr\/culture-loisirs\/2025\/12\/09\/dans-un-decor-authentique-les-fermes-de-noel-ouvrent-ce-samedi\" target=\"_blank\" rel=\"noopener\">march\u00e9 de No\u00ebl de Quatzenheim<\/a> , et sera dimanche \u00e0 Neudorf sur le march\u00e9 des cr\u00e9ateurs Touch-Arts avec Synestia, la marque de bijoux en pierres naturelles qu\u2019elle a cr\u00e9\u00e9e.<\/p>\n<p>Ce contenu est bloqu\u00e9 car vous n&rsquo;avez pas accept\u00e9 les cookies et autres traceurs.<\/p>\n<p>En cliquant sur \u00ab J\u2019accepte \u00bb, les cookies et autres traceurs seront d\u00e9pos\u00e9s et vous pourrez visualiser les contenus  (<a href=\"\" class=\"consentModule_policy\" target=\"_blank\" title=\"Consulter la politique de protection des donn\u00e9es du fournisseur\">plus d&rsquo;informations<\/a>).<\/p>\n<p>En cliquant sur \u00ab J\u2019accepte tous les cookies \u00bb, vous autorisez des d\u00e9p\u00f4ts de cookies et autres traceurs pour le stockage de vos donn\u00e9es sur nos sites et applications \u00e0 des fins de personnalisation et de ciblage publicitaire.<\/p>\n<p class=\"consentModule_secondaryText\">Vous gardez la possibilit\u00e9 de retirer votre consentement \u00e0 tout moment en consultant notre <a href=\"https:\/\/www.dna.fr\/protection-des-donnees\" target=\"_blank\" title=\"Consulter notre politique de protection des donn\u00e9es\" rel=\"noopener\">politique de protection des donn\u00e9es<\/a>. <br \/>&#13;<br \/>\n            <a href=\"https:\/\/www.dna.fr\/economie\/2025\/12\/12\/javascript:Didomi.notice.show()\" class=\"consentModule_cmp\" target=\"_blank\" rel=\"noopener\">G\u00e9rer mes choix<\/a>&#13;\n        <\/p>\n<p>&#13;<br \/>\n                        J&rsquo;accepte&#13;<br \/>\n            J&rsquo;accepte tous les cookies&#13;\n        <\/p>\n<p>    <img class=\"placeholder-svg\" loading=\"lazy\" decoding=\"async\" src=\"https:\/\/cdn-files.prsmedia.fr\/files\/REDAC\/images\/svg\/placeholders\/facebook.svg\" alt=\"Facebook PlaceHolder\"\/><\/p>\n<p>Bonne \u00e9l\u00e8ve, cette Franco-Allemande motiv\u00e9e par l\u2019\u00ab\u00a0envie de faire\u00a0\u00bb a d\u2019abord suivi la voie classique et toute trac\u00e9e. Apr\u00e8s un bac g\u00e9n\u00e9ral, elle a commenc\u00e9 par un DUT techniques de commercialisation, avant d\u2019encha\u00eener sur une licence en commerce et d\u00e9veloppement international. Puis de se rendre compte qu\u2019elle se pliait \u00e0 ce que l\u2019on attendait d\u2019elle, plut\u00f4t que de se consacrer \u00e0 ce qui l\u2019animait vraiment.<\/p>\n<p>  Une \u00e9cole de bijouterie \u00e0 Pforzheim<\/p>\n<p>\u00ab\u00a0J\u2019ai fait une ann\u00e9e de pause, puis je me suis inscrite \u00e0 la Goldschmiedeschule (une \u00e9cole de bijouterie) de Pforzheim, en Allemagne. J\u2019ai ador\u00e9 ! On parlait fusion, cristallisation\u2026 J\u2019\u00e9tais dans mon \u00e9l\u00e9ment\u00a0\u00bb, explique-t-elle. Apr\u00e8s deux ans \u00e0 apprendre les techniques, elle passe encore un an et demi chez PiArt, \u00e0 L\u00f6rrach. Mais en 2020, alors qu\u2019elle s\u2019appr\u00eate \u00e0 se lancer, le Covid stoppe tout et la bonne \u00e9l\u00e8ve reprend le dessus.<\/p>\n<p>    &#13;<br \/>\n    &#13;<br \/>\n    &#13;<br \/>\n    <a href=\"https:\/\/cdn-s-www.dna.fr\/images\/37628022-89d9-4e71-8fce-f61b84c12c75\/NW_raw\/chaque-bijou-est-une-piece-unique-pense-comme-un-reflet-de-la-personnalite-de-celle-qui-le-porte-photo-dr-1765536203.jpg\" title=\"Chaque bijou est une pi\u00e8ce unique, pens\u00e9 comme un reflet de la personnalit\u00e9 de celle qui le porte. \u00a0 Photo DR\" class=\"chocolat-image GA-tracking\" data-ga_type=\"click\" data-ga_category=\"D\u00e9tail\" data-ga_action=\"zoomer\" data-ga_label=\"aggrandir image\" target=\"_blank\" rel=\"noopener\">&#13;<br \/>\n        <img src=\"https:\/\/www.europesays.com\/fr\/wp-content\/uploads\/2025\/12\/chaque-bijou-est-une-piece-unique-pense-comme-un-reflet-de-la-personnalite-de-celle-qui-le-porte-pho.jpeg\"   alt=\"Chaque bijou est une pi\u00e8ce unique, pens\u00e9 comme un reflet de la personnalit\u00e9 de celle qui le porte. \u00a0 Photo DR\" fetchpriority=\"high\" decoding=\"async\" data-mobile=\"NW_listA_M|1765536203\" data-base=\"NW_listA|1765536203\"\/>&#13;<br \/>\n    <\/a>&#13;<\/p>\n<p> Chaque bijou est une pi\u00e8ce unique, pens\u00e9 comme un reflet de la personnalit\u00e9 de celle qui le porte. \u00a0 Photo DR <\/p>\n<p>Marion Kaiser prend un emploi chez SWG, une filiale du <a href=\"https:\/\/www.dna.fr\/region\/2024\/12\/19\/wurth-s-attend-a-une-forte-baisse-de-ses-benefices\" target=\"_blank\" rel=\"noopener\">groupe W\u00fcrth<\/a> , l\u2019un des principaux fabricants allemands de visserie et de quincaillerie. En tant que \u00ab\u00a0marketing manager\u00a0\u00bb, elle d\u00e9ploie le projet de la soci\u00e9t\u00e9 en France.<\/p>\n<p>  Une pierre pour chaque personnalit\u00e9<\/p>\n<p>Oui, mais voil\u00e0. La trentaine approchant, elle se dit que si elle veut revenir \u00e0 ses premi\u00e8res amours, \u00ab\u00a0c\u2019est maintenant ou jamais\u00a0\u00bb. Elle choisit la premi\u00e8re option et s\u2019int\u00e9resse aux pierres \u00e0 inclusions. Ainsi na\u00eet Synestia, un nom emprunt\u00e9 \u00e0 l\u2019<a href=\"https:\/\/www.dna.fr\/culture-loisirs\/2023\/03\/03\/l-astronomie-une-passion-serieuse-des-amateurs-alsaciens\" target=\"_blank\" rel=\"noopener\">astronomie<\/a> , qui d\u00e9signe \u00ab\u00a0une structure compos\u00e9e de d\u00e9bris rocheux vaporis\u00e9s, de poussi\u00e8res et de vapeur r\u00e9sultant d\u2019une collision entre deux corps c\u00e9lestes\u00a0\u00bb.<\/p>\n<p class=\"txt\">Rien n\u2019est plus pr\u00e9cieux qu\u2019un bijou qui r\u00e9sonne avec qui nous sommes<\/p>\n<p>Comme pour un fossile, ces pierres ont gard\u00e9 des traces g\u00e9ologiques de leur formation\u00a0: des \u00e9clats d\u2019autres minerais, de la glace, des bulles de gaz\u2026 Quartz fum\u00e9, l\u00e9pidocrocite, h\u00e9matite, cocax\u00e9nite et autres \u201cites\u201d leur conf\u00e8rent, en m\u00eame temps qu\u2019un \u00e9clat particulier, leur singularit\u00e9.<\/p>\n<p>    &#13;<br \/>\n    &#13;<br \/>\n    &#13;<br \/>\n    <a href=\"https:\/\/cdn-s-www.dna.fr\/images\/1a77896a-f41e-4349-8be7-af2ffac04ab4\/NW_raw\/les-pierres-a-inclusions-sont-pleines-de-mystere-photo-dr-1765536203.jpg\" title=\"Les pierres \u00e0 inclusions sont pleines de myst\u00e8re\u2026 \u00a0 Photo\u00a0DR\" class=\"chocolat-image GA-tracking\" data-ga_type=\"click\" data-ga_category=\"D\u00e9tail\" data-ga_action=\"zoomer\" data-ga_label=\"aggrandir image\" target=\"_blank\" rel=\"noopener\">&#13;<br \/>\n        <img src=\"https:\/\/www.europesays.com\/fr\/wp-content\/uploads\/2025\/12\/les-pierres-a-inclusions-sont-pleines-de-mystere-photo-dr-1765536203.jpg\"   alt=\"Les pierres \u00e0 inclusions sont pleines de myst\u00e8re\u2026 \u00a0 Photo\u00a0DR\" fetchpriority=\"high\" decoding=\"async\" data-mobile=\"NW_listA_M|1765536203\" data-base=\"NW_listA|1765536203\"\/>&#13;<br \/>\n    <\/a>&#13;<\/p>\n<p> Les pierres \u00e0 inclusions sont pleines de myst\u00e8re\u2026 \u00a0 Photo\u00a0DR <\/p>\n<p>Toute leur valeur, aussi, aux yeux de celle qui en fait des bijoux. Des bagues et des pendentifs, surtout, sublimant des pierres ovo\u00efdes ou en forme de poire et s\u2019adaptant \u00e0 toutes les personnalit\u00e9s. Version Eden (stable, sereine et naturelle), Terre de Feu (chaleureuse, \u00e9nergique et optimiste), Stellaire (pleine de myst\u00e8re, de charme et d\u2019\u00e9l\u00e9gance). \u00ab\u00a0Rien n\u2019est plus pr\u00e9cieux qu\u2019un bijou qui r\u00e9sonne avec qui nous sommes vraiment et qui nous rappelle notre valeur, notre lumi\u00e8re et notre singularit\u00e9\u00a0\u00bb, r\u00e9sume-t-elle.<\/p>\n<p>  Travailler des pierres d\u00e9laiss\u00e9es<\/p>\n<p>Marion Kaiser est all\u00e9e\u00a0jusqu\u2019en Inde chercher ses pierres, souvent d\u00e9laiss\u00e9es car peu valoris\u00e9es, pour en trouver de bien taill\u00e9es. Pour l\u2019heure, elle cr\u00e9e ses bijoux chez elle et les vend \u2013 \u00e0 partir d\u2019un peu plus d\u2019une centaine d\u2019euros \u2013 sur quelques march\u00e9s ou lors d\u2019\u00e9v\u00e9nements priv\u00e9s. Dans un univers de la pierre o\u00f9 tout tend vers la perfection, \u00ab\u00a0comme dans nos soci\u00e9t\u00e9s o\u00f9 tout doit \u00eatre lisse\u00a0\u00bb, s\u2019agace-t-elle, les pierres \u00e0 inclusions r\u00e9sistent, en affichant fi\u00e8rement leurs \u201cd\u00e9fauts\u201d, comme d\u2019autres osent montrer leurs cicatrices. \u00c7a tombe bien\u00a0: c\u2019est toujours par les failles qu\u2019entre la lumi\u00e8re.<\/p>\n<p class=\"note\">March\u00e9 des cr\u00e9ateurs Touch-Arts, ce dimanche 14\u00a0d\u00e9cembre de 10\u00a0h \u00e0 18\u00a0h \u00e0 la Halle du march\u00e9, place du March\u00e9 \u00e0 Strasbourg. Entr\u00e9e libre.<\/p>\n<p class=\"note\">Plus d\u2019infos\u00a0: www.synestia-bijoux.com<\/p>\n","protected":false},"excerpt":{"rendered":"Elle \u00ab\u00a0adore tout ce qui brille\u00a0\u00bb et d\u2019aussi loin qu\u2019elle se souvienne, elle a toujours collectionn\u00e9 les pierres\u2026&hellip;\n","protected":false},"author":2,"featured_media":594894,"comment_status":"","ping_status":"","sticky":false,"template":"","format":"standard","meta":{"footnotes":""},"categories":[2820],"tags":[1111,11,1477,4406,33,2880,1777,674,107,1011,27,775,12,25,104,640,2879,1631],"class_list":{"0":"post-594893","1":"post","2":"type-post","3":"status-publish","4":"format-standard","5":"has-post-thumbnail","7":"category-strasbourg","8":"tag-actu","9":"tag-actualites","10":"tag-artisanat","11":"tag-commerce-et-services","12":"tag-economie","13":"tag-edition-strasbourg","14":"tag-eu","15":"tag-europe","16":"tag-fil-info","17":"tag-fr","18":"tag-france","19":"tag-grand-est","20":"tag-news","21":"tag-republique-francaise","22":"tag-societe","23":"tag-strasbourg","24":"tag-strasbourg-ville","25":"tag-vie-associative"},"share_on_mastodon":{"url":"https:\/\/pubeurope.com\/@fr\/115706542401975190","error":""},"_links":{"self":[{"href":"https:\/\/www.europesays.com\/fr\/wp-json\/wp\/v2\/posts\/594893","targetHints":{"allow":["GET"]}}],"collection":[{"href":"https:\/\/www.europesays.com\/fr\/wp-json\/wp\/v2\/posts"}],"about":[{"href":"https:\/\/www.europesays.com\/fr\/wp-json\/wp\/v2\/types\/post"}],"author":[{"embeddable":true,"href":"https:\/\/www.europesays.com\/fr\/wp-json\/wp\/v2\/users\/2"}],"replies":[{"embeddable":true,"href":"https:\/\/www.europesays.com\/fr\/wp-json\/wp\/v2\/comments?post=594893"}],"version-history":[{"count":0,"href":"https:\/\/www.europesays.com\/fr\/wp-json\/wp\/v2\/posts\/594893\/revisions"}],"wp:featuredmedia":[{"embeddable":true,"href":"https:\/\/www.europesays.com\/fr\/wp-json\/wp\/v2\/media\/594894"}],"wp:attachment":[{"href":"https:\/\/www.europesays.com\/fr\/wp-json\/wp\/v2\/media?parent=594893"}],"wp:term":[{"taxonomy":"category","embeddable":true,"href":"https:\/\/www.europesays.com\/fr\/wp-json\/wp\/v2\/categories?post=594893"},{"taxonomy":"post_tag","embeddable":true,"href":"https:\/\/www.europesays.com\/fr\/wp-json\/wp\/v2\/tags?post=594893"}],"curies":[{"name":"wp","href":"https:\/\/api.w.org\/{rel}","templated":true}]}}