{"id":594901,"date":"2025-12-12T12:17:16","date_gmt":"2025-12-12T12:17:16","guid":{"rendered":"https:\/\/www.europesays.com\/fr\/594901\/"},"modified":"2025-12-12T12:17:16","modified_gmt":"2025-12-12T12:17:16","slug":"nantes-une-rixe-ultraviolente-filmee-dans-la-cour-dune-prison","status":"publish","type":"post","link":"https:\/\/www.europesays.com\/fr\/594901\/","title":{"rendered":"Nantes : une rixe ultraviolente film\u00e9e dans la cour d&rsquo;une prison"},"content":{"rendered":"<p>                                            Soci\u00e9t\u00e9\n                                                                            <\/p>\n<p>\n                                            Des affrontements entre deux groupes de d\u00e9tenus ont \u00e9t\u00e9 film\u00e9s le 9 novembre dernier dans la cour du centre p\u00e9nitentiaire de Nantes. Selon BFMTV, qui s&rsquo;est procur\u00e9 les images, les forces de l&rsquo;ordre n&rsquo;ont pas pu intervenir \u00ab\u00a0imm\u00e9diatement\u00a0\u00bb car la sc\u00e8ne \u00e9tait jug\u00e9e trop violente.                                        <\/p>\n<p>                                                Publi\u00e9 le 12 d\u00e9cembre 2025 \u00e0 12h10                                                                                            <\/p>\n<p>                                            <img loading=\"lazy\" width=\"1024\" height=\"683\" src=\"https:\/\/www.europesays.com\/fr\/wp-content\/uploads\/2025\/12\/prison.jpg\" class=\"attachment-post-thumbnail size-post-thumbnail wp-post-image\" alt=\"Les affrontements entre d\u00e9tenus ont fait cinq bless\u00e9s, \u00e0 Nantes. Photo d'illustration \u00a9 SYSPEO\/SIPA\" decoding=\"async\"  \/><\/p>\n<p>                                            Les affrontements entre d\u00e9tenus ont fait cinq bless\u00e9s, \u00e0 Nantes. Photo d&rsquo;illustration \u00a9 SYSPEO\/SIPA<\/p>\n<p>Sur les images, on peut distinguer un d\u00e9tenu enti\u00e8rement nu, couvert de sang et tra\u00een\u00e9 sur le bitume. L\u2019image est flout\u00e9e mais dit tout de la violence des affrontements qui ont \u00e9clat\u00e9 le 9 novembre dernier au centre p\u00e9nitentiaire de Nantes. <a href=\"https:\/\/www.bfmtv.com\/police-justice\/document-bfmtv-homme-ensanglante-lames-artisanales-les-images-d-une-rixe-ultraviolente-filmee-dans-la-cour-d-une-prison-de-nantes_AV-202512120132.html\" target=\"_blank\" rel=\"nofollow noopener\">Selon BFMTV, qui s\u2019est procur\u00e9 ce document<\/a>, les d\u00e9tenus se sont battus \u00e0 coups de lames artisanales et de couteaux en c\u00e9ramique.<\/p>\n<p><a href=\"https:\/\/www.valeursactuelles.com\/societe\/les-condamnations-de-personnels-de-prison-pour-remises-dobjets-illicites-a-un-detenu-ont-augmente-de-41-en-trois-ans\" class=\"h-flex h-align-items-center h-border-tb h-ptb-15\" target=\"_blank\" rel=\"noopener\">A\u00a0LIRE\u00a0Les condamnations de personnels de prison pour \u00ab\u00a0remises d\u2019objets illicites \u00e0 un d\u00e9tenu\u00a0\u00bb ont augment\u00e9 de 41 % en trois ans<\/a>\u00ab\u00a0Il y a interdiction d\u2019intervenir dans ces cas-l\u00e0\u00a0\u00bb<\/p>\n<p>Cette bagarre dure plusieurs minutes, pendant ce temps, aucun gardien n\u2019intervient. \u00ab\u00a0On pourrait \u00eatre pris en otage, bless\u00e9, agress\u00e9, tu\u00e9. Il y a interdiction d\u2019intervenir dans ces cas-l\u00e0\u00a0\u00bb, explique \u00e0 la cha\u00eene William Cozic, d\u00e9l\u00e9gu\u00e9 FO-Justice \u00e0 la prison de Nantes. <a href=\"https:\/\/www.valeursactuelles.com\/clubvaleurs\/faits-divers\/permission-de-sortie-dun-detenu-de-vendin-le-vieil-la-faille-qui-fait-debat\" target=\"_blank\" rel=\"noopener\">L\u2019administration p\u00e9nitentiaire<\/a> assure \u00e9galement que la situation a \u00e9t\u00e9 jug\u00e9e trop dangereuse.<\/p>\n<blockquote class=\"twitter-tweet\">\n<p dir=\"ltr\" lang=\"fr\">Une rixe ultraviolente fait cinq bless\u00e9s dans une prison \u00e0 Nantes, une enqu\u00eate a \u00e9t\u00e9 ouverte <a href=\"https:\/\/t.co\/dSxoG5OIEY\">pic.twitter.com\/dSxoG5OIEY<\/a><\/p>\n<p>\u2014 BFM (@BFMTV) <a href=\"https:\/\/twitter.com\/BFMTV\/status\/1999346815481651548?ref_src=twsrc%5Etfw\" target=\"_blank\" rel=\"noopener\">December 12, 2025<\/a><\/p>\n<\/blockquote>\n<p><a href=\"https:\/\/www.valeursactuelles.com\/societe\/fouilles-xxl-dans-les-cellules-cest-un-coup-depee-dans-leau-tacle-lancienne-directrice-de-la-prison-de-la-sante\" class=\"h-flex h-align-items-center h-border-tb h-ptb-15\" target=\"_blank\" rel=\"noopener\">A\u00a0LIRE\u00a0Fouilles XXL dans les cellules : \u00ab C\u2019est un coup d\u2019\u00e9p\u00e9e dans l\u2019eau \u00bb, tacle l\u2019ancienne directrice de la prison de la Sant\u00e9<\/a><\/p>\n<p>La rixe aurait \u00e9clat\u00e9 sur fond de racket et de <a href=\"https:\/\/www.valeursactuelles.com\/societe\/fouilles-xxl-dans-les-cellules-cest-un-coup-depee-dans-leau-tacle-lancienne-directrice-de-la-prison-de-la-sante\" target=\"_blank\" rel=\"noopener\">trafic de stup\u00e9fiants entre d\u00e9tenus<\/a>. Tous les prisonniers impliqu\u00e9s auraient \u00e9t\u00e9 identifi\u00e9s, puis certains d\u2019entre eux transf\u00e9r\u00e9s d\u00e8s le lendemain vers un nouvel \u00e9tablissement. L\u2019administration p\u00e9nitentiaire fait \u00e9tat de cinq d\u00e9tenus bless\u00e9s. Une enqu\u00eate a \u00e9t\u00e9 ouverte par le parquet de Nantes.<\/p>\n<p>                                                                    <script async src=\"https:\/\/platform.twitter.com\/widgets.js\" charset=\"utf-8\"><\/script><\/p>\n","protected":false},"excerpt":{"rendered":"Soci\u00e9t\u00e9 Des affrontements entre deux groupes de d\u00e9tenus ont \u00e9t\u00e9 film\u00e9s le 9 novembre dernier dans la cour&hellip;\n","protected":false},"author":2,"featured_media":594902,"comment_status":"","ping_status":"","sticky":false,"template":"","format":"standard","meta":{"footnotes":""},"categories":[2818],"tags":[1111,11,10737,1777,674,1011,27,766,12,2636,806,807,25,5510],"class_list":{"0":"post-594901","1":"post","2":"type-post","3":"status-publish","4":"format-standard","5":"has-post-thumbnail","7":"category-nantes","8":"tag-actu","9":"tag-actualites","10":"tag-bagarre","11":"tag-eu","12":"tag-europe","13":"tag-fr","14":"tag-france","15":"tag-nantes","16":"tag-news","17":"tag-pays-de-la-loire","18":"tag-prison","19":"tag-prisonniers","20":"tag-republique-francaise","21":"tag-rixe"},"share_on_mastodon":{"url":"https:\/\/pubeurope.com\/@fr\/115706558217588870","error":""},"_links":{"self":[{"href":"https:\/\/www.europesays.com\/fr\/wp-json\/wp\/v2\/posts\/594901","targetHints":{"allow":["GET"]}}],"collection":[{"href":"https:\/\/www.europesays.com\/fr\/wp-json\/wp\/v2\/posts"}],"about":[{"href":"https:\/\/www.europesays.com\/fr\/wp-json\/wp\/v2\/types\/post"}],"author":[{"embeddable":true,"href":"https:\/\/www.europesays.com\/fr\/wp-json\/wp\/v2\/users\/2"}],"replies":[{"embeddable":true,"href":"https:\/\/www.europesays.com\/fr\/wp-json\/wp\/v2\/comments?post=594901"}],"version-history":[{"count":0,"href":"https:\/\/www.europesays.com\/fr\/wp-json\/wp\/v2\/posts\/594901\/revisions"}],"wp:featuredmedia":[{"embeddable":true,"href":"https:\/\/www.europesays.com\/fr\/wp-json\/wp\/v2\/media\/594902"}],"wp:attachment":[{"href":"https:\/\/www.europesays.com\/fr\/wp-json\/wp\/v2\/media?parent=594901"}],"wp:term":[{"taxonomy":"category","embeddable":true,"href":"https:\/\/www.europesays.com\/fr\/wp-json\/wp\/v2\/categories?post=594901"},{"taxonomy":"post_tag","embeddable":true,"href":"https:\/\/www.europesays.com\/fr\/wp-json\/wp\/v2\/tags?post=594901"}],"curies":[{"name":"wp","href":"https:\/\/api.w.org\/{rel}","templated":true}]}}