{"id":594903,"date":"2025-12-12T12:18:23","date_gmt":"2025-12-12T12:18:23","guid":{"rendered":"https:\/\/www.europesays.com\/fr\/594903\/"},"modified":"2025-12-12T12:18:23","modified_gmt":"2025-12-12T12:18:23","slug":"flops-joueurs-a-la-cave-comment-un-mercato-estival-totalement-rate-a-plombe-le-fc-nantes","status":"publish","type":"post","link":"https:\/\/www.europesays.com\/fr\/594903\/","title":{"rendered":"Flops, joueurs \u00e0 la cave&#8230; comment un mercato estival totalement rat\u00e9 a plomb\u00e9 le FC Nantes"},"content":{"rendered":"<p>Avant-dernier de Ligue 1 avant son d\u00e9placement \u00e0 Angers ce vendredi (20h45), le FC Nantes s&rsquo;est r\u00e9solu cette semaine, comme souvent dans pareille situation, \u00e0 changer d&rsquo;entra\u00eeneur. La mission maintien devra aussi passer par un mercato hivernal actif apr\u00e8s les nombreux \u00e9checs de l&rsquo;\u00e9t\u00e9 dernier.<\/p>\n<p>Il aura tenu plus longtemps que Miguel Cardoso ou <a href=\"https:\/\/rmcsport.bfmtv.com\/football\/equipe-de-france\/j-ai-ete-spontane-les-confidences-de-domenech-sur-sa-demande-en-mariage-apres-l-euro-2008_AV-202510180178.html\" title=\"&quot;J&#039;ai \u00e9t\u00e9 spontan\u00e9&quot;: les confidences de Domenech sur sa demande en mariage apr\u00e8s l&#039;Euro 2008\" class=\"internal_link\" target=\"_blank\" rel=\"noopener\">Raymond Domenech<\/a>. Mais moins que Ren\u00e9 Girard ou Pierre Aristouy. Dans un club o\u00f9 la consommation d\u2019entra\u00eeneurs est une discipline ch\u00e9rie depuis le d\u00e9but de l&rsquo;\u00e8re Kita en 2007, <a href=\"https:\/\/rmcsport.bfmtv.com\/football\/ligue-1\/un-coach-vire-en-ligue-1-luis-castro-prend-la-porte-au-fc-nantes_AV-202512100893.html\" title=\"Un coach vir\u00e9 en Ligue 1: Luis Castro prend la porte au FC Nantes, son rempla\u00e7ant est connu\" class=\"internal_link\" target=\"_blank\" rel=\"noopener\">Luis Castro<\/a> a donc \u00e9t\u00e9 limog\u00e9 par le FC Nantes, mercredi, au bout d\u2019une journ\u00e9e lunaire qui l\u2019a vu animer une conf\u00e9rence de presse le midi, assister \u00e0 un match de Youth League l\u2019apr\u00e8s-midi, et apprendre son \u00e9viction en d\u00e9but de soir\u00e9e. Apr\u00e8s 15 matchs, et seulement 11 points pris en Ligue 1, les caciques nantais ont d\u00e9cid\u00e9 qu\u2019il \u00e9tait temps de renvoyer le Portugais, six mois apr\u00e8s avoir fait le forcing pour le chiper \u00e0 Dunkerque. La mission maintien a \u00e9t\u00e9 confi\u00e9e \u00e0 <a href=\"https:\/\/rmcsport.bfmtv.com\/football\/ligue-1\/gentil-meneur-et-parfois-sanguin-qui-est-ahmed-kantari-le-nouvel-entraineur-qui-doit-sauver-le-fc-nantes_AV-202512110867.html\" title=\"Gentil, meneur et parfois sanguin, qui est Ahmed Kantari, le nouvel entra\u00eeneur qui doit sauver le FC Nantes?\" class=\"internal_link\" target=\"_blank\" rel=\"noopener\">Ahmed Kantari<\/a>, ancien adjoint&#8230; d\u2019<a href=\"https:\/\/rmcsport.bfmtv.com\/football\/ligue-1\/le-pire-entraineur-que-j-ai-eu-le-nantais-mostafa-mohamed-fracasse-antoine-kombouare_AV-202509250893.html\" title=\"&quot;Le pire entra\u00eeneur que j&#039;ai eu&quot;: le Nantais Mostafa Mohamed fracasse Antoine Kombouar\u00e9\" class=\"internal_link\" target=\"_blank\" rel=\"noopener\">Antoine Kombouar\u00e9<\/a>, avec une r\u00e9action esp\u00e9r\u00e9e d\u00e8s ce vendredi \u00e0 Angers (20h45), en attendant d\u2019enclencher les grandes man\u0153uvres cet hiver sur le march\u00e9 des transferts.<\/p>\n<p>Car s\u2019il a fini par payer un d\u00e9but de saison catastrophique sur le plan comptable, et une progression il est vrai peu visible dans le jeu, Luis Castro n\u2019a pas non plus \u00e9t\u00e9 aid\u00e9 par un effectif loin d\u2019\u00eatre \u00e0 la hauteur, \u00e0 tel point que certains joueurs n\u2019ont pas h\u00e9sit\u00e9 ces derniers jours \u00e0 demander publiquement des renforts, et si possible rapidement. Le constat est l\u00e0: Nantes, aujourd&rsquo;hui 17e de Ligue 1 \u00e0 quatre longueurs du premier non-rel\u00e9gable (Le Havre), a totalement rat\u00e9 son dernier mercato. Dans les grandes largeurs. Dans un contexte d&rsquo;aust\u00e9rit\u00e9 drastique avec un budget pass\u00e9 de 80 \u00e0 50 millions d&rsquo;euros, les ventes de Nathan Z\u00e9z\u00e9 (20 millions d\u2019euros), <a href=\"https:\/\/rmcsport.bfmtv.com\/football\/coupe-d-afrique-des-nations\/can-2025-le-nigeria-a-la-meilleure-attaque-d-afrique-et-presque-du-monde-clame-moses-simon_AV-202512100925.html\" title=\"CAN 2025: &quot;Le Nigeria a la meilleure attaque d\u2019Afrique et presque du monde&quot;, clame Moses Simon\" class=\"internal_link\" target=\"_blank\" rel=\"noopener\">Moses Simon<\/a> (7 millions), Douglas Augusto (6,5 millions) ou encore Jean-Charles Castelletto (4 millions d\u2019euros) ont permis aux Kita de renflouer les caisses l\u2019\u00e9t\u00e9 dernier. Mais tout ce beau monde a \u00e9t\u00e9 remplac\u00e9 par des paris, qui se r\u00e9v\u00e8lent pour la plupart rat\u00e9s.<\/p>\n<p>Un d\u00e9fenseur reconverti avant-centre<\/p>\n<p>Mention sp\u00e9ciale pour le Serbe <a href=\"https:\/\/rmcsport.bfmtv.com\/football\/transferts\/nantes-il-y-en-a-qui-sont-meilleurs-a-peine-recrute-le-defenseur-radakovic-deja-pousse-vers-la-sortie_AV-202508030179.html\" title=\"Nantes: &quot;Il y en a qui sont meilleurs&quot;: \u00e0 peine recrut\u00e9, le d\u00e9fenseur Radakovic d\u00e9j\u00e0 pouss\u00e9 vers la sortie\" class=\"internal_link\" target=\"_blank\" rel=\"noopener\">Uros Radakovic<\/a>. Un d\u00e9fenseur central de 31 ans, arriv\u00e9 libre apr\u00e8s avoir encha\u00een\u00e9 les clubs ces derni\u00e8res ann\u00e9es, du Kazakhstan \u00e0 la Turquie, qui se pose en terrible erreur de casting. D\u00e8s la pr\u00e9-saison, le staff nantais a compris qu\u2019il ne ferait pas l\u2019affaire et l&rsquo;a plac\u00e9 sur la liste des ind\u00e9sirables sans parvenir \u00e0 l&rsquo;exfiltrer. R\u00e9sultat: 21 minutes au total pour quatre entr\u00e9es en jeu, \u00e0 chaque fois ou presque comme\u2026 avant-centre pour tenter d\u2019exploiter son 1m94. Autre \u00e9chec: le Sud-Cor\u00e9en Hong Hyun-seok. Pr\u00eat\u00e9 avec option d\u2019achat par Mayence, ce milieu offensif de 26 ans r\u00e9v\u00e9l\u00e9 en Belgique \u00e9tait cens\u00e9 apporter sa touche technique dans un secteur orphelin de la finesse d\u2019un <a href=\"https:\/\/rmcsport.bfmtv.com\/football\/ligue-1\/inondations-en-espagne-la-belle-initiative-de-chirivella-et-du-fc-nantes-pour-aider-les-sinistres_AV-202411010500.html\" title=\"Inondations en Espagne: la belle initiative de Chirivella et du FC Nantes pour aider les sinistr\u00e9s\" class=\"internal_link\" target=\"_blank\" rel=\"noopener\">Pedro Chirivella<\/a>. Mais il a plong\u00e9 un apr\u00e8s-midi de septembre \u00e0 Nice et n\u2019a plus \u00e9t\u00e9 revu depuis deux mois, \u00e0 tel point qu\u2019il pourrait repartir d\u00e8s janvier. Kantari ne l&rsquo;a d&rsquo;ailleurs pas convoqu\u00e9 pour le d\u00e9placement au SCO.<\/p>\n<p>Il faudra aussi trouver une solution pour l\u2019attaquant malien Amady Camara (20 ans), pr\u00eat\u00e9 par les Autrichiens du Sturm Graz, et qui doit se contenter de miettes, la faute \u00e0 des entr\u00e9es rarement convaincantes. Lui aussi recrut\u00e9 sous la forme d\u2019un pr\u00eat, la sp\u00e9cialit\u00e9 maison, l\u2019ailier su\u00e9dois Mayckel Lahdo (22 ans) a pu montrer un peu plus de choses, entre deux passages \u00e0 l\u2019infirmerie. Mais celui qui appartient \u00e0 l&rsquo;AZ Alkmaar ne compte qu\u2019un but et aucune passe d\u00e9cisive en sept matchs jou\u00e9s. Avec ses trois pions inscrits, Youssef El Arabi est lui le meilleur buteur de cette formation nantaise, et l\u2019une des rares satisfactions du dernier mercato. Son retour en Ligue 1, plus d\u2019une d\u00e9cennie apr\u00e8s son \u00e9closion \u00e0 Caen, s\u2019apparente plut\u00f4t \u00e0 un joli coup inattendu, m\u00eame si le Marocain de 38 ans &#8211; complice avec <a href=\"https:\/\/rmcsport.bfmtv.com\/football\/ligue-1\/je-ne-doute-pas-le-maintien-avec-nantes-ses-axes-de-progression-ses-reves-d-equipe-de-france-les-confessions-de-matthis-abline_AN-202511200076.html\" title=\"&quot;Je ne doute pas&quot;: le maintien avec Nantes, ses axes de progression, ses r\u00eaves d&#039;\u00e9quipe de France... Les confessions de Matthis Abline\" class=\"internal_link\" target=\"_blank\" rel=\"noopener\">Matthis Abline<\/a> &#8211; est apparu plus en difficult\u00e9 sur ses derni\u00e8res sorties, pas aid\u00e9 par un collectif d\u00e9pass\u00e9 \u00e0 toutes les lignes.<\/p>\n<p>Le myst\u00e8re Benhattab<\/p>\n<p>Au sein de ce onze en jach\u00e8re, les supporters peinent encore \u00e0 comprendre la r\u00e9elle plus-value de Kwon Hyeok-kyu. Recrut\u00e9 au Celtic, o\u00f9 il ne s\u2019est jamais impos\u00e9, cet international sud-cor\u00e9en de 24 ans n\u2019a manqu\u00e9 que trois matchs de Ligue 1 cette saison, alternant entre un poste de milieu (tr\u00e8s, tr\u00e8s) d\u00e9fensif et un r\u00f4le de troisi\u00e8me axial. Mais ses prestations sont le plus souvent insuffisantes, avec un jeu vers l\u2019avant trop timide et un apport limit\u00e9 \u00e0 la r\u00e9cup\u00e9ration.<\/p>\n<p>Dans ce domaine, Junior Mwanga (22 ans), pr\u00eat\u00e9 par Strasbourg dans la derni\u00e8re ligne droite du mercato, s\u2019en sort un peu mieux. Mais il lui manque encore constance et r\u00e9gularit\u00e9 pour exploiter un potentiel certain. Le constat pourrait aussi s\u2019appliquer au talentueux Yassine Benhattab (23 ans), frisson de l\u2019\u00e9t\u00e9 aujourd\u2019hui port\u00e9 disparu ou presque.<\/p>\n<p><img decoding=\"async\" class=\"lozad\" src=\"https:\/\/www.europesays.com\/fr\/wp-content\/uploads\/2025\/12\/Yassine-BENHATTAB-2199999.jpg\"  alt=\"Yassine BENHATTAB\" title=\"Yassine BENHATTAB\"\/>Yassine BENHATTAB \u00a9 FEP \/ Icon Sport<\/p>\n<p>Meilleur joueur de National la saison derni\u00e8re avec Aubagne, virevoltant \u00e0 la Beaujoire lors de la premi\u00e8re journ\u00e9e face au <a href=\"https:\/\/rmcsport.bfmtv.com\/football\/clubs\/losc-lille\/mercato-pourquoi-ayyoub-bouaddi-a-refuse-le-psg-pour-rejoindre-lille-en-2021_AV-202512110551.html\" title=\"Mercato: pourquoi Ayyoub Bouaddi a refus\u00e9 le PSG pour rejoindre Lille en 2021\" class=\"internal_link\" target=\"_blank\" rel=\"noopener\">PSG<\/a>, l\u2019\u00e9l\u00e9gant gaucher n\u2019a toujours pas pass\u00e9 le cap, au point d\u2019avoir un temps \u00e9t\u00e9 \u00e9cart\u00e9 du groupe par Luis Castro. Finalement, la meilleure recrue se nomme sans doute Chidozie Awaziem. Et peu auraient mis\u00e9 dessus au vu de ses derni\u00e8res exp\u00e9riences en MLS. Revenu sur les bords de l\u2019Erdre, sept ans apr\u00e8s un premier passage, le roc nig\u00e9rian (28 ans) s\u2019est impos\u00e9 comme la valeur s\u00fbre de la d\u00e9fense, \u00e0 l\u2019inverse d\u2019un Nicolas Cozza en grande souffrance \u00e0 gauche. Pr\u00eat\u00e9 pour la troisi\u00e8me fois par Wolfsburg, le lat\u00e9ral de 26 ans a vu un milieu lui passer devant (Louis Leroux), alors que la signature en joker du Lensois Deiver Machado (32 ans) sonne comme une r\u00e9ponse \u00e0 ses \u00e9videntes lacunes.<\/p>\n<p>Avant de prendre la porte, Luis Castro avait fait passer des messages ces derniers jours, pointant les insuffisances de son effectif (\u00ab\u00a0Nous, apr\u00e8s les remplacements, nos r\u00e9sultats sont souvent pires qu&rsquo;avant\u00a0\u00bb) et la n\u00e9cessit\u00e9 de se remplumer en janvier. En tribunes, via une banderole d\u00e9ploy\u00e9e le week-end dernier contre Lens, les ultras nantais ont aussi cibl\u00e9 Baptiste Drouet, le responsable du recrutement. Car si la direction nantaise s&rsquo;en remet \u00e0 la fameuse \u00ab\u00a0th\u00e9orie de l&rsquo;\u00e9lectrochoc\u00a0\u00bb en relan\u00e7ant la lessiveuse \u00e0 entra\u00eeneurs, le maintien passera \u00e0 coup s\u00fbr par un mercato d\u2019hiver enfin pertinent.<\/p>\n","protected":false},"excerpt":{"rendered":"Avant-dernier de Ligue 1 avant son d\u00e9placement \u00e0 Angers ce vendredi (20h45), le FC Nantes s&rsquo;est r\u00e9solu cette&hellip;\n","protected":false},"author":2,"featured_media":594904,"comment_status":"","ping_status":"","sticky":false,"template":"","format":"standard","meta":{"footnotes":""},"categories":[2818],"tags":[1111,11,1777,674,1011,27,766,12,2636,25],"class_list":{"0":"post-594903","1":"post","2":"type-post","3":"status-publish","4":"format-standard","5":"has-post-thumbnail","7":"category-nantes","8":"tag-actu","9":"tag-actualites","10":"tag-eu","11":"tag-europe","12":"tag-fr","13":"tag-france","14":"tag-nantes","15":"tag-news","16":"tag-pays-de-la-loire","17":"tag-republique-francaise"},"share_on_mastodon":{"url":"https:\/\/pubeurope.com\/@fr\/115706562246907352","error":""},"_links":{"self":[{"href":"https:\/\/www.europesays.com\/fr\/wp-json\/wp\/v2\/posts\/594903","targetHints":{"allow":["GET"]}}],"collection":[{"href":"https:\/\/www.europesays.com\/fr\/wp-json\/wp\/v2\/posts"}],"about":[{"href":"https:\/\/www.europesays.com\/fr\/wp-json\/wp\/v2\/types\/post"}],"author":[{"embeddable":true,"href":"https:\/\/www.europesays.com\/fr\/wp-json\/wp\/v2\/users\/2"}],"replies":[{"embeddable":true,"href":"https:\/\/www.europesays.com\/fr\/wp-json\/wp\/v2\/comments?post=594903"}],"version-history":[{"count":0,"href":"https:\/\/www.europesays.com\/fr\/wp-json\/wp\/v2\/posts\/594903\/revisions"}],"wp:featuredmedia":[{"embeddable":true,"href":"https:\/\/www.europesays.com\/fr\/wp-json\/wp\/v2\/media\/594904"}],"wp:attachment":[{"href":"https:\/\/www.europesays.com\/fr\/wp-json\/wp\/v2\/media?parent=594903"}],"wp:term":[{"taxonomy":"category","embeddable":true,"href":"https:\/\/www.europesays.com\/fr\/wp-json\/wp\/v2\/categories?post=594903"},{"taxonomy":"post_tag","embeddable":true,"href":"https:\/\/www.europesays.com\/fr\/wp-json\/wp\/v2\/tags?post=594903"}],"curies":[{"name":"wp","href":"https:\/\/api.w.org\/{rel}","templated":true}]}}