{"id":594911,"date":"2025-12-12T12:23:11","date_gmt":"2025-12-12T12:23:11","guid":{"rendered":"https:\/\/www.europesays.com\/fr\/594911\/"},"modified":"2025-12-12T12:23:11","modified_gmt":"2025-12-12T12:23:11","slug":"serie-daccidents-sur-le-peripherique-de-toulouse-6-voitures-impliquees","status":"publish","type":"post","link":"https:\/\/www.europesays.com\/fr\/594911\/","title":{"rendered":"S\u00e9rie d&rsquo;accidents sur le p\u00e9riph\u00e9rique de Toulouse : 6 voitures impliqu\u00e9es"},"content":{"rendered":"<p>                    Par<br \/>\n        <strong><br \/>\n            <a href=\"https:\/\/actu.fr\/auteur\/mareva-laville-actu-fr\" title=\"Consulter tous les articles de Mar\u00e9va Laville\" target=\"_blank\" rel=\"noopener\">Mar\u00e9va Laville<\/a><br \/>\n                    <\/strong><\/p>\n<p>        Publi\u00e9 le<\/p>\n<p>            12 d\u00e9c. 2025 \u00e0 13h09        <\/p>\n<p>La circulation n\u2019est pas ais\u00e9e sur le <a href=\"https:\/\/actu.fr\/occitanie\/toulouse_31555\/toulouse-un-troncon-du-peripherique-va-etre-ferme-voici-la-grande-deviation-mise-en-place_63557971.html\" target=\"_blank\" rel=\"noopener\"><strong>p\u00e9riph\u00e9rique de Toulouse<\/strong> <\/a>ce vendredi 12\u00a0d\u00e9cembre 2025 midi. Deux accidents, ainsi qu\u2019un troisi\u00e8me au niveau de <a href=\"https:\/\/actu.fr\/tag\/aeroport-toulouse-blagnac\" target=\"_blank\" rel=\"noopener\">l\u2019a\u00e9roport de Blagnac<\/a>, se sont produits \u00e0 la mi-journ\u00e9e.<\/p>\n<p>Deux accidents dans les deux sens<\/p>\n<p class=\" wall-content\">Les deux accidents majeurs <strong>impliquent trois voitures chacun.<\/strong> Le premier se trouve sur le p\u00e9riph\u00e9rique <strong>int\u00e9rieur<\/strong>, <strong>\u00e0 hauteur de Basso Cambo<\/strong>. Le carambolage s\u2019est produit sur la voie de gauche, g\u00e9n\u00e9rant quelques ralentissements en amont, \u00e0 partir de l\u2019\u00e9changeur permettant de basculer de l\u2019A64 au p\u00e9riph\u00e9rique.<\/p>\n<p class=\" wall-content\">Dans l\u2019autre sens, du nord vers le sud, un autre accident provoque environ 3km de bouchons sur le <strong>p\u00e9riph\u00e9rique ext\u00e9rieur de Toulouse<\/strong>. Au niveau de <strong>Purpan<\/strong>, trois voitures ont subi un choc. La circulation est compliqu\u00e9e d\u00e8s les Sept-Deniers, jusqu\u2019\u00e0 Purpan.<\/p>\n<p class=\" wall-content\">Personnalisez votre actualit\u00e9 en ajoutant vos villes et m\u00e9dias en favori avec <a href=\"https:\/\/moncompte.actu.fr\" title=\"D\u00e9couvez Mon Actu\" rel=\"nofollow noopener\" data-trk=\"{&quot;cta&quot;:{&quot;action&quot;:&quot;https:\\\/\\\/moncompte.actu.fr&quot;,&quot;category&quot;:&quot;mon compte&quot;,&quot;from&quot;:&quot;article footer&quot;,&quot;name&quot;:&quot;Mon actu&quot;,&quot;type&quot;:&quot;cta&quot;}}\" target=\"_blank\">Mon Actu<\/a>.<\/p>\n","protected":false},"excerpt":{"rendered":"Par Mar\u00e9va Laville Publi\u00e9 le 12 d\u00e9c. 2025 \u00e0 13h09 La circulation n\u2019est pas ais\u00e9e sur le p\u00e9riph\u00e9rique&hellip;\n","protected":false},"author":2,"featured_media":594912,"comment_status":"","ping_status":"","sticky":false,"template":"","format":"standard","meta":{"footnotes":""},"categories":[2816],"tags":[119,1111,11,1777,674,118,1011,27,12,2680,4800,25,2312],"class_list":{"0":"post-594911","1":"post","2":"type-post","3":"status-publish","4":"format-standard","5":"has-post-thumbnail","7":"category-toulouse","8":"tag-accident","9":"tag-actu","10":"tag-actualites","11":"tag-eu","12":"tag-europe","13":"tag-faits-divers","14":"tag-fr","15":"tag-france","16":"tag-news","17":"tag-occitanie","18":"tag-peripherique-de-toulouse","19":"tag-republique-francaise","20":"tag-toulouse"},"share_on_mastodon":{"url":"https:\/\/pubeurope.com\/@fr\/115706580480036287","error":""},"_links":{"self":[{"href":"https:\/\/www.europesays.com\/fr\/wp-json\/wp\/v2\/posts\/594911","targetHints":{"allow":["GET"]}}],"collection":[{"href":"https:\/\/www.europesays.com\/fr\/wp-json\/wp\/v2\/posts"}],"about":[{"href":"https:\/\/www.europesays.com\/fr\/wp-json\/wp\/v2\/types\/post"}],"author":[{"embeddable":true,"href":"https:\/\/www.europesays.com\/fr\/wp-json\/wp\/v2\/users\/2"}],"replies":[{"embeddable":true,"href":"https:\/\/www.europesays.com\/fr\/wp-json\/wp\/v2\/comments?post=594911"}],"version-history":[{"count":0,"href":"https:\/\/www.europesays.com\/fr\/wp-json\/wp\/v2\/posts\/594911\/revisions"}],"wp:featuredmedia":[{"embeddable":true,"href":"https:\/\/www.europesays.com\/fr\/wp-json\/wp\/v2\/media\/594912"}],"wp:attachment":[{"href":"https:\/\/www.europesays.com\/fr\/wp-json\/wp\/v2\/media?parent=594911"}],"wp:term":[{"taxonomy":"category","embeddable":true,"href":"https:\/\/www.europesays.com\/fr\/wp-json\/wp\/v2\/categories?post=594911"},{"taxonomy":"post_tag","embeddable":true,"href":"https:\/\/www.europesays.com\/fr\/wp-json\/wp\/v2\/tags?post=594911"}],"curies":[{"name":"wp","href":"https:\/\/api.w.org\/{rel}","templated":true}]}}