{"id":594916,"date":"2025-12-12T12:26:15","date_gmt":"2025-12-12T12:26:15","guid":{"rendered":"https:\/\/www.europesays.com\/fr\/594916\/"},"modified":"2025-12-12T12:26:15","modified_gmt":"2025-12-12T12:26:15","slug":"marseille-deux-fonctionnaires-du-tribunal-mis-en-examen-pour-avoir-collabore-avec-des-proches-de-la-dz-mafia","status":"publish","type":"post","link":"https:\/\/www.europesays.com\/fr\/594916\/","title":{"rendered":"Marseille : deux fonctionnaires du tribunal mis en examen pour avoir collabor\u00e9 avec des proches de la DZ Mafia"},"content":{"rendered":"<p>                                            Faits divers\n                                                                            <\/p>\n<p>\n                                            Deux employ\u00e9es du tribunal judiciaire de Marseille sont soup\u00e7onn\u00e9es d&rsquo;avoir consult\u00e9 et transmis ill\u00e9galement des donn\u00e9es sensibles \u00e0 des proches de l&rsquo;influente mafia marseillaise. Mises en examen, elles ont \u00e9t\u00e9 plac\u00e9es sous contr\u00f4le judiciaire.                                        <\/p>\n<p>                                                Publi\u00e9 le 12 d\u00e9cembre 2025 \u00e0 12h08                                                                                            <\/p>\n<p>                                            <img loading=\"lazy\" width=\"1024\" height=\"683\" src=\"https:\/\/www.europesays.com\/fr\/wp-content\/uploads\/2025\/12\/Capture-decran-2025-12-12-112536.jpg\" class=\"attachment-post-thumbnail size-post-thumbnail wp-post-image\" alt=\"Le tribunal judiciaire de Marseille. PHOTO \u00a9 Capture Google Street View\" decoding=\"async\"  \/><\/p>\n<p>                                            Le tribunal judiciaire de Marseille. PHOTO \u00a9 Capture Google Street View<\/p>\n<p>C\u2019est la premi\u00e8re affaire de <a href=\"https:\/\/www.valeursactuelles.com\/societe\/les-condamnations-de-personnels-de-prison-pour-remises-dobjets-illicites-a-un-detenu-ont-augmente-de-41-en-trois-ans\" target=\"_blank\" rel=\"noopener sponsored\">corruption <\/a><a href=\"https:\/\/www.valeursactuelles.com\/societe\/les-condamnations-de-personnels-de-prison-pour-remises-dobjets-illicites-a-un-detenu-ont-augmente-de-41-en-trois-ans\" target=\"_blank\" rel=\"noopener sponsored\">\u00ab de basse intensit\u00e9<\/a> \u00bb boucl\u00e9e par la cellule d\u00e9di\u00e9e du parquet de Marseille, cr\u00e9\u00e9e en octobre 2025. Deux employ\u00e9es administratives du tribunal judiciaire de Marseille ont \u00e9t\u00e9 mises en examen le 5 d\u00e9cembre dernier, relate <a href=\"https:\/\/www.cnews.fr\/faits-divers\/2025-12-11\/argent-cadeaux-voyages-deux-fonctionnaires-du-tribunal-de-marseille-mises\" target=\"_blank\" rel=\"nofollow noopener\">CNews<\/a>, confirmant une information du <a href=\"https:\/\/www.lemonde.fr\/societe\/article\/2025\/12\/09\/marseille-deux-agentes-du-tribunal-mises-en-examen-pour-avoir-consulte-des-documents-pour-la-dz-mafia_6656652_3224.html\" target=\"_blank\" rel=\"nofollow noopener\">Monde<\/a>. Elles sont soup\u00e7onn\u00e9es d\u2019avoir consult\u00e9 et transmis ill\u00e9galement des donn\u00e9es sensibles \u00e0 des proches de la DZ Mafia, une <a href=\"https:\/\/www.valeursactuelles.com\/clubvaleurs\/faits-divers\/dz-mafia-des-narcotrafiquants-en-quete-de-nouveaux-marches\" target=\"_blank\" rel=\"noopener sponsored\">influente organisation criminelle<\/a> marseillaise li\u00e9e au narcotrafic.<\/p>\n<p><a href=\"https:\/\/www.valeursactuelles.com\/clubvaleurs\/faits-divers\/inside-dz-mafia-au-coeur-du-gang-narco-mafieux\" class=\"h-flex h-align-items-center h-border-tb h-ptb-15\" target=\"_blank\" rel=\"noopener\">A\u00a0LIRE\u00a0\u00ab\u00a0Inside DZ Mafia\u00a0\u00bb : au c\u0153ur du gang narco mafieux<\/a><\/p>\n<p>La premi\u00e8re jeune femme, \u00e2g\u00e9e de 26 ans, a \u00e9t\u00e9 plac\u00e9e sous contr\u00f4le judiciaire et s\u2019est vu notifier une interdiction professionnelle d\u2019exercer. Elle aurait consult\u00e9 de mani\u00e8re occasionnelle, pendant plus de deux ans, les fichiers du tribunal. Elle les aurait ensuite transmis \u00e0 son compagnon, impliqu\u00e9 dans des affaires de trafic de stup\u00e9fiants. Elle est ainsi mise en examen pour d\u00e9tournement de la finalit\u00e9 d\u2019un traitement de donn\u00e9es \u00e0 caract\u00e8re personnel.<\/p>\n<p>Le placement en d\u00e9tention provisoire requis<\/p>\n<p>La seconde femme, \u00e2g\u00e9e de 24 ans, est suspect\u00e9e d\u2019avoir consult\u00e9 des documents confidentiels \u00e0 une cinquantaine de reprises puis d\u2019avoir transmis des informations \u00e0 son ex-petit ami, le cousin de Medhi Laribi, alias \u00ab Tic \u00bb, pr\u00e9sent\u00e9 comme le patron de la <a href=\"https:\/\/www.valeursactuelles.com\/societe\/dz-mafia-125-enquetes-policieres-sont-en-cours-contre-le-cartel-marseillais\" target=\"_blank\" rel=\"noopener sponsored\">DZ Mafia<\/a> selon la police judiciaire, r\u00e9v\u00e8le Le Monde. En \u00e9change, elle aurait obtenu de l\u2019argent, des cadeaux ou des voyages.<\/p>\n<p>Celle-ci est donc mise en examen pour d\u00e9tournement de la finalit\u00e9 d\u2019un fichier de traitement de donn\u00e9es \u00e0 caract\u00e8re personnel, violation du secret professionnel, r\u00e9v\u00e9lation d\u2019information sur une enqu\u00eate ou une instruction pour un crime ou d\u00e9lit relevant de la criminalit\u00e9 organis\u00e9e \u00e0 une personne susceptible d\u2019y \u00eatre impliqu\u00e9e. Elle a \u00e9t\u00e9 plac\u00e9e sous un contr\u00f4le judiciaire strict et a interdiction d\u2019exercer un emploi au sein des minist\u00e8res de la Justice, de l\u2019Int\u00e9rieur et de la D\u00e9fense. Le minist\u00e8re public, qui a demand\u00e9 un placement en d\u00e9tention provisoire, a fait appel de la d\u00e9cision.<\/p>\n<p>Son ex-petit ami, lui, a \u00e9t\u00e9 mis en examen pour corruption active, recel de fichiers et recel de violation du secret de l\u2019enqu\u00eate et de l\u2019instruction. Il est plac\u00e9 sous contr\u00f4le judiciaire. Les investigations se poursuivent pour d\u00e9terminer l\u2019\u00e9tendue des fuites.<\/p>\n","protected":false},"excerpt":{"rendered":"Faits divers Deux employ\u00e9es du tribunal judiciaire de Marseille sont soup\u00e7onn\u00e9es d&rsquo;avoir consult\u00e9 et transmis ill\u00e9galement des donn\u00e9es&hellip;\n","protected":false},"author":2,"featured_media":594917,"comment_status":"","ping_status":"","sticky":false,"template":"","format":"standard","meta":{"footnotes":""},"categories":[2814],"tags":[1111,11,1770,14028,1777,674,1011,27,884,5117,12,882,25,58673,3693],"class_list":{"0":"post-594916","1":"post","2":"type-post","3":"status-publish","4":"format-standard","5":"has-post-thumbnail","7":"category-marseille","8":"tag-actu","9":"tag-actualites","10":"tag-corruption","11":"tag-dz-mafia","12":"tag-eu","13":"tag-europe","14":"tag-fr","15":"tag-france","16":"tag-marseille","17":"tag-mise-en-examen","18":"tag-news","19":"tag-provence-alpes-cote-dazur","20":"tag-republique-francaise","21":"tag-soupcons-de-corruption","22":"tag-tribunal"},"share_on_mastodon":{"url":"https:\/\/pubeurope.com\/@fr\/115706592415974553","error":""},"_links":{"self":[{"href":"https:\/\/www.europesays.com\/fr\/wp-json\/wp\/v2\/posts\/594916","targetHints":{"allow":["GET"]}}],"collection":[{"href":"https:\/\/www.europesays.com\/fr\/wp-json\/wp\/v2\/posts"}],"about":[{"href":"https:\/\/www.europesays.com\/fr\/wp-json\/wp\/v2\/types\/post"}],"author":[{"embeddable":true,"href":"https:\/\/www.europesays.com\/fr\/wp-json\/wp\/v2\/users\/2"}],"replies":[{"embeddable":true,"href":"https:\/\/www.europesays.com\/fr\/wp-json\/wp\/v2\/comments?post=594916"}],"version-history":[{"count":0,"href":"https:\/\/www.europesays.com\/fr\/wp-json\/wp\/v2\/posts\/594916\/revisions"}],"wp:featuredmedia":[{"embeddable":true,"href":"https:\/\/www.europesays.com\/fr\/wp-json\/wp\/v2\/media\/594917"}],"wp:attachment":[{"href":"https:\/\/www.europesays.com\/fr\/wp-json\/wp\/v2\/media?parent=594916"}],"wp:term":[{"taxonomy":"category","embeddable":true,"href":"https:\/\/www.europesays.com\/fr\/wp-json\/wp\/v2\/categories?post=594916"},{"taxonomy":"post_tag","embeddable":true,"href":"https:\/\/www.europesays.com\/fr\/wp-json\/wp\/v2\/tags?post=594916"}],"curies":[{"name":"wp","href":"https:\/\/api.w.org\/{rel}","templated":true}]}}