{"id":594920,"date":"2025-12-12T12:28:14","date_gmt":"2025-12-12T12:28:14","guid":{"rendered":"https:\/\/www.europesays.com\/fr\/594920\/"},"modified":"2025-12-12T12:28:14","modified_gmt":"2025-12-12T12:28:14","slug":"lyon-un-festival-anti-police-soutenu-par-lfi-aura-lieu-malgre-linterdiction-prefectorale","status":"publish","type":"post","link":"https:\/\/www.europesays.com\/fr\/594920\/","title":{"rendered":"Lyon : un festival anti-police, soutenu par LFI, aura lieu malgr\u00e9 l&rsquo;interdiction pr\u00e9fectorale"},"content":{"rendered":"<p>                                            Faits divers\n                                                                            <\/p>\n<p>\n                                            Le \u00ab Lyon Antifa Fest \u00bb aura bien lieu ce week-end. Le festival a \u00e9t\u00e9, dans un premier temps, interdit par la pr\u00e9fecture du Rh\u00f4ne qui redoutait \u00ab des troubles graves \u00e0 l&rsquo;ordre public \u00bb.                                        <\/p>\n<p>                                                Publi\u00e9 le 12 d\u00e9cembre 2025 \u00e0 13h11                                                                                            <\/p>\n<p>                                            <img loading=\"lazy\" width=\"1024\" height=\"683\" src=\"https:\/\/www.europesays.com\/fr\/wp-content\/uploads\/2025\/12\/SIPA_01240718_0000341.jpg\" class=\"attachment-post-thumbnail size-post-thumbnail wp-post-image\" alt=\"Rapha\u00ebl Arnault, d\u00e9put\u00e9 LFI du Vaucluse et cofondateur du mouvement antifasciste, La Jeune Garde. PHOTO \u00a9 Olivier Juszczak\/SIPA\" decoding=\"async\"  \/><\/p>\n<p>                                            Rapha\u00ebl Arnault, d\u00e9put\u00e9 LFI du Vaucluse et cofondateur du mouvement antifasciste, La Jeune Garde. PHOTO \u00a9 Olivier Juszczak\/SIPA<\/p>\n<p>Le festival \u00ab Lyon Antifa Fest \u00bb aura lieu \u00e0 <a href=\"https:\/\/www.valeursactuelles.com\/clubvaleurs\/faits-divers\/on-se-sent-abandonne-par-letat-face-aux-trafics-un-buraliste-de-villeurbanne-raconte-leffondrement-de-son-commerce\" target=\"_blank\" rel=\"noopener sponsored\">Villeurbanne<\/a>, ce week-end. La justice a annul\u00e9 l\u2019arr\u00eat\u00e9 pr\u00e9fectoral qui avait interdit sa tenue, rapporte <a href=\"https:\/\/www.lyoncapitale.fr\/actualite\/les-concerts-antifa-auront-bien-lieu-a-villeurbanne-la-justice-annule-l-interdiction-prefectorale\" target=\"_blank\" rel=\"nofollow noopener\">Lyon Capitale<\/a>, vendredi 12 d\u00e9cembre. Le pr\u00e9fet du Rh\u00f4ne consid\u00e9rait que les concerts de groupes aux textes hostiles \u00e0 la police \u00ab peuvent \u00eatre un catalyseur de plusieurs agissements violents et de troubles graves \u00e0 l\u2019ordre public lors d\u2019affrontements \u00bb, en raison de \u00ab l\u2019antagonisme r\u00e9current et violent entre la mouvance d\u2019ultra-gauche et la mouvance d\u2019ultra-droite \u00bb.<\/p>\n<p><a href=\"https:\/\/www.valeursactuelles.com\/clubvaleurs\/societe\/fachorama-le-jeu-des-militants-antifa-qui-se-moque-de-lextreme-droite\" class=\"h-flex h-align-items-center h-border-tb h-ptb-15\" target=\"_blank\" rel=\"noopener\">A\u00a0LIRE\u00a0Fachorama : le jeu des militants antifa qui se moque de \u00ab l\u2019extr\u00eame-droite \u00bb<\/a><\/p>\n<p>La d\u00e9cision de la pr\u00e9f\u00e8te Fabienne Buccio avait \u00e9t\u00e9 largement critiqu\u00e9e par des \u00e9lus de La France insoumise. \u00ab La pr\u00e9fecture qui a laiss\u00e9 prolif\u00e9rer des locaux n\u00e9o-nazis durant des ann\u00e9es \u00e0 Lyon a d\u00e9cid\u00e9 d\u2019interdire un concert dans le cadre d\u2019un festival antifasciste ce week-end. Ils agissent sous les ordres de G\u00e9n\u00e9ration Identitaire et du RN ? \u00bb, s\u2019est exclam\u00e9 <a href=\"https:\/\/www.valeursactuelles.com\/societe\/le-depute-lfi-antifa-et-fiche-s-raphael-arnault-definitivement-condamne-pour-violence-en-reunion\" target=\"_blank\" rel=\"noopener sponsored\">Rapha\u00ebl Arnault<\/a>, d\u00e9put\u00e9 LFI du Vaucluse et cofondateur de <a href=\"https:\/\/www.valeursactuelles.com\/politique\/assemblee-nationale-une-depute-lfi-apercue-vetue-dun-t-shirt-de-la-jeune-garde-antifasciste\" target=\"_blank\" rel=\"noopener sponsored\">La Jeune Garde<\/a>, sur X, le 10 d\u00e9cembre.<\/p>\n<blockquote class=\"twitter-tweet\">\n<p dir=\"ltr\" lang=\"fr\">La <a href=\"https:\/\/twitter.com\/prefetrhone?ref_src=twsrc%5Etfw\" target=\"_blank\" rel=\"noopener\">@prefetrhone<\/a> qui a laiss\u00e9 prolif\u00e9rer des locaux n\u00e9o-nazis durant des ann\u00e9es \u00e0 Lyon a d\u00e9cid\u00e9 d\u2019interdire un concert (avec des artistes L\u2019Allemand &amp; Da Uzi) dans le cadre d\u2019un festival antifasciste ce week-end.<\/p>\n<p>Ils agissent sous les ordres de G\u00e9n\u00e9ration Identitaire et du RN ? <a href=\"https:\/\/t.co\/BqvW7lbAvc\">https:\/\/t.co\/BqvW7lbAvc<\/a><\/p>\n<p>\u2014 Rapha\u00ebl Arnault (@ArnaultRaphael) <a href=\"https:\/\/twitter.com\/ArnaultRaphael\/status\/1998811647008555335?ref_src=twsrc%5Etfw\" target=\"_blank\" rel=\"noopener\">December 10, 2025<\/a><\/p>\n<\/blockquote>\n<p>\u00ab \u00c9trange conception de \u00ab\u00a0l\u2019ordre public\u00a0\u00bb : les groupes d\u2019extr\u00eame droite gardent pignon sur rue, mais la culture antifasciste est musel\u00e9e \u00bb, a abond\u00e9 Gabriel Amard, d\u00e9put\u00e9 LFI du Rh\u00f4ne.<\/p>\n<p>\u00ab Fermet\u00e9 contre tous les groupes qui propagent des messages de haine \u00bb<\/p>\n<p>Des propos qui ont entra\u00een\u00e9 une r\u00e9ponse cinglante des services de l\u2019\u00c9tat. \u00ab Vos propos passent volontairement sous silence l\u2019action d\u00e9termin\u00e9e des services de l\u2019\u00c9tat contre les groupuscules de l\u2019ultradroite \u00bb, a \u00e9crit sur X la pr\u00e9fecture, citant <a href=\"https:\/\/www.valeursactuelles.com\/politique\/le-gud-et-trois-autres-structures-dultradroite-dissous-par-le-gouvernement\" target=\"_blank\" rel=\"noopener sponsored\">la dissolution des Remparts, de la Traboule<\/a> ou encore de Lyon Populaire. \u00ab L\u2019\u00c9tat fait preuve de fermet\u00e9 contre tous les groupes radicaux violents qui propagent des messages de haine, qui g\u00e9n\u00e8rent des troubles \u00e0 l\u2019ordre public et commettent des agressions \u00bb, poursuit-elle. Et de conclure : \u00ab C\u2019est la raison pour laquelle la <a href=\"https:\/\/www.valeursactuelles.com\/politique\/ultragauche-bruno-retailleau-annonce-la-dissolution-du-mouvement-antifasciste-de-la-jeune-garde\" target=\"_blank\" rel=\"noopener sponsored\">dissolution de la Jeune Garde<\/a> a \u00e9galement \u00e9t\u00e9 prononc\u00e9e. \u00bb<\/p>\n<blockquote class=\"twitter-tweet\">\n<p dir=\"ltr\" lang=\"fr\">Monsieur le d\u00e9put\u00e9<\/p>\n<p>Vos propos passent volontairement sous silence l\u2019action d\u00e9termin\u00e9e des services de l\u2019\u00c9tat contre les groupuscules de l\u2019ultradroite.<\/p>\n<p>\u27a1\ufe0fdissolution des Remparts, de la Traboule et Top sport Rh\u00f4ne et fermeture de leurs locaux dans le Vieux-Lyon en juin 2024\u2026 <a href=\"https:\/\/t.co\/tdvRyvmwpq\">https:\/\/t.co\/tdvRyvmwpq<\/a><\/p>\n<p>\u2014 Pr\u00e9f\u00e8te de r\u00e9gion Auvergne-Rh\u00f4ne-Alpes et du Rh\u00f4ne (@prefetrhone) <a href=\"https:\/\/twitter.com\/prefetrhone\/status\/1998846794478821835?ref_src=twsrc%5Etfw\" target=\"_blank\" rel=\"noopener\">December 10, 2025<\/a><\/p>\n<\/blockquote>\n<p>Dans un communiqu\u00e9, la pr\u00e9fecture a ainsi affirm\u00e9 rester \u00ab vigilante quant aux propos qui seront tenus au cours du festival \u00bb. Des \u00e9changes qui surviennent apr\u00e8s la diffusion de messages anti-police <a href=\"https:\/\/www.valeursactuelles.com\/regions\/auvergne-rhone-alpes\/rhone\/lyon\/societe\/la-police-blesse-et-tue-des-slogans-anti-police-projetes-pendant-la-fete-des-lumieres-a-lyon\" target=\"_blank\" rel=\"noopener sponsored\">lors de la F\u00eate des Lumi\u00e8res<\/a>, d\u00e9but d\u00e9cembre.<\/p>\n<p>                    <img decoding=\"async\" src=\"https:\/\/www.europesays.com\/fr\/wp-content\/uploads\/2025\/12\/1765542494_85_maxresdefault.jpg\" alt=\"Vid\u00e9o YouTube\" style=\"width: 100%; height: auto; display: block;\"\/><\/p>\n<p>                        Chargement\u2026                    <\/p>\n<p>                                                                    <script async src=\"https:\/\/platform.twitter.com\/widgets.js\" charset=\"utf-8\"><\/script><\/p>\n","protected":false},"excerpt":{"rendered":"Faits divers Le \u00ab Lyon Antifa Fest \u00bb aura bien lieu ce week-end. Le festival a \u00e9t\u00e9, dans&hellip;\n","protected":false},"author":2,"featured_media":594921,"comment_status":"","ping_status":"","sticky":false,"template":"","format":"standard","meta":{"footnotes":""},"categories":[1889],"tags":[1111,11,13797,45610,2430,1777,674,849,1011,27,70776,2428,12,8916,70777,25],"class_list":{"0":"post-594920","1":"post","2":"type-post","3":"status-publish","4":"format-standard","5":"has-post-thumbnail","7":"category-lyon","8":"tag-actu","9":"tag-actualites","10":"tag-antifascisme","11":"tag-arrete-prefectoral","12":"tag-auvergne-rhone-alpes","13":"tag-eu","14":"tag-europe","15":"tag-festival","16":"tag-fr","17":"tag-france","18":"tag-haine-anti-flics","19":"tag-lyon","20":"tag-news","21":"tag-prefecture","22":"tag-raphael-arnault","23":"tag-republique-francaise"},"share_on_mastodon":{"url":"https:\/\/pubeurope.com\/@fr\/115706601765048042","error":""},"_links":{"self":[{"href":"https:\/\/www.europesays.com\/fr\/wp-json\/wp\/v2\/posts\/594920","targetHints":{"allow":["GET"]}}],"collection":[{"href":"https:\/\/www.europesays.com\/fr\/wp-json\/wp\/v2\/posts"}],"about":[{"href":"https:\/\/www.europesays.com\/fr\/wp-json\/wp\/v2\/types\/post"}],"author":[{"embeddable":true,"href":"https:\/\/www.europesays.com\/fr\/wp-json\/wp\/v2\/users\/2"}],"replies":[{"embeddable":true,"href":"https:\/\/www.europesays.com\/fr\/wp-json\/wp\/v2\/comments?post=594920"}],"version-history":[{"count":0,"href":"https:\/\/www.europesays.com\/fr\/wp-json\/wp\/v2\/posts\/594920\/revisions"}],"wp:featuredmedia":[{"embeddable":true,"href":"https:\/\/www.europesays.com\/fr\/wp-json\/wp\/v2\/media\/594921"}],"wp:attachment":[{"href":"https:\/\/www.europesays.com\/fr\/wp-json\/wp\/v2\/media?parent=594920"}],"wp:term":[{"taxonomy":"category","embeddable":true,"href":"https:\/\/www.europesays.com\/fr\/wp-json\/wp\/v2\/categories?post=594920"},{"taxonomy":"post_tag","embeddable":true,"href":"https:\/\/www.europesays.com\/fr\/wp-json\/wp\/v2\/tags?post=594920"}],"curies":[{"name":"wp","href":"https:\/\/api.w.org\/{rel}","templated":true}]}}