{"id":594929,"date":"2025-12-12T12:34:11","date_gmt":"2025-12-12T12:34:11","guid":{"rendered":"https:\/\/www.europesays.com\/fr\/594929\/"},"modified":"2025-12-12T12:34:11","modified_gmt":"2025-12-12T12:34:11","slug":"fetes-de-fin-dannee-a-paris-nos-idees-pour-vivre-la-magie-des-fetes","status":"publish","type":"post","link":"https:\/\/www.europesays.com\/fr\/594929\/","title":{"rendered":"F\u00eates de fin d\u2019ann\u00e9e \u00e0 Paris : nos id\u00e9es pour vivre la magie des f\u00eates"},"content":{"rendered":"<p>                            Un No\u00ebl dans les temps avec Heurgon<\/p>\n<p class=\"p2\">\u00c0 l\u2019approche des f\u00eates de fin d\u2019ann\u00e9e et \u00e0 l\u2019occasion de ses 160 ans, la <strong>Maison<\/strong> <strong>Heurgon<\/strong>, embl\u00e8me de l\u2019horlogerie et de la joaillerie \u00e0 Paris, dirig\u00e9e par Arnaud et Benjamin Cymerman, se met en sc\u00e8ne pour c\u00e9l\u00e9brer No\u00ebl avec \u00e9clat.<\/p>\n<p class=\"p2\">Elle transforme son flagship parisien en un lieu d\u2019\u00e9changes et de d\u00e9couvertes o\u00f9, chaque week-end de d\u00e9cembre, les clients sont invit\u00e9s \u00e0 des ateliers exclusifs.<\/p>\n<p class=\"p2\">Les 6 et 7 d\u00e9cembre, le joaillier <strong>Pasquale Bruni<\/strong> met \u00e0 l\u2019honneur la rose, ic\u00f4ne de la maison, \u00e0 travers un atelier floral. Les 13 et 14 d\u00e9cembre, des sessions de personnalisation d\u2019\u00e9crins avec <strong>Fred<\/strong> permettent de cr\u00e9er des pi\u00e8ces uniques. Les 20 et 21 d\u00e9cembre, <strong>Messika<\/strong> propose un shooting photo priv\u00e9, offrant aux participants un souvenir intemporel.<\/p>\n<p class=\"p2\">Cette c\u00e9l\u00e9bration, plac\u00e9e sous le signe de l\u2019\u00e9motion et du partage, t\u00e9moigne de l\u2019h\u00e9ritage <strong>d\u2019Heurgon<\/strong> et de son engagement \u00e0 magnifier l\u2019art du cadeau. Une exp\u00e9rience f\u00e9erique \u00e0 ne pas manquer !<\/p>\n<ul>\n<li>h 30 \u00e0 18 h sur r\u00e9servation \u00e0 la boutique<\/li>\n<\/ul>\n","protected":false},"excerpt":{"rendered":"Un No\u00ebl dans les temps avec Heurgon \u00c0 l\u2019approche des f\u00eates de fin d\u2019ann\u00e9e et \u00e0 l\u2019occasion de&hellip;\n","protected":false},"author":2,"featured_media":594930,"comment_status":"","ping_status":"","sticky":false,"template":"","format":"standard","meta":{"footnotes":""},"categories":[1888],"tags":[11,1777,674,2087,1011,27,12,626,25],"class_list":{"0":"post-594929","1":"post","2":"type-post","3":"status-publish","4":"format-standard","5":"has-post-thumbnail","7":"category-paris","8":"tag-actualites","9":"tag-eu","10":"tag-europe","11":"tag-evenement","12":"tag-fr","13":"tag-france","14":"tag-news","15":"tag-paris","16":"tag-republique-francaise"},"share_on_mastodon":{"url":"https:\/\/pubeurope.com\/@fr\/115706623938274340","error":""},"_links":{"self":[{"href":"https:\/\/www.europesays.com\/fr\/wp-json\/wp\/v2\/posts\/594929","targetHints":{"allow":["GET"]}}],"collection":[{"href":"https:\/\/www.europesays.com\/fr\/wp-json\/wp\/v2\/posts"}],"about":[{"href":"https:\/\/www.europesays.com\/fr\/wp-json\/wp\/v2\/types\/post"}],"author":[{"embeddable":true,"href":"https:\/\/www.europesays.com\/fr\/wp-json\/wp\/v2\/users\/2"}],"replies":[{"embeddable":true,"href":"https:\/\/www.europesays.com\/fr\/wp-json\/wp\/v2\/comments?post=594929"}],"version-history":[{"count":0,"href":"https:\/\/www.europesays.com\/fr\/wp-json\/wp\/v2\/posts\/594929\/revisions"}],"wp:featuredmedia":[{"embeddable":true,"href":"https:\/\/www.europesays.com\/fr\/wp-json\/wp\/v2\/media\/594930"}],"wp:attachment":[{"href":"https:\/\/www.europesays.com\/fr\/wp-json\/wp\/v2\/media?parent=594929"}],"wp:term":[{"taxonomy":"category","embeddable":true,"href":"https:\/\/www.europesays.com\/fr\/wp-json\/wp\/v2\/categories?post=594929"},{"taxonomy":"post_tag","embeddable":true,"href":"https:\/\/www.europesays.com\/fr\/wp-json\/wp\/v2\/tags?post=594929"}],"curies":[{"name":"wp","href":"https:\/\/api.w.org\/{rel}","templated":true}]}}