{"id":594931,"date":"2025-12-12T12:35:26","date_gmt":"2025-12-12T12:35:26","guid":{"rendered":"https:\/\/www.europesays.com\/fr\/594931\/"},"modified":"2025-12-12T12:35:26","modified_gmt":"2025-12-12T12:35:26","slug":"notre-dame-de-paris-2-500-personnes-attendues-samedi-pour-la-plus-grande-beatification-jamais-organisee-en-france","status":"publish","type":"post","link":"https:\/\/www.europesays.com\/fr\/594931\/","title":{"rendered":"Notre-Dame de Paris\u00a0: 2\u00a0500 personnes attendues samedi pour la plus grande b\u00e9atification jamais organis\u00e9e en France"},"content":{"rendered":"<p class=\"paragraph text_align_left lp-f-body-02\">Samedi apr\u00e8s-midi, <a href=\"https:\/\/www.leparisien.fr\/paris-75\/notre-dame-de-paris-un-an-apres-la-reouverture-deja-11-millions-de-visiteurs-et-un-chantier-qui-continue-05-12-2025-CAHV353NQNFAFHF7HDSRASCKO4.php\" target=\"_blank\" rel=\"noreferrer noopener\">un apr\u00e8s sa r\u00e9ouverture<\/a>, la cath\u00e9drale <a href=\"https:\/\/www.leparisien.fr\/paris-75\/notre-dame-de-paris\/\" target=\"_blank\" rel=\"noreferrer noopener\">Notre-Dame de Paris<\/a> vivra un moment historique. Pour la premi\u00e8re fois, 2 500 personnes se rassembleront dans la nef pour assister \u00e0 la plus grande b\u00e9atification collective jamais organis\u00e9e en France. Cinquante jeunes catholiques, morts en martyrs sous le <a href=\"https:\/\/www.leparisien.fr\/faits-divers\/attaque-neonazie-a-paris-comment-les-enqueteurs-ont-remonte-la-piste-du-groupuscule-dultradroite-les-hussards-23-05-2025-6T3L2NX3HVD7TCCVLFAKE4RFGI.php\" target=\"_blank\" rel=\"noreferrer noopener\">r\u00e9gime nazi<\/a> entre 1944 et 1945, seront \u00e9lev\u00e9s au rang de bienheureux lors d\u2019une messe \u00e0 14h30.<\/p>\n<p class=\"\">Parmi ces 2 500 participants, 1 500 sont des membres des familles de ces martyrs. Une mobilisation exceptionnelle pr\u00e9sid\u00e9e par le cardinal Jean-Claude Hollerich, archev\u00eaque de <a href=\"https:\/\/www.leparisien.fr\/info-paris-ile-de-france-oise\/transports\/le-controle-dagents-tres-peu-empathiques-dans-le-metro-fait-pleurer-un-enfant-de-6-ans-27-11-2025-MVCUQVMBXNCN5DUDDXIEF2OSCA.php\" target=\"_blank\" rel=\"noreferrer noopener\">Luxembourg<\/a>. Des \u00e9v\u00eaques fran\u00e7ais et allemands seront \u00e9galement pr\u00e9sents, pla\u00e7ant cette <a href=\"https:\/\/www.leparisien.fr\/societe\/religions\/canonisation-du-nouveau-saint-patron-du-web-carlo-acutis-pourquoi-une-telle-ferveur-autour-de-lado-italien-06-09-2025-SKUAE2YBSVAJNDC5NEFAPZR4FE.php\" target=\"_blank\" rel=\"noreferrer noopener\">b\u00e9atification<\/a> sous le sceau de la r\u00e9conciliation. Le cardinal s\u2019adressera d\u2019ailleurs \u00ab en fran\u00e7ais et aussi en allemand \u00bb aux fid\u00e8les.<\/p>\n<p>Une mission clandestine \u00e0 hauts risques<\/p>\n<p class=\"\">L\u2019\u00c9glise rend ainsi hommage aux pr\u00eatres, s\u00e9minaristes, scouts ou fid\u00e8les la\u00efcs \u2013 dont beaucoup issus de la Jeunesse ouvri\u00e8re chr\u00e9tienne (JOC) \u2013 de la \u00ab Mission Saint-Paul \u00bb. Cette forme d\u2019aum\u00f4nerie clandestine avait \u00e9t\u00e9 mise sur pied en 1943 par l\u2019abb\u00e9 Jean Rodhain, futur fondateur du Secours <a href=\"https:\/\/www.leparisien.fr\/societe\/religions\/age-lieu-de-vie-opinions-politiques-qui-sont-les-catholiques-pratiquants-en-france-09-12-2025-4LHYQRAQUNGXBJRFAPMDGVD4GI.php\" target=\"_blank\" rel=\"noreferrer noopener\">catholique<\/a>, et l\u2019archev\u00eaque de Paris Emmanuel Suhard.<\/p>\n<p class=\"\">Il s\u2019agissait alors d\u2019apporter une assistance spirituelle aux jeunes r\u00e9quisitionn\u00e9s pour le Service du travail obligatoire (STO), qui a concern\u00e9 entre 600 000 et 650 000 personnes. Une mission \u00e0 hauts risques : en d\u00e9cembre 1943, une ordonnance du chef de la Gestapo Ernst Kaltenbrunner s\u2019attaque aux activit\u00e9s catholiques chez les STO, ordonnant l\u2019arrestation, voire l\u2019envoi en camp de concentration de certains membres actifs de la Mission.<\/p>\n<p class=\"\">D\u00e9port\u00e9s \u00e0 Buchenwald, Mauthausen, Dachau ou Neuengamme, ces jeunes sont morts entre 1944 et 1945 \u00ab en haine de la foi \u00bb, selon la formule vaticane reconnaissant leur martyre. \u00ab Ils sont morts de faim, de douleur, de mauvais traitements \u00bb, explique Mgr Maurice de Germiny. \u00ab L\u2019un d\u2019entre eux a \u00e9t\u00e9 d\u00e9capit\u00e9, un autre tu\u00e9 \u00e0 coups de planche, et surtout ils ont contract\u00e9 les pires maladies comme le typhus ou la dysenterie \u00bb.<\/p>\n<p class=\"\">La cath\u00e9drale sera ferm\u00e9e toute la journ\u00e9e samedi pour cette c\u00e9r\u00e9monie exceptionnelle, accessible uniquement sur pr\u00e9sentation d\u2019un document d\u2019acc\u00e8s. La messe sera toutefois diffus\u00e9e en direct et en int\u00e9gralit\u00e9 sur KTO.<\/p>\n","protected":false},"excerpt":{"rendered":"Samedi apr\u00e8s-midi, un apr\u00e8s sa r\u00e9ouverture, la cath\u00e9drale Notre-Dame de Paris vivra un moment historique. Pour la premi\u00e8re&hellip;\n","protected":false},"author":2,"featured_media":594932,"comment_status":"","ping_status":"","sticky":false,"template":"","format":"standard","meta":{"footnotes":""},"categories":[1888],"tags":[11,1777,674,1011,27,1944,12,626,25,104],"class_list":{"0":"post-594931","1":"post","2":"type-post","3":"status-publish","4":"format-standard","5":"has-post-thumbnail","7":"category-paris","8":"tag-actualites","9":"tag-eu","10":"tag-europe","11":"tag-fr","12":"tag-france","13":"tag-ma-ville","14":"tag-news","15":"tag-paris","16":"tag-republique-francaise","17":"tag-societe"},"share_on_mastodon":{"url":"https:\/\/pubeurope.com\/@fr\/115706627726817300","error":""},"_links":{"self":[{"href":"https:\/\/www.europesays.com\/fr\/wp-json\/wp\/v2\/posts\/594931","targetHints":{"allow":["GET"]}}],"collection":[{"href":"https:\/\/www.europesays.com\/fr\/wp-json\/wp\/v2\/posts"}],"about":[{"href":"https:\/\/www.europesays.com\/fr\/wp-json\/wp\/v2\/types\/post"}],"author":[{"embeddable":true,"href":"https:\/\/www.europesays.com\/fr\/wp-json\/wp\/v2\/users\/2"}],"replies":[{"embeddable":true,"href":"https:\/\/www.europesays.com\/fr\/wp-json\/wp\/v2\/comments?post=594931"}],"version-history":[{"count":0,"href":"https:\/\/www.europesays.com\/fr\/wp-json\/wp\/v2\/posts\/594931\/revisions"}],"wp:featuredmedia":[{"embeddable":true,"href":"https:\/\/www.europesays.com\/fr\/wp-json\/wp\/v2\/media\/594932"}],"wp:attachment":[{"href":"https:\/\/www.europesays.com\/fr\/wp-json\/wp\/v2\/media?parent=594931"}],"wp:term":[{"taxonomy":"category","embeddable":true,"href":"https:\/\/www.europesays.com\/fr\/wp-json\/wp\/v2\/categories?post=594931"},{"taxonomy":"post_tag","embeddable":true,"href":"https:\/\/www.europesays.com\/fr\/wp-json\/wp\/v2\/tags?post=594931"}],"curies":[{"name":"wp","href":"https:\/\/api.w.org\/{rel}","templated":true}]}}