{"id":594940,"date":"2025-12-12T12:40:15","date_gmt":"2025-12-12T12:40:15","guid":{"rendered":"https:\/\/www.europesays.com\/fr\/594940\/"},"modified":"2025-12-12T12:40:15","modified_gmt":"2025-12-12T12:40:15","slug":"europe-lallemagne-accuse-la-russie-dune-cyberattaque-contre-la-securite-aerienne-et-dingerence-electorale","status":"publish","type":"post","link":"https:\/\/www.europesays.com\/fr\/594940\/","title":{"rendered":"Europe. L&rsquo;Allemagne accuse la Russie d&rsquo;une cyberattaque contre la s\u00e9curit\u00e9 a\u00e9rienne et d&rsquo;ing\u00e9rence \u00e9lectorale"},"content":{"rendered":"<p>L&rsquo;Allemagne a attribu\u00e9 ce vendredi \u00e0 la Russie une \u00ab attaque informatique \u00bb visant son syst\u00e8me de contr\u00f4le du trafic a\u00e9rien ainsi qu&rsquo;une \u00ab campagne \u00bb de d\u00e9stabilisation durant les derni\u00e8res l\u00e9gislatives allemandes, et convoqu\u00e9 l&rsquo;ambassadeur russe \u00e0 Berlin pour ces accusations.<\/p>\n<p>\u00ab Le service de renseignement militaire russe GRU est responsable de cette attaque \u00bb informatique commise en ao\u00fbt 2024 contre la s\u00e9curit\u00e9 a\u00e9rienne allemande, que Berlin \u00ab attribue clairement [&#8230;] au collectif de hackers APT28, \u00e9galement connu sous le nom de Fancy Bear \u00bb, a d\u00e9clar\u00e9 un porte-parole du minist\u00e8re allemand des Affaires \u00e9trang\u00e8res lors d&rsquo;un point presse r\u00e9gulier.<\/p>\n<p>De nouvelles sanctions individuelles<\/p>\n<p>\u00ab Deuxi\u00e8mement, nous pouvons aujourd&rsquo;hui affirmer de mani\u00e8re formelle que la Russie a tent\u00e9, \u00e0 travers la campagne Storm 1516, d&rsquo;influencer et de d\u00e9stabiliser tant la derni\u00e8re \u00e9lection au Bundestag que, de fa\u00e7on continue, les affaires int\u00e9rieures de la R\u00e9publique f\u00e9d\u00e9rale d&rsquo;Allemagne \u00bb, a-t-il poursuivi.<\/p>\n<p>Le porte-parole de la diplomatie allemande a annonc\u00e9, \u00ab en \u00e9troite concertation avec nos partenaires europ\u00e9ens, une s\u00e9rie de mesures de r\u00e9torsion afin de faire payer \u00e0 la Russie le prix de ses attaques hybrides \u00bb.<\/p>\n<p>L&rsquo;Allemagne va \u00ab soutenir de nouvelles sanctions individuelles contre des acteurs hybrides \u00bb au niveau de l&rsquo;UE, qui impliqueront des \u00ab interdictions d&rsquo;entr\u00e9e \u00bb dans l&rsquo;UE, \u00ab le gel de leurs avoirs et une interdiction d&rsquo;acc\u00e8s aux ressources \u00e9conomiques \u00bb.<\/p>\n<p>Depuis l&rsquo;invasion russe de l&rsquo;Ukraine, les pays europ\u00e9ens accusent la Russie de mener une guerre \u00ab hybride \u00bb \u00e0 leur \u00e9gard &#8211; soit un m\u00e9lange de moyens non conventionnels qui peut inclure du sabotage ou des campagnes de d\u00e9sinformation. Premier soutien de l&rsquo;Ukraine en Europe, l&rsquo;Allemagne se consid\u00e8re comme une cible centrale de ces attaques.<\/p>\n","protected":false},"excerpt":{"rendered":"L&rsquo;Allemagne a attribu\u00e9 ce vendredi \u00e0 la Russie une \u00ab attaque informatique \u00bb visant son syst\u00e8me de contr\u00f4le&hellip;\n","protected":false},"author":2,"featured_media":594941,"comment_status":"","ping_status":"","sticky":false,"template":"","format":"standard","meta":{"footnotes":""},"categories":[1587],"tags":[11,672,1804,1805,3206,1803,1777,674,107,329,1801,12,316,1802],"class_list":{"0":"post-594940","1":"post","2":"type-post","3":"status-publish","4":"format-standard","5":"has-post-thumbnail","7":"category-allemagne","8":"tag-actualites","9":"tag-allemagne","10":"tag-bundesrepublik-deutschland","11":"tag-de","12":"tag-defense-guerre-conflit","13":"tag-deutschland","14":"tag-eu","15":"tag-europe","16":"tag-fil-info","17":"tag-france-monde","18":"tag-germany","19":"tag-news","20":"tag-politique","21":"tag-republique-federale-dallemagne"},"share_on_mastodon":{"url":"https:\/\/pubeurope.com\/@fr\/115706647293152973","error":""},"_links":{"self":[{"href":"https:\/\/www.europesays.com\/fr\/wp-json\/wp\/v2\/posts\/594940","targetHints":{"allow":["GET"]}}],"collection":[{"href":"https:\/\/www.europesays.com\/fr\/wp-json\/wp\/v2\/posts"}],"about":[{"href":"https:\/\/www.europesays.com\/fr\/wp-json\/wp\/v2\/types\/post"}],"author":[{"embeddable":true,"href":"https:\/\/www.europesays.com\/fr\/wp-json\/wp\/v2\/users\/2"}],"replies":[{"embeddable":true,"href":"https:\/\/www.europesays.com\/fr\/wp-json\/wp\/v2\/comments?post=594940"}],"version-history":[{"count":0,"href":"https:\/\/www.europesays.com\/fr\/wp-json\/wp\/v2\/posts\/594940\/revisions"}],"wp:featuredmedia":[{"embeddable":true,"href":"https:\/\/www.europesays.com\/fr\/wp-json\/wp\/v2\/media\/594941"}],"wp:attachment":[{"href":"https:\/\/www.europesays.com\/fr\/wp-json\/wp\/v2\/media?parent=594940"}],"wp:term":[{"taxonomy":"category","embeddable":true,"href":"https:\/\/www.europesays.com\/fr\/wp-json\/wp\/v2\/categories?post=594940"},{"taxonomy":"post_tag","embeddable":true,"href":"https:\/\/www.europesays.com\/fr\/wp-json\/wp\/v2\/tags?post=594940"}],"curies":[{"name":"wp","href":"https:\/\/api.w.org\/{rel}","templated":true}]}}