{"id":594942,"date":"2025-12-12T12:41:16","date_gmt":"2025-12-12T12:41:16","guid":{"rendered":"https:\/\/www.europesays.com\/fr\/594942\/"},"modified":"2025-12-12T12:41:16","modified_gmt":"2025-12-12T12:41:16","slug":"wall-street-vue-en-ordre-disperse-leurope-vers-une-3eme-semaine-de-gains-12-12-2025-a-1328","status":"publish","type":"post","link":"https:\/\/www.europesays.com\/fr\/594942\/","title":{"rendered":"Wall Street vue en ordre dispers\u00e9, l&rsquo;Europe vers une 3\u00e8me semaine de gains &#8211; 12\/12\/2025 \u00e0 13:28"},"content":{"rendered":"<p>        <img decoding=\"async\" src=\"https:\/\/www.europesays.com\/fr\/wp-content\/uploads\/2025\/12\/747080216efda7bf4aa9769036e8539c-760x507.jpg\" alt=\"Des gens devant un panneau de Wall Street pr\u00e8s de la Bourse de New York \u00e0 New York\" loading=\"eager\" fetchpriority=\"high\" width=\"760\" height=\"507\" style=\"max-width: 100%!important; height: auto;\"\/><\/p>\n<p class=\"c-image-news__legend\">Des gens devant un panneau de Wall Street pr\u00e8s de la Bourse de New York \u00e0 New York<\/p>\n<p>\n par Diana Mandia\n<\/p>\n<p>\n Wall Street est attendue en ordre dispers\u00e9 vendredi et les Bourses europ\u00e9ennes avancent \u00e0 mi-s\u00e9ance, le Stoxx 600 s&rsquo;acheminant vers sa troisi\u00e8me semaine cons\u00e9cutive de gains, alors que les investisseurs gardent l&rsquo;espoir de nouvelles baisses des taux aux \u00c9tats-Unis en 2026.\n<\/p>\n<p>\n Les futures sur indices new-yorkais signalent une ouverture en hausse de 0,13% pour le Dow Jones, mais en baisse de 0,23% pour le Standard &amp; Poor&rsquo;s-500 et de 0,65% pour le Nasdaq, sur fond de craintes renouvel\u00e9es concernant le secteur de la technologie apr\u00e8s les r\u00e9sultats publi\u00e9s cette semaine par Broadcom et Oracle.    \u00c0 Paris, le CAC 40 gagne 0,53% \u00e0 8.128,54 points vers 12h07 GMT. \u00c0 Francfort, le Dax avance de 0,13% et \u00e0 Londres, le FTSE 100 prend 0,16%.\n<\/p>\n<p>\n L&rsquo;indice EuroStoxx 50 est en hausse de 0,31%, le FTSEurofirst 300 gagne 0,22% et le Stoxx 600 avance de 0,21%.\n<\/p>\n<p>\n Les march\u00e9s d&rsquo;actions europ\u00e9ens abordent la fin de la semaine avec optimisme, port\u00e9s par les projections moins agressives que pr\u00e9vu de la R\u00e9serve f\u00e9d\u00e9rale am\u00e9ricaine (Fed), qui a abaiss\u00e9 mercredi ses taux pour la troisi\u00e8me r\u00e9union cons\u00e9cutive.\n<\/p>\n<p>\n \u00ab\u00a0Les march\u00e9s se tournent r\u00e9solument vers 2026 (&#8230;) tout signe indiquant que les entreprises et les consommateurs se sentent plus en confiance pour emprunter constitue naturellement un contexte favorable pour le secteur financier\u00a0\u00bb, souligne Daniel Coatsworth, analyste en investissements chez AJ Bell.\n<\/p>\n<p>\n Xavier Chapard, strat\u00e9giste de LBPAM, \u00e9crit dans une note vendredi que la banque centrale am\u00e9ricaine conserve un biais baissier sur le taux, le risque sur l&#8217;emploi \u00e9tant jug\u00e9 un peu plus \u00e9lev\u00e9 que le risque sur l&rsquo;inflation \u00e0 court terme.\n<\/p>\n<p>\n \u00ab\u00a0Et cela malgr\u00e9 un sc\u00e9nario \u00e9conomique plus optimiste que derni\u00e8rement, avec une croissance revue en hausse pour les prochaines ann\u00e9es et une inflation un peu moins \u00e9lev\u00e9e que redout\u00e9e pour l&rsquo;ann\u00e9e prochaine\u00a0\u00bb, dit-il, ajoutant que la toile de fond macro devrait rester favorable aux actifs risqu\u00e9s d\u00e9but 2026.\n<\/p>\n<p>\n Les nouvelles inqui\u00e9tudes concernant le secteur de l&rsquo;intelligence artificielle (IA) apr\u00e8s les pr\u00e9visions d\u00e9cevantes d&rsquo;Oracle et Broadcom publi\u00e9es mercredi et jeudi ont, pour l&rsquo;instant, laiss\u00e9 les march\u00e9s d&rsquo;actions europ\u00e9ens relativement indemnes.\n<\/p>\n<p>\n Dans la zone euro, l&rsquo;attention des investisseurs se porte de plus en plus sur la d\u00e9cision de politique mon\u00e9taire de la Banque centrale europ\u00e9enne (BCE) pr\u00e9vue jeudi et, surtout, sur la conf\u00e9rence de presse de sa pr\u00e9sidente, Christine Lagarde, apr\u00e8s qu&rsquo;une des membres de l&rsquo;institution, Isabel Schnabel, a ouvert lundi la porte \u00e0 une hausse des taux comme prochaine d\u00e9cision de Francfort, tout en pr\u00e9cisant que celle-ci ne se produirait pas imm\u00e9diatement.\n<\/p>\n<p>\n La Banque d&rsquo;Angleterre (BoE) se prononcera le m\u00eame jour et devrait annoncer une baisse des taux, un sc\u00e9nario largement attendu par le march\u00e9 et renforc\u00e9 vendredi par des donn\u00e9es montrant une contraction surprise de l&rsquo;\u00e9conomie britannique au cours des trois mois pr\u00e9c\u00e9dant octobre.         LES VALEURS \u00c0 SUIVRE \u00c0 WALL STREET\n<\/p>\n<p>\n Broadcom recule de pr\u00e8s de 5% vendredi en avant-Bourse apr\u00e8s que le fabricant de puces a dit qu&rsquo;il pr\u00e9voyait une baisse de ses marges en raison de l&rsquo;augmentation de la part des revenus li\u00e9s \u00e0 l&rsquo;intelligence artificielle (IA).\n<\/p>\n<p>\n VALEURS EN EUROPE\n<\/p>\n<p>\n \u00c0 Paris, la soci\u00e9t\u00e9 d&rsquo;investissement Wendel progresse de 5% apr\u00e8s avoir annonc\u00e9 son intention de racheter environ 300 millions d&rsquo;euros de ses propres actions l&rsquo;ann\u00e9e prochaine, dans le cadre d&rsquo;un plan visant \u00e0 retourner aux actionnaires plus de 1,6 milliard d&rsquo;ici fin 2030.\n<\/p>\n<p>\n Elior abandonne quant \u00e0 lui 4,3% apr\u00e8s que Deutsche Bank a abaiss\u00e9 sa recommandation.\n<\/p>\n<p>\n Eutelsat recule de 7,5%, apr\u00e8s son \u00e9mission de droits de 670 millions d&rsquo;euros.   Ailleurs en Europe, UBS prend 3,34%, alors que, selon le Neue Zuercher Zeitung, un groupe de parlementaires suisses a propos\u00e9 un compromis sur de nouvelles r\u00e8gles en mati\u00e8re de fonds propres pour la banque.\n<\/p>\n<p>\n TAUX\n<\/p>\n<p>\n Les rendements des obligations allemandes \u00e9voluent vendredi sur de faibles variations, apr\u00e8s avoir atteint leur plus haut niveau depuis mars en d\u00e9but de semaine, les investisseurs ayant commenc\u00e9 \u00e0 anticiper des futures hausses de taux dans la zone euro, contrairement aux \u00c9tats-Unis o\u00f9 la Fed devrait plut\u00f4t les baisser.\n<\/p>\n<p>\n Le rendement du Bund allemand \u00e0 dix ans progresse de 0,9 point de base \u00e0 2,8553%. Le deux ans recule quant \u00e0 lui de 0,5 point de base \u00e0 2,1641%.\n<\/p>\n<p>\n En France, le rendement de l&rsquo;OAT \u00e0 dix ans avance de 1,1 point de base \u00e0 3,5704%.\n<\/p>\n<p>\n Aux Etats-Unis, le rendement des Treasuries \u00e0 dix ans progresse de 2,7 points de base \u00e0 4,1684%. Le deux ans ressort en l\u00e9g\u00e8re hausse \u00e0 3,5389%.\n<\/p>\n<p>\n CHANGES     Le dollar gagne 0,11% face \u00e0 un panier de devises de r\u00e9f\u00e9rence, mais devrait enregistrer sa troisi\u00e8me baisse hebdomadaire cons\u00e9cutive, la Fed ayant contredit les paris \u00ab\u00a0hawkish\u00a0\u00bb des march\u00e9s lors de sa r\u00e9union de mardi et mercredi.\n<\/p>\n<p>\n L&rsquo;euro perd 0,1% \u00e0 1,1726 dollar.\n<\/p>\n<p>\n La livre sterling c\u00e8de 0,10% face au dollar, sur fond de paris renforc\u00e9s concernant une baisse des taux d&rsquo;int\u00e9r\u00eat de la BoE la semaine prochaine.\n<\/p>\n<p>\n P\u00c9TROLE\n<\/p>\n<p>\n Les prix du p\u00e9trole baissent l\u00e9g\u00e8rement vendredi, dans un contexte de craintes sur l&rsquo;exc\u00e9dent de l&rsquo;offre.\n<\/p>\n<p>\n Le Brent recule de 0,24% \u00e0 61,13 dollars le baril et le brut l\u00e9ger am\u00e9ricain (West Texas Intermediate, WTI) c\u00e8de 0,17% \u00e0 57,50 dollars.\n<\/p>\n<p>\n Les investisseurs restent toutefois attentifs aux \u00e9ventuelles perturbations de l&rsquo;approvisionnement en brut v\u00e9n\u00e9zu\u00e9lien, alors que six sources ont dit \u00e0 Reuters que les \u00c9tats-Unis se pr\u00e9parent \u00e0 intercepter davantage de navires transportant du p\u00e9trole en provenance de ce pays d&rsquo;Am\u00e9rique latine.\n<\/p>\n<p>\n PLUS AUCUN INDICATEUR \u00c9CONOMIQUE MAJEUR \u00c0 L&rsquo;AGENDA DU 12 D\u00c9CEMBRE\n<\/p>\n<p>\n (Certaines donn\u00e9es peuvent accuser un l\u00e9ger d\u00e9calage)\n<\/p>\n<p>\n (R\u00e9dig\u00e9 par Diana Mandi\u00e1, \u00e9dit\u00e9 par Kate Entringer)<\/p>\n","protected":false},"excerpt":{"rendered":"Des gens devant un panneau de Wall Street pr\u00e8s de la Bourse de New York \u00e0 New York&hellip;\n","protected":false},"author":2,"featured_media":594943,"comment_status":"","ping_status":"","sticky":false,"template":"","format":"standard","meta":{"footnotes":""},"categories":[1586],"tags":[400,11,398,408,405,1777,674,1011,27,403,402,399,404,12,25,401,406,407],"class_list":{"0":"post-594942","1":"post","2":"type-post","3":"status-publish","4":"format-standard","5":"has-post-thumbnail","7":"category-europe","8":"tag-action-cac-40","9":"tag-actualites","10":"tag-bourse-de-paris","11":"tag-boursorama","12":"tag-cotations","13":"tag-eu","14":"tag-europe","15":"tag-fr","16":"tag-france","17":"tag-indices-devises","18":"tag-investir","19":"tag-investissement","20":"tag-marche-boursier","21":"tag-news","22":"tag-republique-francaise","23":"tag-sicav","24":"tag-trackers","25":"tag-warrants"},"share_on_mastodon":{"url":"https:\/\/pubeurope.com\/@fr\/115706651994116854","error":""},"_links":{"self":[{"href":"https:\/\/www.europesays.com\/fr\/wp-json\/wp\/v2\/posts\/594942","targetHints":{"allow":["GET"]}}],"collection":[{"href":"https:\/\/www.europesays.com\/fr\/wp-json\/wp\/v2\/posts"}],"about":[{"href":"https:\/\/www.europesays.com\/fr\/wp-json\/wp\/v2\/types\/post"}],"author":[{"embeddable":true,"href":"https:\/\/www.europesays.com\/fr\/wp-json\/wp\/v2\/users\/2"}],"replies":[{"embeddable":true,"href":"https:\/\/www.europesays.com\/fr\/wp-json\/wp\/v2\/comments?post=594942"}],"version-history":[{"count":0,"href":"https:\/\/www.europesays.com\/fr\/wp-json\/wp\/v2\/posts\/594942\/revisions"}],"wp:featuredmedia":[{"embeddable":true,"href":"https:\/\/www.europesays.com\/fr\/wp-json\/wp\/v2\/media\/594943"}],"wp:attachment":[{"href":"https:\/\/www.europesays.com\/fr\/wp-json\/wp\/v2\/media?parent=594942"}],"wp:term":[{"taxonomy":"category","embeddable":true,"href":"https:\/\/www.europesays.com\/fr\/wp-json\/wp\/v2\/categories?post=594942"},{"taxonomy":"post_tag","embeddable":true,"href":"https:\/\/www.europesays.com\/fr\/wp-json\/wp\/v2\/tags?post=594942"}],"curies":[{"name":"wp","href":"https:\/\/api.w.org\/{rel}","templated":true}]}}