{"id":594944,"date":"2025-12-12T12:42:11","date_gmt":"2025-12-12T12:42:11","guid":{"rendered":"https:\/\/www.europesays.com\/fr\/594944\/"},"modified":"2025-12-12T12:42:11","modified_gmt":"2025-12-12T12:42:11","slug":"un-appel-a-temoin-apres-un-vol-au-marche-de-noel-de-eu","status":"publish","type":"post","link":"https:\/\/www.europesays.com\/fr\/594944\/","title":{"rendered":"Un appel \u00e0 t\u00e9moin apr\u00e8s un vol au march\u00e9 de No\u00ebl de Eu"},"content":{"rendered":"<p>                    Par<br \/>\n        <strong><br \/>\n            <a href=\"https:\/\/actu.fr\/auteur\/redaction-informateur\" title=\"Consulter tous les articles de R\u00e9daction Eu\" rel=\"nofollow noopener\" target=\"_blank\">R\u00e9daction Eu<\/a><br \/>\n                    <\/strong><\/p>\n<p>        Publi\u00e9 le<\/p>\n<p>            12 d\u00e9c. 2025 \u00e0 13h34        <\/p>\n<p>Une exposante du march\u00e9 de No\u00ebl de <a href=\"https:\/\/actu.fr\/normandie\/eu_76255\" rel=\"nofollow noopener\" target=\"_blank\">Eu<\/a>, en Seine-Maritime, est \u00e0 la recherche de t\u00e9moignages apr\u00e8s un vol.<\/p>\n<blockquote class=\"ac-article-quote wall-content\">\n<p>Lors du march\u00e9 de No\u00ebl de Eu, samedi 6 entre 10h45 et 12h30, on m\u2019a vol\u00e9 tous mes papiers directement dans mon chalet.<\/p>\n<p>Gabrielle Lavoine<\/p><\/blockquote>\n<p class=\" wall-content\">L\u2019appel a \u00e9t\u00e9 relay\u00e9 sur la page Facebook de la ville d\u2019Eu qui parle d\u2019un \u00ab\u00a0incident regrettable et d\u00e9plorable\u00a0\u00bb.\u00a0<\/p>\n<p>    <a href=\"https:\/\/www.facebook.com\/plugins\/post.php?href=https%3A%2F%2Fwww.facebook.com%2Fvilledeu%2Fposts%2Fpfbid02YNnxTr9hkHG5buT9PS8JjkXwKz2sPWyjMdgmqD7aew3hBp3nZBZpbNDJkphoC5vql&amp;show_text=true&amp;width=350\" title=\"Ouvrie le lien\" rel=\"nofollow noopener\" target=\"_blank\">Cliquez ici pour visualiser le contenu<\/a><\/p>\n<p class=\" wall-content\">Si vous avez pris des photos ou vid\u00e9os samedi matin (avant 12h45) sur le march\u00e9, pourriez-vous les transmettre ?\u00a0<\/p>\n<p class=\" wall-content\">Elles pourraient aider les autorit\u00e9s \u00e0 identifier la personne responsable.<\/p>\n<p class=\" wall-content\">Personnalisez votre actualit\u00e9 en ajoutant vos villes et m\u00e9dias en favori avec <a href=\"https:\/\/moncompte.actu.fr\" title=\"D\u00e9couvez Mon Actu\" rel=\"nofollow noopener\" data-trk=\"{&quot;cta&quot;:{&quot;action&quot;:&quot;https:\\\/\\\/moncompte.actu.fr&quot;,&quot;category&quot;:&quot;mon compte&quot;,&quot;from&quot;:&quot;article footer&quot;,&quot;name&quot;:&quot;Mon actu&quot;,&quot;type&quot;:&quot;cta&quot;}}\" target=\"_blank\">Mon Actu<\/a>.<\/p>\n","protected":false},"excerpt":{"rendered":"Par R\u00e9daction Eu Publi\u00e9 le 12 d\u00e9c. 2025 \u00e0 13h34 Une exposante du march\u00e9 de No\u00ebl de Eu,&hellip;\n","protected":false},"author":2,"featured_media":594945,"comment_status":"","ping_status":"","sticky":false,"template":"","format":"standard","meta":{"footnotes":""},"categories":[1586],"tags":[11,215,1777,674,1779,118,1011,27,12,25,1778,364,3587],"class_list":{"0":"post-594944","1":"post","2":"type-post","3":"status-publish","4":"format-standard","5":"has-post-thumbnail","7":"category-europe","8":"tag-actualites","9":"tag-commerce","10":"tag-eu","11":"tag-europe","12":"tag-european-union","13":"tag-faits-divers","14":"tag-fr","15":"tag-france","16":"tag-news","17":"tag-republique-francaise","18":"tag-ue","19":"tag-union-europeenne","20":"tag-villes-soeurs"},"share_on_mastodon":{"url":"https:\/\/pubeurope.com\/@fr\/115706655085546548","error":""},"_links":{"self":[{"href":"https:\/\/www.europesays.com\/fr\/wp-json\/wp\/v2\/posts\/594944","targetHints":{"allow":["GET"]}}],"collection":[{"href":"https:\/\/www.europesays.com\/fr\/wp-json\/wp\/v2\/posts"}],"about":[{"href":"https:\/\/www.europesays.com\/fr\/wp-json\/wp\/v2\/types\/post"}],"author":[{"embeddable":true,"href":"https:\/\/www.europesays.com\/fr\/wp-json\/wp\/v2\/users\/2"}],"replies":[{"embeddable":true,"href":"https:\/\/www.europesays.com\/fr\/wp-json\/wp\/v2\/comments?post=594944"}],"version-history":[{"count":0,"href":"https:\/\/www.europesays.com\/fr\/wp-json\/wp\/v2\/posts\/594944\/revisions"}],"wp:featuredmedia":[{"embeddable":true,"href":"https:\/\/www.europesays.com\/fr\/wp-json\/wp\/v2\/media\/594945"}],"wp:attachment":[{"href":"https:\/\/www.europesays.com\/fr\/wp-json\/wp\/v2\/media?parent=594944"}],"wp:term":[{"taxonomy":"category","embeddable":true,"href":"https:\/\/www.europesays.com\/fr\/wp-json\/wp\/v2\/categories?post=594944"},{"taxonomy":"post_tag","embeddable":true,"href":"https:\/\/www.europesays.com\/fr\/wp-json\/wp\/v2\/tags?post=594944"}],"curies":[{"name":"wp","href":"https:\/\/api.w.org\/{rel}","templated":true}]}}