{"id":594948,"date":"2025-12-12T12:44:16","date_gmt":"2025-12-12T12:44:16","guid":{"rendered":"https:\/\/www.europesays.com\/fr\/594948\/"},"modified":"2025-12-12T12:44:16","modified_gmt":"2025-12-12T12:44:16","slug":"pro-d2-un-recadrage-etait-necessaire-biarritz-sous-tension-avant-de-defier-vannes","status":"publish","type":"post","link":"https:\/\/www.europesays.com\/fr\/594948\/","title":{"rendered":"Pro D2 &#8211; \u00ab\u00a0Un recadrage \u00e9tait n\u00e9cessaire\u00a0\u00bb\u00a0: Biarritz sous tension avant de d\u00e9fier Vannes"},"content":{"rendered":"<p>\n                Alors que l\u2019\u00e9quipe reste sur une s\u00e9rie de trois d\u00e9faites cons\u00e9cutives, et que plane toujours la menace d\u2019un retrait de points, le Biarritz olympique s\u2019avance vers un p\u00e9rilleux d\u00e9placement \u00e0 Vannes, ce soir.\n            <\/p>\n<p>Les montagnes russes se poursuivent \u00e0 Biarritz. Capable d\u2019encha\u00eener quatre matchs sans d\u00e9faite (trois victoires, un nul) entre mi-octobre et d\u00e9but novembre, le BOPB traverse \u00e0 pr\u00e9sent une passe difficile, puisque les rouge et blanc viennent de s\u2019incliner lors des trois derni\u00e8res rencontres face \u00e0 Dax, Grenoble puis Valence-Romans. \u201cOn s\u2019entend toujours tr\u00e8s bien, mais sur le terrain, on sent que c\u2019est plus tendu. Il y a plus de pression. Les coachs, aussi, sont tendus, mais c\u2019est tout \u00e0 fait normal\u201d, explique le trois-quarts centre Sam Spring. \u201cC\u2019est une p\u00e9riode compliqu\u00e9e \u00e0 traverser, reconna\u00eet l\u2019entra\u00eeneur de la touche R\u00e9mi Bonfils. On savait qu\u2019il y en aurait pendant la saison, parce que nous sommes en reconstruction. On se serre les coudes, pour pouvoir inverser la tendance, mais c\u2019est frustrant d\u2019\u00eatre capable de passer d\u2019un extr\u00eame \u00e0 l\u2019autre.\u201d<\/p>\n<p>Arrosteguy et Bouhraoua haussent le ton<\/p>\n<p>Battu lors des deux derni\u00e8res rencontres \u00e0 la maison, Biarritz est en plein doute et en d\u00e9but de semaine, apr\u00e8s la claque re\u00e7ue contre le VRDR, Boris Bouhraoua, le manager de l\u2019\u00e9quipe et Cyril Arrosteguy, le pr\u00e9sident du club, ont pris la parole face au groupe, avec un ton plut\u00f4t muscl\u00e9, pour pointer du doigt un certain manque d\u2019envie et condamner le visage affich\u00e9 lors des derni\u00e8res sorties \u00e0 Aguil\u00e9ra.<br \/>\u201cC\u2019est important, pense Bonfils. En tant que chef du projet, Boris sait qu\u2019il ne doit pas \u00eatre tout le temps sur le m\u00eame ton et il le fait tr\u00e8s bien. Des coachs ne font que positiver, d\u2019autres ne font que gueuler. L\u2019id\u00e9e, c\u2019est d\u2019\u00eatre juste. Il y a des d\u00e9faites qui ne m\u00e9ritent pas forc\u00e9ment de monter au cr\u00e9neau. Il y a des victoires qui ne sont pas belles et qui m\u00e9ritent de monter au cr\u00e9neau et il y a des d\u00e9faites qui m\u00e9ritent de recadrer les choses. L\u00e0, un recadrage \u00e9tait n\u00e9cessaire sur ce d\u00e9but de semaine, pour solder ce match et se remettre tous la t\u00eate \u00e0 l\u2019endroit.\u201d<br \/>Car la suite s\u2019annonce tout aussi compliqu\u00e9e et vendredi soir le BO se rendra \u00e0 Vannes, chez l\u2019actuel leader de la poule. \u00ab\u00a0Il faut que l\u2019on fasse preuve de propret\u00e9, avec un rugby clinique, en s\u2019exposant moins pour essayer de rivaliser un maximum\u201d, affirme Bonfils. Au vu de la composition d\u2019\u00e9quipe et du repos donn\u00e9 \u00e0 plusieurs titulaires en puissance (Martinez, Mur, Lesgourgues, Laborde, Fariscot\u2026), il semble \u00e9vident que le club a surtout cibl\u00e9 la r\u00e9ception d\u2019Oyonnax dans une semaine, mais les Basques se rendront en Bretagne avec un groupe assez comp\u00e9titif, puisque de nombreux cadres seront de la partie (Bourdeau, Placines, Dolhagaray, Jaminet\u2026). \u201cVannes descend de Top 14, veut remonter. C\u2019est la plus grosse \u00e9quipe du championnat. \u00c7a reste une rencontre top \u00e0 jouer\u201d, rappelle Bonfils. \u201cOyonnax a \u00e9t\u00e9 coch\u00e9, oui, mais si on peut aller chercher des points \u00e0 Vannes\u2026\u201d, glisse Spring.<\/p>\n<p>Jouer, en attendant l\u2019A2R<\/p>\n<p>Des points, le BOPB craint d\u2019en perdre lorsque la commission de discipline et de r\u00e9gulation du rugby fran\u00e7ais, qui a examin\u00e9 le dossier biarrot en d\u00e9but de semaine, rendra son verdict. Pour l\u2019instant, le doute plane. Et l\u2019attente p\u00e8se\u00a0? \u201cJe ne suis pas dans la t\u00eate de tous les joueurs, tout le monde est humain. Tu ne peux pas dire que tu n\u2019y penses pas, mais \u00e0 notre niveau, on est majoritairement sur du sportif, sur ce qu\u2019on peut ma\u00eetriser, rappelle R\u00e9mi Bonfils. On se concentre sur les prochains d\u00e9fis sportifs, qui sont des beaux morceaux \u00e0 g\u00e9rer. C\u2019est du non-ma\u00eetrisable. Le club ferait front ensemble (en cas de sanction, N.D.L.R.). On a confiance en la direction pour d\u00e9fendre au maximum le club dans ces dossiers-l\u00e0.\u201d Une direction qui, en attendant le verdict, n\u2019a pas souhait\u00e9 s\u2019exprimer cette semaine.<\/p>\n","protected":false},"excerpt":{"rendered":"Alors que l\u2019\u00e9quipe reste sur une s\u00e9rie de trois d\u00e9faites cons\u00e9cutives, et que plane toujours la menace d\u2019un&hellip;\n","protected":false},"author":2,"featured_media":594949,"comment_status":"","ping_status":"","sticky":false,"template":"","format":"standard","meta":{"footnotes":""},"categories":[2],"tags":[11,1011,27,12,2308,25,68796],"class_list":{"0":"post-594948","1":"post","2":"type-post","3":"status-publish","4":"format-standard","5":"has-post-thumbnail","7":"category-actualites","8":"tag-actualites","9":"tag-fr","10":"tag-france","11":"tag-news","12":"tag-pro-d2","13":"tag-republique-francaise","14":"tag-rugby-u00e0-xv"},"share_on_mastodon":{"url":"https:\/\/pubeurope.com\/@fr\/115706663065274420","error":""},"_links":{"self":[{"href":"https:\/\/www.europesays.com\/fr\/wp-json\/wp\/v2\/posts\/594948","targetHints":{"allow":["GET"]}}],"collection":[{"href":"https:\/\/www.europesays.com\/fr\/wp-json\/wp\/v2\/posts"}],"about":[{"href":"https:\/\/www.europesays.com\/fr\/wp-json\/wp\/v2\/types\/post"}],"author":[{"embeddable":true,"href":"https:\/\/www.europesays.com\/fr\/wp-json\/wp\/v2\/users\/2"}],"replies":[{"embeddable":true,"href":"https:\/\/www.europesays.com\/fr\/wp-json\/wp\/v2\/comments?post=594948"}],"version-history":[{"count":0,"href":"https:\/\/www.europesays.com\/fr\/wp-json\/wp\/v2\/posts\/594948\/revisions"}],"wp:featuredmedia":[{"embeddable":true,"href":"https:\/\/www.europesays.com\/fr\/wp-json\/wp\/v2\/media\/594949"}],"wp:attachment":[{"href":"https:\/\/www.europesays.com\/fr\/wp-json\/wp\/v2\/media?parent=594948"}],"wp:term":[{"taxonomy":"category","embeddable":true,"href":"https:\/\/www.europesays.com\/fr\/wp-json\/wp\/v2\/categories?post=594948"},{"taxonomy":"post_tag","embeddable":true,"href":"https:\/\/www.europesays.com\/fr\/wp-json\/wp\/v2\/tags?post=594948"}],"curies":[{"name":"wp","href":"https:\/\/api.w.org\/{rel}","templated":true}]}}