{"id":594950,"date":"2025-12-12T12:45:16","date_gmt":"2025-12-12T12:45:16","guid":{"rendered":"https:\/\/www.europesays.com\/fr\/594950\/"},"modified":"2025-12-12T12:45:16","modified_gmt":"2025-12-12T12:45:16","slug":"ia-comment-lamericain-kyndryl-deploie-sa-strategie-en-france","status":"publish","type":"post","link":"https:\/\/www.europesays.com\/fr\/594950\/","title":{"rendered":"IA\u00a0:\u00a0 comment l\u2019am\u00e9ricain Kyndryl d\u00e9ploie sa strat\u00e9gie en France"},"content":{"rendered":"<p>L\u2019annonce a \u00e9t\u00e9 faite dans le cadre dor\u00e9 de Versailles en mai dernier, lors du dernier Choose France\u00a0: Kyndryl confirmait investir 100 millions d\u2019euros en France en 3 ans. Une manne bienvenue alors que les enjeux autour de l\u2019intelligence artificielle sont majeurs, notamment en termes de souverainet\u00e9 et d\u2019attractivit\u00e9 pour les pays et les territoires.<\/p>\n<p>La France n\u2019est pour autant pas un territoire que Kyndryl d\u00e9couvre lorsqu\u2019en mai dernier il confirme sa volont\u00e9 d\u2019installer son digital hub d\u00e9di\u00e9 \u00e0 l\u2019IA et \u00e0 la cybers\u00e9curit\u00e9 \u00e0 Sophia-Antipolis. Quelques mois auparavant, l\u2019entreprise am\u00e9ricaine avait d\u00e9j\u00e0 pos\u00e9 des premi\u00e8res bases au sein de la technopole europ\u00e9enne. Compris aussi dans l\u2019enveloppe annonc\u00e9e, la cr\u00e9ation d\u2019une offre d\u2019IA Private Cloud et le recrutement de 300 experts en data, IA et cyber-r\u00e9silience.<\/p>\n","protected":false},"excerpt":{"rendered":"L\u2019annonce a \u00e9t\u00e9 faite dans le cadre dor\u00e9 de Versailles en mai dernier, lors du dernier Choose France\u00a0:&hellip;\n","protected":false},"author":2,"featured_media":594951,"comment_status":"","ping_status":"","sticky":false,"template":"","format":"standard","meta":{"footnotes":""},"categories":[4],"tags":[17,11,12188,1011,27,861,70778,43404,12,1306,25,5384],"class_list":{"0":"post-594950","1":"post","2":"type-post","3":"status-publish","4":"format-standard","5":"has-post-thumbnail","7":"category-france","8":"tag-17","9":"tag-actualites","10":"tag-deploie","11":"tag-fr","12":"tag-france","13":"tag-ia","14":"tag-kyndryl","15":"tag-lamericain","16":"tag-news","17":"tag-regions","18":"tag-republique-francaise","19":"tag-strategie"},"share_on_mastodon":{"url":"https:\/\/pubeurope.com\/@fr\/115706666885758405","error":""},"_links":{"self":[{"href":"https:\/\/www.europesays.com\/fr\/wp-json\/wp\/v2\/posts\/594950","targetHints":{"allow":["GET"]}}],"collection":[{"href":"https:\/\/www.europesays.com\/fr\/wp-json\/wp\/v2\/posts"}],"about":[{"href":"https:\/\/www.europesays.com\/fr\/wp-json\/wp\/v2\/types\/post"}],"author":[{"embeddable":true,"href":"https:\/\/www.europesays.com\/fr\/wp-json\/wp\/v2\/users\/2"}],"replies":[{"embeddable":true,"href":"https:\/\/www.europesays.com\/fr\/wp-json\/wp\/v2\/comments?post=594950"}],"version-history":[{"count":0,"href":"https:\/\/www.europesays.com\/fr\/wp-json\/wp\/v2\/posts\/594950\/revisions"}],"wp:featuredmedia":[{"embeddable":true,"href":"https:\/\/www.europesays.com\/fr\/wp-json\/wp\/v2\/media\/594951"}],"wp:attachment":[{"href":"https:\/\/www.europesays.com\/fr\/wp-json\/wp\/v2\/media?parent=594950"}],"wp:term":[{"taxonomy":"category","embeddable":true,"href":"https:\/\/www.europesays.com\/fr\/wp-json\/wp\/v2\/categories?post=594950"},{"taxonomy":"post_tag","embeddable":true,"href":"https:\/\/www.europesays.com\/fr\/wp-json\/wp\/v2\/tags?post=594950"}],"curies":[{"name":"wp","href":"https:\/\/api.w.org\/{rel}","templated":true}]}}