{"id":594959,"date":"2025-12-12T12:55:16","date_gmt":"2025-12-12T12:55:16","guid":{"rendered":"https:\/\/www.europesays.com\/fr\/594959\/"},"modified":"2025-12-12T12:55:16","modified_gmt":"2025-12-12T12:55:16","slug":"ca-vient-ary-abittan-en-pleine-polemique-revele-ce-qui-le-met-en-extase-mon-bonheur-cest","status":"publish","type":"post","link":"https:\/\/www.europesays.com\/fr\/594959\/","title":{"rendered":"\u00c7a vient !\u00a0\u00bb Ary Abittan, en pleine pol\u00e9mique, r\u00e9v\u00e8le ce qui le met en extase : \u00ab\u00a0Mon bonheur, c&rsquo;est\u2026"},"content":{"rendered":"<p>Par <a class=\"author_recette\" id=\"author_name\" href=\"https:\/\/www.nextplz.fr\/auteur\/laura-angelo\" target=\"_blank\" rel=\"noopener\">Laura<br \/>\nD\u2019Angelo<\/a> &#8211;<br \/>\nPubli\u00e9 le 12 D\u00e9c 2025 \u00e0<br \/>\n11:40<\/p>\n<p class=\"article-intro excerpt\">Alors qu\u2019il se retrouve dans de<br \/>\nnombreuses pol\u00e9miques, Ary Abittan s\u2019\u00e9tait confi\u00e9 sur un sujet bien<br \/>\nintime.<\/p>\n<p>Depuis plusieurs jours, le nom d\u2019Ary Abittan est \u00e0 nouveau au<br \/>\nc\u0153ur de l\u2019actualit\u00e9, pris dans un tourbillon de pol\u00e9miques qui<br \/>\nd\u00e9passent largement le cadre du spectacle. Entre la controverse n\u00e9e<br \/>\ndes <strong>propos attribu\u00e9s \u00e0 Brigitte Macron<\/strong> sur les<br \/>\nmilitantes oppos\u00e9es \u00e0 son retour sur sc\u00e8ne et la <a href=\"https:\/\/www.nextplz.fr\/people\/521782-ary-abittan-filme-en-train-dembrasser-de-force-laury-thilleman-elle-revient-sur-ce-traumatisme\" target=\"_blank\" rel=\"noopener\"><br \/>\nr\u00e9surgence d\u2019images anciennes impliquant Laury Thilleman<\/a>,<br \/>\nl\u2019humoriste se retrouve sous une lumi\u00e8re particuli\u00e8rement crue.<\/p>\n<p>Ary Abittan toujours<br \/>\ndans la pol\u00e9mique<\/p>\n<p>Et pourtant, au milieu de cette temp\u00eate m\u00e9diatique, le <a href=\"https:\/\/www.nextplz.fr\/people\/510884-ary-abittan-livre-proces-laccusation-viol-son-encontre-ma-arrete-jour-lendemain\" target=\"_blank\" rel=\"noopener\"><br \/>\ncom\u00e9dien, accus\u00e9 de viol,<\/a> affirme n\u2019avoir jamais perdu de vue<br \/>\nl\u2019essentiel : ce qui le fait vibrer encore aujourd\u2019hui. L\u2019affaire a<br \/>\npris une ampleur consid\u00e9rable apr\u00e8s la diffusion d\u2019une vid\u00e9o<br \/>\nmontrant Brigitte Macron qualifier de \u201csales c*nnes\u201d des<br \/>\nmilitantes f\u00e9ministes venues perturber le spectacle Authentique<br \/>\nd\u2019Ary Abittan. Une s\u00e9quence devenue virale, qui a choqu\u00e9 une partie<br \/>\nde l\u2019opinion publique et raviv\u00e9 les tensions autour du retour sur<br \/>\nsc\u00e8ne de l\u2019humoriste. Dans la foul\u00e9e, une archive datant de 2013,<br \/>\nmontrant un geste d\u00e9plac\u00e9 d\u2019Ary Abittan envers Laury Thilleman sur<br \/>\nun plateau de t\u00e9l\u00e9vision, a refait surface, renfor\u00e7ant le malaise.<br \/>\nFace \u00e0 ces controverses successives, Ary Abittan avait choisi la<br \/>\ndiscr\u00e9tion. Loin des plateaux et des prises de parole publiques, il<br \/>\npr\u00e9parait pourtant son retour.<\/p>\n<p>Ce<br \/>\nprojet qui le met en joie<\/p>\n<p>Depuis la fin novembre, il est de nouveau sur sc\u00e8ne avec<br \/>\nAuthentique, un spectacle dans lequel il aborde<br \/>\nfrontalement les \u00e9preuves travers\u00e9es ces derni\u00e8res ann\u00e9es. Un choix<br \/>\nassum\u00e9. <strong>\u00ab\u00a0\u00c7a aurait \u00e9t\u00e9 tr\u00e8s bizarre de ne pas en<br \/>\nparler\u00a0\u00bb,<\/strong> confie-t-il, estimant impossible de faire<br \/>\ncomme si rien ne s\u2019\u00e9tait pass\u00e9. Ce retour n\u2019est pas sans provoquer<br \/>\ndes r\u00e9actions. Malgr\u00e9 la pression, Ary Abittan regarde vers<br \/>\nl\u2019avenir. S\u2019il reconna\u00eet que tout prend d\u00e9sormais plus de temps, il<br \/>\nassure que les projets existent. Le cin\u00e9ma n\u2019est pas mis de c\u00f4t\u00e9.<br \/>\n<strong>\u00ab\u00a0\u00c7a vient\u00a0\u00bb,<\/strong> glisse-t-il avec prudence,<br \/>\nr\u00e9v\u00e9lant qu\u2019un film lui a \u00e9t\u00e9 propos\u00e9 par Claude Lelouch. Une<br \/>\nperspective qui le rassure, sans pour autant occulter ce qui le<br \/>\nporte r\u00e9ellement. Aujourd\u2019hui, l\u2019acteur se montre clair sur ses<br \/>\npriorit\u00e9s. \u00ab\u00a0Mon bonheur, c\u2019est la sc\u00e8ne\u00a0\u00bb, confie-t-il.<\/p>\n<p>\u00ab\u00a0La justice ne d\u00e9fend pas<br \/>\nune cause\u00a0\u00bb<\/p>\n<p>Entre pol\u00e9miques persistantes et d\u00e9sir de cr\u00e9ation, <strong>Ary<br \/>\nAbittan avance d\u00e9sormais sur un fil,<\/strong> port\u00e9 par une<br \/>\nconviction intacte : continuer \u00e0 jouer, co\u00fbte que co\u00fbte. \u00c0 Lyon<br \/>\nnotamment, plusieurs collectifs ont appel\u00e9 \u00e0 la d\u00e9programmation de<br \/>\nson spectacle. Une mobilisation \u00e0 laquelle Ary Abittan r\u00e9pond sans<br \/>\nd\u00e9tour. Selon lui, la justice a d\u00e9j\u00e0 tranch\u00e9. \u00ab\u00a0La justice ne<br \/>\nd\u00e9fend pas une cause, <strong>elle d\u00e9fend la v\u00e9rit\u00e9\u00a0\u00bb,<\/strong><br \/>\nrappelle-t-il, soulignant avoir \u00e9t\u00e9 blanchi \u00e0 deux reprises. Il<br \/>\ninsiste sur le fait qu\u2019il ne se positionne pas contre celles qui<br \/>\nmanifestent. \u00ab\u00a0Je ne combats pas ces femmes. Elles viennent<br \/>\nmanifester devant quelqu\u2019un qui a \u00e9t\u00e9 innocent\u00e9 par la justice. La<br \/>\nparole de l\u2019un ne doit pas effacer celle de l\u2019autre\u00a0\u00bb,<br \/>\naffirme-t-il.<\/p>\n","protected":false},"excerpt":{"rendered":"Par Laura D\u2019Angelo &#8211; Publi\u00e9 le 12 D\u00e9c 2025 \u00e0 11:40 Alors qu\u2019il se retrouve dans de nombreuses&hellip;\n","protected":false},"author":2,"featured_media":594960,"comment_status":"","ping_status":"","sticky":false,"template":"","format":"standard","meta":{"footnotes":""},"categories":[1359],"tags":[58,59,1011,27,973,65861],"class_list":{"0":"post-594959","1":"post","2":"type-post","3":"status-publish","4":"format-standard","5":"has-post-thumbnail","7":"category-people","8":"tag-divertissement","9":"tag-entertainment","10":"tag-fr","11":"tag-france","12":"tag-people","13":"tag-trend"},"share_on_mastodon":{"url":"https:\/\/pubeurope.com\/@fr\/115706706232583155","error":""},"_links":{"self":[{"href":"https:\/\/www.europesays.com\/fr\/wp-json\/wp\/v2\/posts\/594959","targetHints":{"allow":["GET"]}}],"collection":[{"href":"https:\/\/www.europesays.com\/fr\/wp-json\/wp\/v2\/posts"}],"about":[{"href":"https:\/\/www.europesays.com\/fr\/wp-json\/wp\/v2\/types\/post"}],"author":[{"embeddable":true,"href":"https:\/\/www.europesays.com\/fr\/wp-json\/wp\/v2\/users\/2"}],"replies":[{"embeddable":true,"href":"https:\/\/www.europesays.com\/fr\/wp-json\/wp\/v2\/comments?post=594959"}],"version-history":[{"count":0,"href":"https:\/\/www.europesays.com\/fr\/wp-json\/wp\/v2\/posts\/594959\/revisions"}],"wp:featuredmedia":[{"embeddable":true,"href":"https:\/\/www.europesays.com\/fr\/wp-json\/wp\/v2\/media\/594960"}],"wp:attachment":[{"href":"https:\/\/www.europesays.com\/fr\/wp-json\/wp\/v2\/media?parent=594959"}],"wp:term":[{"taxonomy":"category","embeddable":true,"href":"https:\/\/www.europesays.com\/fr\/wp-json\/wp\/v2\/categories?post=594959"},{"taxonomy":"post_tag","embeddable":true,"href":"https:\/\/www.europesays.com\/fr\/wp-json\/wp\/v2\/tags?post=594959"}],"curies":[{"name":"wp","href":"https:\/\/api.w.org\/{rel}","templated":true}]}}