{"id":594961,"date":"2025-12-12T12:56:17","date_gmt":"2025-12-12T12:56:17","guid":{"rendered":"https:\/\/www.europesays.com\/fr\/594961\/"},"modified":"2025-12-12T12:56:17","modified_gmt":"2025-12-12T12:56:17","slug":"le-photo-club-de-lannemezan-inaugure-ses-nouveaux-locaux","status":"publish","type":"post","link":"https:\/\/www.europesays.com\/fr\/594961\/","title":{"rendered":"Le Photo Club de Lannemezan inaugure ses nouveaux locaux"},"content":{"rendered":"<p>\n                                                                    l&rsquo;essentiel<br \/>\n                                                                Nouveau lieu, nouvelle histoire. Le Photo Club de Lannemezan s\u2019installe \u00e0 l\u2019espace Odyss\u00e9e, o\u00f9 ses 31 membres b\u00e9n\u00e9ficient d\u00e9sormais de salles d\u00e9di\u00e9es \u00e0 la cr\u00e9ation, \u00e0 l\u2019exposition et \u00e0 la formation.\n                            <\/p>\n<p>C\u2019est une nouvelle page de l\u2019histoire du Photo Club de Lannemezan qui s\u2019\u00e9crit avec le d\u00e9m\u00e9nagement de son mat\u00e9riel et de ses trente et un membres dans les nouveaux locaux inaugur\u00e9s \u00e0 l\u2019entr\u00e9e de la salle des f\u00eates. Un espace plus spacieux et fonctionnel que l\u2019ancien, situ\u00e9 dans la maison des associations. Philippe Raison, le pr\u00e9sident, a guid\u00e9 les visiteurs avec plaisir.<\/p>\n<p>D\u00e8s l\u2019entr\u00e9e, un escalier m\u00e8ne au premier \u00e9tage, qui accueillera une salle d\u2019exposition o\u00f9 le public pourra librement d\u00e9ambuler. Plus loin, plusieurs pi\u00e8ces d\u00e9j\u00e0 d\u00e9di\u00e9es \u00e0 des usages pr\u00e9cis : \u00ab\u00a0Nous aurons une salle studio, une salle de projection o\u00f9 nous avons install\u00e9 nos fauteuils de cin\u00e9ma rouges achet\u00e9s au cin\u00e9ma de Cizos. Ensuite, il y a la salle de tirage et de stockage, notamment pour les expositions du club, ainsi que l\u2019espace de traitement photo. Nous pr\u00e9voyons d\u2019organiser des journ\u00e9es portes ouvertes afin de pr\u00e9senter notre travail et notre fonctionnement aux habitants int\u00e9ress\u00e9s. Nous avons trente et un membres inscrits, des d\u00e9butants aux plus exp\u00e9riment\u00e9s. Nous travaillons uniquement en num\u00e9rique, avec plusieurs logiciels, et proposons des formations aux nouveaux.\u00a0\u00bb<\/p>\n<p>Au rez-de-chauss\u00e9e, un espace pratique permet de stocker le mat\u00e9riel d\u2019exposition, notamment les grilles utilis\u00e9es chaque \u00e9t\u00e9 sur la place des Droits-de-l\u2019Homme. Adh\u00e9rents, amis et \u00e9lus \u00e9taient pr\u00e9sents lors de la visite inaugurale. Le pr\u00e9sident a salu\u00e9 le travail collectif : \u00ab\u00a0La mise en place de ce nouvel espace nous a demand\u00e9s beaucoup de temps et d\u2019\u00e9nergie pour aboutir \u00e0 un local permettant de pratiquer la photographie num\u00e9rique dans les meilleures conditions. Pendant trois ans, nous avons \u00e9tudi\u00e9 diff\u00e9rents lieux propos\u00e9s par la mairie, leurs surfaces et leurs acc\u00e8s. Plusieurs plans ont \u00e9t\u00e9 \u00e9labor\u00e9s avant de nous \u00e9tablir au premier \u00e9tage de l\u2019espace Odyss\u00e9e. Merci \u00e0 M. le Maire, aux services techniques, \u00e0 Denis l\u2019artisan pour son excellent travail, ainsi qu\u2019\u00e0 Jean-Marie Da Benta pour son aide. Merci aussi aux membres du club pour leur implication dans le choix et l\u2019am\u00e9nagement des lieux.\u00a0\u00bb<\/p>\n<p><b>\u00ab\u00a0Nous souhaitons mettre l\u2019art en avant\u00a0\u00bb<\/b><\/p>\n<p>Bernard Plano, maire de Lannemezan, a f\u00e9licit\u00e9 le club pour l\u2019am\u00e9nagement des locaux, fruit d\u2019une longue recherche : \u00ab\u00a0Nous avons longtemps cherch\u00e9, mais nous sommes arriv\u00e9s \u00e0 une bonne solution. Dans l\u2019espace Odyss\u00e9e, nous souhaitons mettre l\u2019art en avant. La soci\u00e9t\u00e9 musicale, qui souhaitait s\u2019agrandir pour cr\u00e9er une Maison de la Musique, y trouve \u00e9galement son compte. Si vous \u00eates bien ici, j\u2019en suis ravi : vous allez donner vie \u00e0 cet endroit, en faire un lieu de visite, et c\u2019est ce que nous esp\u00e9rions puisque vous faites partie d\u2019un projet global.\u00a0\u00bb<\/p>\n<p>Les r\u00e9unions du Photo Club de Lannemezan se d\u00e9roulent tous les deuxi\u00e8me et quatri\u00e8me mardis de chaque moi \u00e0 20 h 45, une occasion d\u2019\u00e9changer et de pr\u00e9senter les images des adh\u00e9rents et d\u2019aborder avec eux les diff\u00e9rents aspects artistiques de la photographie.<\/p>\n<p>Le Photo Club de Lannemezan est donc d\u00e9sormais situ\u00e9 \u00e0 l\u2019Espace Odyss\u00e9e, 231 rue Thiers.<\/p>\n","protected":false},"excerpt":{"rendered":"l&rsquo;essentiel Nouveau lieu, nouvelle histoire. Le Photo Club de Lannemezan s\u2019installe \u00e0 l\u2019espace Odyss\u00e9e, o\u00f9 ses 31 membres&hellip;\n","protected":false},"author":2,"featured_media":594962,"comment_status":"","ping_status":"","sticky":false,"template":"","format":"standard","meta":{"footnotes":""},"categories":[1358],"tags":[1348,1384,1385,4733,1386,58,59,1011,27,329,4973,70779,1857],"class_list":{"0":"post-594961","1":"post","2":"type-post","3":"status-publish","4":"format-standard","5":"has-post-thumbnail","7":"category-arts-et-design","8":"tag-arts","9":"tag-arts-and-design","10":"tag-arts-et-design","11":"tag-associations","12":"tag-design","13":"tag-divertissement","14":"tag-entertainment","15":"tag-fr","16":"tag-france","17":"tag-france-monde","18":"tag-hautes-pyrenees","19":"tag-lannemezan","20":"tag-sociu00e9tu00e9"},"share_on_mastodon":{"url":"","error":""},"_links":{"self":[{"href":"https:\/\/www.europesays.com\/fr\/wp-json\/wp\/v2\/posts\/594961","targetHints":{"allow":["GET"]}}],"collection":[{"href":"https:\/\/www.europesays.com\/fr\/wp-json\/wp\/v2\/posts"}],"about":[{"href":"https:\/\/www.europesays.com\/fr\/wp-json\/wp\/v2\/types\/post"}],"author":[{"embeddable":true,"href":"https:\/\/www.europesays.com\/fr\/wp-json\/wp\/v2\/users\/2"}],"replies":[{"embeddable":true,"href":"https:\/\/www.europesays.com\/fr\/wp-json\/wp\/v2\/comments?post=594961"}],"version-history":[{"count":0,"href":"https:\/\/www.europesays.com\/fr\/wp-json\/wp\/v2\/posts\/594961\/revisions"}],"wp:featuredmedia":[{"embeddable":true,"href":"https:\/\/www.europesays.com\/fr\/wp-json\/wp\/v2\/media\/594962"}],"wp:attachment":[{"href":"https:\/\/www.europesays.com\/fr\/wp-json\/wp\/v2\/media?parent=594961"}],"wp:term":[{"taxonomy":"category","embeddable":true,"href":"https:\/\/www.europesays.com\/fr\/wp-json\/wp\/v2\/categories?post=594961"},{"taxonomy":"post_tag","embeddable":true,"href":"https:\/\/www.europesays.com\/fr\/wp-json\/wp\/v2\/tags?post=594961"}],"curies":[{"name":"wp","href":"https:\/\/api.w.org\/{rel}","templated":true}]}}