{"id":594969,"date":"2025-12-12T13:02:14","date_gmt":"2025-12-12T13:02:14","guid":{"rendered":"https:\/\/www.europesays.com\/fr\/594969\/"},"modified":"2025-12-12T13:02:14","modified_gmt":"2025-12-12T13:02:14","slug":"une-epidemie-de-grippe-sans-precedent-frappe-le-pays","status":"publish","type":"post","link":"https:\/\/www.europesays.com\/fr\/594969\/","title":{"rendered":"une \u00e9pid\u00e9mie de grippe \u00absans pr\u00e9c\u00e9dent\u00bb frappe le pays"},"content":{"rendered":"<p>                             Par Le Figaro avec AFP<\/p>\n<p>                Le 12 d\u00e9cembre 2025 \u00e0 12h45<\/p>\n<p>    Le secr\u00e9taire britannique \u00e0 la sant\u00e9 Wes Streeting.<br \/>\n                Toby Melville \/ REUTERS<\/p>\n<p>\n    Une vague exceptionnelle de grippe met actuellement le syst\u00e8me de sant\u00e9 britannique sous forte tension. En parall\u00e8le, une gr\u00e8ve des m\u00e9decins \u00abr\u00e9sidents\u00bb menace d\u2019aggraver la situation.<\/p>\n<p class=\"fig-paragraph\">Le Royaume-Uni est confront\u00e9 \u00e0 une \u00abvague sans pr\u00e9c\u00e9dent de super grippe\u00bb, a averti le service de sant\u00e9 public britannique, alors qu&rsquo;une gr\u00e8ve des m\u00e9decins est pr\u00e9vue pendant cinq jours peu avant No\u00ebl.<\/p>\n<p class=\"fig-paragraph\">Le ministre de la Sant\u00e9, Wes Streeting, a appel\u00e9 vendredi dans le journal The Times ces m\u00e9decins \u00abr\u00e9sidents\u00bb au statut proche de celui des internes en France- \u00e0 renoncer \u00e0 leur mouvement. Il a soulign\u00e9 que le service de sant\u00e9 public, le NHS, se trouvait dans une \u00absituation incroyablement pr\u00e9caire\u00bb et faisait face \u00e0 \u00abun d\u00e9fi in\u00e9dit depuis la pand\u00e9mie\u00bb de\u00a0<a href=\"http:\/\/www.lefigaro.fr\/flash-eco\/royaume-uni-un-rapport-chiffre-a-10-9-milliards-de-livres-les-pertes-liees-aux-fraudes-pendant-la-pandemie-de-covid-19-20251209\" data-fig-type=\"NewsFlash\" data-gtm-custom-categorie=\"navigation\" data-gtm-custom-action=\"crossclick\" data-gtm-custom-label=\"Contextuel\" data-gtm-event=\"customEventSPE\" data-fig-domain=\"LEFIGARO\" target=\"_blank\" rel=\"noopener\">Covid-19<\/a>.<\/p>\n<p>                                                                <a class=\"fig-a11y-skip\" href=\"#fig-a11y-skip-main-inarticle\" data-module=\"a11y-skip\" data-context=\"was @visible\"><br \/>\n    Passer la publicit\u00e9<br \/>\n<\/a>            <\/p>\n<p class=\"fig-paragraph\">Selon les chiffres publi\u00e9s jeudi par le NHS, les cas de grippe atteignent un niveau record pour cette p\u00e9riode de l&rsquo;ann\u00e9e. Le nombre de cas a bondi de 55% en une semaine, avec une moyenne de 2660 patients hospitalis\u00e9s chaque jour la semaine derni\u00e8re.<\/p>\n<p class=\"fig-paragraph\">\u00abAvec une demande record pour les services d&rsquo;urgence et les ambulances et une gr\u00e8ve imminente des m\u00e9decins r\u00e9sidents, cette vague sans pr\u00e9c\u00e9dent de super grippe place le NHS dans la pire situation possible pour cette p\u00e9riode de l&rsquo;ann\u00e9e\u00bb, s&rsquo;est alarm\u00e9e la directrice m\u00e9dicale nationale du NHS, Meghana Pandit.<\/p>\n<p>                                                                M\u00e9decins \u00abr\u00e9sidents\u00bb<\/p>\n<p class=\"fig-paragraph\">La situation du NHS, plong\u00e9 dans une profonde crise avec des d\u00e9lais d&rsquo;attente extr\u00eamement longs pour les rendez-vous, est un enjeu politique majeur pour le gouvernement travailliste du premier ministre\u00a0<a href=\"http:\/\/www.lefigaro.fr\/international\/royaume-uni-le-ministre-de-la-sante-dement-vouloir-renverser-keir-starmer-20251112\" data-fig-type=\"NewsFlash\" data-gtm-custom-categorie=\"navigation\" data-gtm-custom-action=\"crossclick\" data-gtm-custom-label=\"Contextuel\" data-gtm-event=\"customEventSPE\" data-fig-domain=\"LEFIGARO\" target=\"_blank\" rel=\"noopener\">Keir Starmer.<\/a><\/p>\n<p class=\"fig-paragraph\">Si la\u00a0<a href=\"http:\/\/www.lefigaro.fr\/flash-eco\/des-milliers-de-jeunes-medecins-en-greve-dans-les-hopitaux-d-angleterre-20250725\" data-fig-type=\"NewsFlash\" data-gtm-custom-categorie=\"navigation\" data-gtm-custom-action=\"crossclick\" data-gtm-custom-label=\"Contextuel\" data-gtm-event=\"customEventSPE\" data-fig-domain=\"LEFIGARO\" target=\"_blank\" rel=\"noopener\">gr\u00e8ve\u00a0<\/a>pr\u00e9vue \u00e0 partir de mercredi se confirmait, il s&rsquo;agirait de la 14e pour les m\u00e9decins depuis mars 2023. Les m\u00e9decins \u00abr\u00e9sidents\u00bb sont en conflit avec le gouvernement au sujet des salaires et des formations.<\/p>\n<p class=\"fig-paragraph\">Wes Streeting a appel\u00e9 les m\u00e9decins \u00e0 \u00abaccepter l&rsquo;offre du gouvernement\u00bb. Il a acc\u00e9d\u00e9 \u00e0 la demande du syndicat des m\u00e9decins que les praticiens form\u00e9s au Royaume-Uni soient prioritaires pour obtenir des formations par rapport aux candidats \u00e9trangers. Le nombre de places pour ces formations sera \u00e9galement augment\u00e9. Mais, ajoute le ministre, le gouvernement \u00abne peut et ne veut pas bouger sur les salaires, surtout apr\u00e8s une augmentation de 28,9% au cours des trois derni\u00e8res ann\u00e9es et la plus forte revalorisation de tout le secteur public ces deux derni\u00e8res ann\u00e9es\u00bb.<\/p>\n<p>                                                                <a class=\"fig-a11y-skip\" href=\"#fig-a11y-skip-main-inarticle_mtf\" data-module=\"a11y-skip\" data-context=\"was @visible\"><br \/>\n    Passer la publicit\u00e9<br \/>\n<\/a>            <\/p>\n<p class=\"fig-paragraph\">La British Medical Association, qui repr\u00e9sente les m\u00e9decins r\u00e9sidents, r\u00e9clame 26% suppl\u00e9mentaires, estimant cette revalorisation n\u00e9cessaire pour restaurer le niveau des r\u00e9mun\u00e9rations apr\u00e8s des ann\u00e9es de hausses inf\u00e9rieures \u00e0 l&rsquo;inflation. Elle doit soumettre la nouvelle proposition du gouvernement \u00e0 ses membres via un sondage en ligne qui se cl\u00f4turera lundi.<\/p>\n","protected":false},"excerpt":{"rendered":"Par Le Figaro avec AFP Le 12 d\u00e9cembre 2025 \u00e0 12h45 Le secr\u00e9taire britannique \u00e0 la sant\u00e9 Wes&hellip;\n","protected":false},"author":2,"featured_media":594970,"comment_status":"","ping_status":"","sticky":false,"template":"","format":"standard","meta":{"footnotes":""},"categories":[10],"tags":[8704,47,8699,8707,8706,4988,1011,27,29786,8705,72,8700,5362,226,224,8701,225,8702,298,473,71,8703,801,227],"class_list":{"0":"post-594969","1":"post","2":"type-post","3":"status-publish","4":"format-standard","5":"has-post-thumbnail","7":"category-sante","8":"tag-actu-sante","9":"tag-actualite","10":"tag-actualite-sante","11":"tag-conseil-medical","12":"tag-conseils-medicaux","13":"tag-forme","14":"tag-fr","15":"tag-france","16":"tag-grippe","17":"tag-guide-des-medicaments","18":"tag-health","19":"tag-info-sante","20":"tag-magazine-sante","21":"tag-maladie","22":"tag-medecine","23":"tag-medical","24":"tag-medicament","25":"tag-nutrition-et-sante","26":"tag-psychologie","27":"tag-royaume-uni","28":"tag-sante","29":"tag-sexualite","30":"tag-social","31":"tag-traitement"},"share_on_mastodon":{"url":"https:\/\/pubeurope.com\/@fr\/115706733957155317","error":""},"_links":{"self":[{"href":"https:\/\/www.europesays.com\/fr\/wp-json\/wp\/v2\/posts\/594969","targetHints":{"allow":["GET"]}}],"collection":[{"href":"https:\/\/www.europesays.com\/fr\/wp-json\/wp\/v2\/posts"}],"about":[{"href":"https:\/\/www.europesays.com\/fr\/wp-json\/wp\/v2\/types\/post"}],"author":[{"embeddable":true,"href":"https:\/\/www.europesays.com\/fr\/wp-json\/wp\/v2\/users\/2"}],"replies":[{"embeddable":true,"href":"https:\/\/www.europesays.com\/fr\/wp-json\/wp\/v2\/comments?post=594969"}],"version-history":[{"count":0,"href":"https:\/\/www.europesays.com\/fr\/wp-json\/wp\/v2\/posts\/594969\/revisions"}],"wp:featuredmedia":[{"embeddable":true,"href":"https:\/\/www.europesays.com\/fr\/wp-json\/wp\/v2\/media\/594970"}],"wp:attachment":[{"href":"https:\/\/www.europesays.com\/fr\/wp-json\/wp\/v2\/media?parent=594969"}],"wp:term":[{"taxonomy":"category","embeddable":true,"href":"https:\/\/www.europesays.com\/fr\/wp-json\/wp\/v2\/categories?post=594969"},{"taxonomy":"post_tag","embeddable":true,"href":"https:\/\/www.europesays.com\/fr\/wp-json\/wp\/v2\/tags?post=594969"}],"curies":[{"name":"wp","href":"https:\/\/api.w.org\/{rel}","templated":true}]}}