{"id":594972,"date":"2025-12-12T13:04:11","date_gmt":"2025-12-12T13:04:11","guid":{"rendered":"https:\/\/www.europesays.com\/fr\/594972\/"},"modified":"2025-12-12T13:04:11","modified_gmt":"2025-12-12T13:04:11","slug":"ary-abittan-peut-il-etre-poursuivi-pour-agression-sexuelle-sur-laury-thilleman","status":"publish","type":"post","link":"https:\/\/www.europesays.com\/fr\/594972\/","title":{"rendered":"Ary Abittan peut-il \u00eatre poursuivi pour agression sexuelle sur Laury Thilleman\u00a0?"},"content":{"rendered":"<p>                    Par<br \/>\n        <strong><br \/>\n            <a href=\"https:\/\/actu.fr\/auteur\/briac-trebert\" title=\"Consulter tous les articles de Briac Tr\u00e9bert\" target=\"_blank\" rel=\"noopener\">Briac Tr\u00e9bert<\/a><br \/>\n                    <\/strong><\/p>\n<p>        Publi\u00e9 le<\/p>\n<p>            12 d\u00e9c. 2025 \u00e0 12h09        <\/p>\n<p>On la voit tenter de se d\u00e9tourner, tandis qu\u2019une partie du public rit. Un invit\u00e9 l\u00e2che m\u00eame : \u00ab Oh non mais non, non \u00bb. Dans une story publi\u00e9e sur <a href=\"https:\/\/actu.fr\/tag\/instagram\" target=\"_blank\" rel=\"noopener\">instagram<\/a> ce jeudi 11 d\u00e9cembre 2025, Laury Thilleman, Miss France 2011, confie : \u00ab Je red\u00e9couvre ces images. J\u2019avais 20 ans, j\u2019en ai aujourd\u2019hui 34, <a href=\"https:\/\/actu.fr\/societe\/le-traumatisme-est-intact-laury-thilleman-s-exprime-sur-le-jour-ou-ary-abittan-l-a-embrassee-de-force_63566305.html\" target=\"_blank\" rel=\"noopener\">mais le traumatisme est intact<\/a>. \u00bb \u00ab \u00c0 l\u2019\u00e9poque, j\u2019avais honte, je me sentais humili\u00e9e, objectiv\u00e9e, impuissante. Alors comme pour faire bonne figure comme tout le monde, je tente d\u2019en rire. <strong>Mais je ne consens pas<\/strong> \u00bb, \u00e9crit-elle. La justice pourrait-elle poursuivre l\u2019acteur et humoriste, 12 ans apr\u00e8s ?\u00a0<\/p>\n<p class=\" wall-content\">Car cette archive date d\u2019avril 2013, c\u2019\u00e9tait une s\u00e9quence des Enfants de la t\u00e9l\u00e9, l\u2019\u00e9mission pr\u00e9sent\u00e9e par Arthur, sur TF1, o\u00f9 Ary Abittan l\u2019embrassait de force :<\/p>\n<p class=\" wall-content\">\n<p class=\" wall-content\">Laury Thilleman affirme ne \u00ab souhaiter \u00e0 personne ce qui est arriv\u00e9 \u00bb et va au-del\u00e0 de sa propre exp\u00e9rience. \u00ab Au nom de toutes celles qui n\u2019ont pas pu faire entendre leurs voix, je souhaite faire entendre la mienne \u00bb, conclut-elle dans son message. Mais pourra-t-elle essayer de faire condamner Ary Abittan ? La r\u00e9ponse est non.\u00a0<\/p>\n<p>Il y a un d\u00e9lai pour porter plainte\u00a0<\/p>\n<p class=\" wall-content\">Car oui, cette <a href=\"https:\/\/actu.fr\/videos\" target=\"_blank\" rel=\"noopener\">vid\u00e9o<\/a> semble caract\u00e9riser une agression sexuelle, <a href=\"https:\/\/www.legifrance.gouv.fr\/codes\/article_lc\/LEGIARTI000052535583#:~:text=Version%20en%20vigueur%20depuis%20le%2008%20novembre%202025,-Modifi%C3%A9%20par%20LOI&amp;text=Il%20ne%20peut%20%C3%AAtre%20d%C3%A9duit,quelle%20que%20soit%20leur%20nature.\" target=\"_blank\" rel=\"noopener\">d\u2019apr\u00e8s l\u2019article 222-22 du Code p\u00e9nal<\/a>. Un contact physique, \u00e0 caract\u00e8re sexuel, sans p\u00e9n\u00e9tration. Une agression commise <strong>sans le consentement de Laury Thilleman<\/strong>.<\/p>\n<p class=\" wall-content\">Ce caract\u00e8re sexuel peut \u00eatre retenu en fonction de la partie du corps touch\u00e9e (cuisses, fesses, sexe, bouche, poitrine). Toutefois, les juges examinent aussi la mani\u00e8re et le contexte dans lesquels les faits se sont d\u00e9roul\u00e9s.\u00a0<\/p>\n<blockquote class=\"ac-article-quote wall-content\">\n<p>Constitue une agression sexuelle tout acte sexuel non consenti commis sur la personne d&rsquo;autrui ou sur la personne de l&rsquo;auteur ou, dans les cas pr\u00e9vus par la loi, commis sur un mineur par un majeur.<br \/>\n(&#8230;) Le consentement est libre et \u00e9clair\u00e9, sp\u00e9cifique, pr\u00e9alable et r\u00e9vocable. Il est appr\u00e9ci\u00e9 au regard des circonstances. Il ne peut \u00eatre d\u00e9duit du seul silence ou de la seule absence de r\u00e9action de la victime.<br \/>\nIl n&rsquo;y a pas de consentement si l&rsquo;acte \u00e0 caract\u00e8re sexuel est commis avec violence, contrainte, menace ou surprise, quelle que soit leur nature.<\/p>\n<p>    <strong>Article 222-22 du Code p\u00e9nal<\/strong>\n            <\/p><\/blockquote>\n<p class=\" wall-content\">Mais dans cette affaire, malgr\u00e9 cette vid\u00e9o, cela n\u2019ira pas plus loin, il n\u2019y aura pas de proc\u00e8s, car le temps a pass\u00e9. Or, une victime d\u2019agression sexuelle peut porter plainte contre l\u2019auteur de cette infraction <strong>dans un d\u00e9lai de six ans \u00e0 compter de la commission des faits, <\/strong><a href=\"https:\/\/www.legifrance.gouv.fr\/codes\/article_lc\/LEGIARTI000049531911\" target=\"_blank\" rel=\"noopener\">dit l\u2019article 8 du Code de la proc\u00e9dure p\u00e9nale.<\/a><\/p>\n<blockquote class=\"ac-article-quote wall-content\">\n<p>L&rsquo;action publique des d\u00e9lits se prescrit par six ann\u00e9es r\u00e9volues \u00e0 compter du jour o\u00f9 l&rsquo;infraction a \u00e9t\u00e9 commise.<\/p>\n<p>    <strong>L&rsquo;article 8 du Code de proc\u00e9dure p\u00e9nale<\/strong>\n            <\/p><\/blockquote>\n<p>Votre r\u00e9gion, votre actu !<\/p>\n<p>Recevez chaque jour les infos qui comptent pour vous.<\/p>\n<p>\t<a href=\"https:\/\/actu.fr\/newsletter\" class=\"ac-btn ac-btn--corner ac-btn--medium ac-btn--blue800\" target=\"_blank\" rel=\"noopener\">S&rsquo;incrire<\/a><\/p>\n<p class=\" wall-content\">C\u2019est la prescription p\u00e9nale, et elle d\u00e9limite le temps pendant lequel des poursuites peuvent \u00eatre engag\u00e9es apr\u00e8s la commission d\u2019une infraction. Autrement dit, au-del\u00e0 d\u2019un certain d\u00e9lai, il n\u2019est plus possible de poursuivre l\u2019auteur d\u2019une infraction, m\u00eame si les faits sont av\u00e9r\u00e9s.\u00a0<\/p>\n<p>Jusqu\u2019\u00e0 5 ans d\u2019emprisonnement et 75 000 euros d\u2019amende<\/p>\n<p class=\" wall-content\">Pour rappel, l\u2019auteur d\u2019une agression sexuelle encourt une peine <strong>pouvant aller jusqu\u2019\u00e0 5 ans d\u2019emprisonnement et 75 000 euros d\u2019amende<\/strong>. La victime peut aussi \u00e9galement faire une demande d\u2019indemnisation au fonds de garantie des victimes (FGTI), par le biais de la Commission d\u2019indemnisation des victimes d\u2019infractions (Civi).<\/p>\n<p class=\" wall-content\">La r\u00e9apparition de cette vid\u00e9o intervient alors que la tension est d\u00e9j\u00e0 vive autour d\u2019Ary Abittan.<\/p>\n<p class=\" wall-content\">Le dimanche 7 d\u00e9cembre, une autre s\u00e9quence film\u00e9e dans les coulisses des Folies Berg\u00e8re \u00e0 Paris est devenue virale : on y voit Brigitte Macron, venue saluer l\u2019humoriste apr\u00e8s son spectacle Authentique. Dans la vid\u00e9o, on entend la Premi\u00e8re dame traiter des f\u00e9ministes <a href=\"https:\/\/actu.fr\/societe\/des-sales-connes-brigitte-macron-insulte-les-feministes-qui-ont-interrompu-le-spectacle-d-ary-abittan_63549353.html\" target=\"_blank\" rel=\"noopener\">de \u00ab sales connes \u00bb<\/a>, en pr\u00e9sence de sa fille, Tiphaine Auzi\u00e8re. La vid\u00e9o, diffus\u00e9e par Public, a raviv\u00e9 la critique autour de la complaisance \u00e0 l\u2019\u00e9gard des hommes c\u00e9l\u00e8bres accus\u00e9s de <a href=\"https:\/\/actu.fr\/tag\/violences-sexuelles\" target=\"_blank\" rel=\"noopener\">violences sexuelles<\/a>.<\/p>\n<p class=\" wall-content\">En 2021, Ary Abittan avait \u00e9t\u00e9 accus\u00e9 de viol par une jeune femme de 23 ans, ce qu\u2019il a toujours contest\u00e9. Apr\u00e8s une mise en examen abandonn\u00e9e en 2023 au profit du statut de t\u00e9moin assist\u00e9, un non-lieu a finalement \u00e9t\u00e9 prononc\u00e9 en avril 2024, puis confirm\u00e9 en appel en janvier 2025.\u00a0<\/p>\n<p>Le non-lieu ne proclame jamais l\u2019innocence\u00a0<\/p>\n<p class=\" wall-content\">Comme tout justiciable en France, Ary Abittan reste pr\u00e9sum\u00e9 innocent dans cette affaire, y compris pour le baiser de force \u00e0 Laury Thilleman. La loi consid\u00e8re qu\u2019une personne qui n\u2019a pas \u00e9t\u00e9 condamn\u00e9e est innocente.<\/p>\n<p class=\" wall-content\">Cependant, une d\u00e9cision de classement sans suite ou de non-lieu <strong>ne signifie pas que les faits d\u00e9nonc\u00e9s n\u2019ont pas exist\u00e9<\/strong>. C\u2019est ce que pointe le collectif f\u00e9ministe Nous Toutes, \u00ab un non-lieu n\u2019est pas un acquittement, c\u2019est juste la fin des poursuites \u00bb, r\u00e9p\u00e8tent les militantes qui refusent \u00ab de voir se d\u00e9rouler la r\u00e9int\u00e9gration m\u00e9diatique et professionnelle d\u2019un homme qui est accus\u00e9 de viol \u00bb.<\/p>\n<p class=\" wall-content\">Dans l\u2019affaire de 2021, la justice a estim\u00e9 que l\u2019infraction n\u2019\u00e9tait justement pas suffisamment caract\u00e9ris\u00e9e. <strong>Le non-lieu ne proclame pas l\u2019innocence<\/strong>, il signifie seulement qu\u2019il n\u2019y a pas assez d\u2019\u00e9l\u00e9ments pour juger et condamner, <a href=\"https:\/\/www.simonnetavocat.fr\/ary-abittan-a-t-il-ete-innocente-par-la-justice\/\" target=\"_blank\" rel=\"noopener\">rappelle sur son site Ma\u00eetre Valentin Simmonet, avocat au barreau de Paris<\/a>.<\/p>\n<p class=\" wall-content\">En r\u00e9alit\u00e9, le non-lieu revient \u00e0 constater qu\u2019un proc\u00e8s n\u2019aurait aucune chance s\u00e9rieuse d\u2019aboutir \u00e0 une condamnation, poursuit-il. Si un proc\u00e8s s\u2019\u00e9tait tout de m\u00eame tenu, le mis en cause aurait tr\u00e8s probablement \u00e9t\u00e9 relax\u00e9 ou acquitt\u00e9. Mais si le non-lieu ne \u00ab reconna\u00eet \u00bb pas l\u2019innocence, ce n\u2019est pas non plus parce que la personne serait un peu coupable. Est innocent celui qui n\u2019a pas \u00e9t\u00e9 condamn\u00e9 par une d\u00e9cision p\u00e9nale d\u00e9finitive.<\/p>\n<p class=\" wall-content\">C\u2019est pourquoi ceux qui r\u00e9p\u00e8tent qu\u2019\u00ab un non-lieu, ce n\u2019est pas une relaxe ou un acquittement \u00bb ont \u00e0 la fois raison et tort, pointe l\u2019avocat.<\/p>\n<ul class=\" wall-content\">\n<li>Ils ont raison, parce que la relaxe (devant un tribunal correctionnel) et l\u2019acquittement (devant une cour d\u2019assises) supposent qu\u2019un proc\u00e8s se tienne, ce qui n\u2019est pas le cas en mati\u00e8re de non-lieu.<\/li>\n<li>Ils ont tort s\u2019ils en d\u00e9duisent qu\u2019une relaxe ou un acquittement proclame l\u2019innocence : eux non plus ne le font jamais, ils se bornent \u00e0 dire que l\u2019accus\u00e9 n\u2019est pas reconnu coupable des faits reproch\u00e9s.<\/li>\n<\/ul>\n<p class=\" wall-content\">Personnalisez votre actualit\u00e9 en ajoutant vos villes et m\u00e9dias en favori avec <a href=\"https:\/\/moncompte.actu.fr\" title=\"D\u00e9couvez Mon Actu\" rel=\"nofollow noopener\" data-trk=\"{&quot;cta&quot;:{&quot;action&quot;:&quot;https:\\\/\\\/moncompte.actu.fr&quot;,&quot;category&quot;:&quot;mon compte&quot;,&quot;from&quot;:&quot;article footer&quot;,&quot;name&quot;:&quot;Mon actu&quot;,&quot;type&quot;:&quot;cta&quot;}}\" target=\"_blank\">Mon Actu<\/a>.<\/p>\n","protected":false},"excerpt":{"rendered":"Par Briac Tr\u00e9bert Publi\u00e9 le 12 d\u00e9c. 2025 \u00e0 12h09 On la voit tenter de se d\u00e9tourner, tandis&hellip;\n","protected":false},"author":2,"featured_media":594973,"comment_status":"","ping_status":"","sticky":false,"template":"","format":"standard","meta":{"footnotes":""},"categories":[8],"tags":[58,59,118,1011,27,303,799],"class_list":{"0":"post-594972","1":"post","2":"type-post","3":"status-publish","4":"format-standard","5":"has-post-thumbnail","7":"category-divertissement","8":"tag-divertissement","9":"tag-entertainment","10":"tag-faits-divers","11":"tag-fr","12":"tag-france","13":"tag-justice","14":"tag-violences-sexuelles"},"share_on_mastodon":{"url":"https:\/\/pubeurope.com\/@fr\/115706741863124053","error":""},"_links":{"self":[{"href":"https:\/\/www.europesays.com\/fr\/wp-json\/wp\/v2\/posts\/594972","targetHints":{"allow":["GET"]}}],"collection":[{"href":"https:\/\/www.europesays.com\/fr\/wp-json\/wp\/v2\/posts"}],"about":[{"href":"https:\/\/www.europesays.com\/fr\/wp-json\/wp\/v2\/types\/post"}],"author":[{"embeddable":true,"href":"https:\/\/www.europesays.com\/fr\/wp-json\/wp\/v2\/users\/2"}],"replies":[{"embeddable":true,"href":"https:\/\/www.europesays.com\/fr\/wp-json\/wp\/v2\/comments?post=594972"}],"version-history":[{"count":0,"href":"https:\/\/www.europesays.com\/fr\/wp-json\/wp\/v2\/posts\/594972\/revisions"}],"wp:featuredmedia":[{"embeddable":true,"href":"https:\/\/www.europesays.com\/fr\/wp-json\/wp\/v2\/media\/594973"}],"wp:attachment":[{"href":"https:\/\/www.europesays.com\/fr\/wp-json\/wp\/v2\/media?parent=594972"}],"wp:term":[{"taxonomy":"category","embeddable":true,"href":"https:\/\/www.europesays.com\/fr\/wp-json\/wp\/v2\/categories?post=594972"},{"taxonomy":"post_tag","embeddable":true,"href":"https:\/\/www.europesays.com\/fr\/wp-json\/wp\/v2\/tags?post=594972"}],"curies":[{"name":"wp","href":"https:\/\/api.w.org\/{rel}","templated":true}]}}