{"id":594978,"date":"2025-12-12T13:07:12","date_gmt":"2025-12-12T13:07:12","guid":{"rendered":"https:\/\/www.europesays.com\/fr\/594978\/"},"modified":"2025-12-12T13:07:12","modified_gmt":"2025-12-12T13:07:12","slug":"berlin-accuse-moscou-dune-cyberattaque-contre-la-securite-aerienne-et-dingerence-electorale","status":"publish","type":"post","link":"https:\/\/www.europesays.com\/fr\/594978\/","title":{"rendered":"Berlin accuse Moscou d&rsquo;une cyberattaque contre la s\u00e9curit\u00e9 a\u00e9rienne et d&rsquo;ing\u00e9rence \u00e9lectorale"},"content":{"rendered":"<p>L&rsquo;Allemagne accuse la Russie d&rsquo;attaques \u00ab\u00a0hybrides\u00a0\u00bb sur son territoire, notamment une cyberattaque contre la s\u00e9curit\u00e9 a\u00e9rienne et une ing\u00e9rence \u00e9lectorale. L&rsquo;ambassadeur russe a \u00e9t\u00e9 convoqu\u00e9.<\/p>\n<p>L&rsquo;Allemagne a attribu\u00e9 ce vendredi 12 d\u00e9cembre \u00e0 la Russie une \u00ab\u00a0<a href=\"https:\/\/www.bfmtv.com\/podcasts\/le-titre-a-la-une\/espionnage-economique-ingerences-qui-sont-les-agents-de-la-russie-en-france_EN-202511260893.html\" title=\"Espionnage \u00e9conomique, ing\u00e9rences: qui sont les agents de la Russie en France?\" class=\"internal_link\" target=\"_blank\" rel=\"noopener\">attaque informatique<\/a>\u00a0\u00bb visant son syst\u00e8me de contr\u00f4le du trafic a\u00e9rien ainsi qu&rsquo;une \u00ab\u00a0campagne\u00a0\u00bb de d\u00e9stabilisation durant les derni\u00e8res l\u00e9gislatives allemandes, et convoqu\u00e9 l&rsquo;ambassadeur russe \u00e0 Berlin pour ces accusations.<\/p>\n<p>\u00ab\u00a0Le service de renseignement militaire russe GRU est responsable de cette attaque\u00a0\u00bb informatique commise en ao\u00fbt 2024 et \u00ab\u00a0la Russie a tent\u00e9, \u00e0 travers la campagne Storm 1516, d&rsquo;influencer et de d\u00e9stabiliser\u00a0\u00bb la <a href=\"https:\/\/www.bfmtv.com\/international\/europe\/allemagne\/allemagne-qui-est-friedrich-merz-vainqueur-des-elections-legislatives-et-probable-futur-chancelier_VN-202502240516.html\" title=\"Allemagne: qui est Friedrich Merz, vainqueur des \u00e9lections l\u00e9gislatives et probable futur chancelier\" class=\"internal_link\" target=\"_blank\" rel=\"noopener\">derni\u00e8re \u00e9lection en f\u00e9vrier<\/a>, a d\u00e9clar\u00e9 un porte-parole du minist\u00e8re allemand des Affaires \u00e9trang\u00e8res lors d&rsquo;un point presse r\u00e9gulier.<\/p>\n<p>\u00ab\u00a0Deuxi\u00e8mement, nous pouvons aujourd&rsquo;hui affirmer de mani\u00e8re formelle que la Russie a tent\u00e9, \u00e0 travers la campagne Storm 1516, d&rsquo;influencer et de d\u00e9stabiliser tant la derni\u00e8re \u00e9lection au Bundestag que, de fa\u00e7on continue, les affaires int\u00e9rieures de la R\u00e9publique f\u00e9d\u00e9rale d&rsquo;Allemagne\u00a0\u00bb, a-t-il poursuivi.<\/p>\n<p>Contact\u00e9e vendredi par l&rsquo;AFP, l&rsquo;ambassade russe \u00e0 Berlin n&rsquo;avait pas r\u00e9agi dans l&rsquo;imm\u00e9diat.<\/p>\n<p>\u00ab\u00a0Une s\u00e9rie de mesures de r\u00e9torsion\u00a0\u00bb<\/p>\n<p>Le porte-parole de la diplomatie allemande a annonc\u00e9, \u00ab\u00a0en \u00e9troite concertation avec nos partenaires europ\u00e9ens, une s\u00e9rie de mesures de r\u00e9torsion afin de faire payer \u00e0 la Russie le prix de ses attaques hybrides\u00a0\u00bb.<\/p>\n<p>L&rsquo;Allemagne va \u00ab\u00a0soutenir de nouvelles sanctions individuelles contre des acteurs hybrides\u00a0\u00bb au niveau de l&rsquo;UE, qui impliqueront des \u00ab\u00a0interdictions d&rsquo;entr\u00e9e\u00a0\u00bb dans l&rsquo;UE, \u00ab\u00a0le gel de leurs avoirs et une interdiction d&rsquo;acc\u00e8s aux ressources \u00e9conomiques\u00a0\u00bb.<\/p>\n<p>Depuis l&rsquo;<a href=\"https:\/\/www.bfmtv.com\/international\/europe\/ukraine-russie-le-bras-de-fer-mondial_DN-201904150203.html\" title=\"Ukraine-Russie: la guerre\" class=\"internal_link\" target=\"_blank\" rel=\"noopener\">invasion russe de l&rsquo;Ukraine<\/a>, les pays europ\u00e9ens accusent la Russie de mener une guerre \u00ab\u00a0hybride\u00a0\u00bb \u00e0 leur \u00e9gard &#8211; soit un m\u00e9lange de moyens non conventionnels qui peut inclure du sabotage ou des campagnes de d\u00e9sinformation.<\/p>\n<p>Premier soutien de l&rsquo;Ukraine en Europe, l&rsquo;Allemagne se consid\u00e8re comme une cible centrale de ces attaques.<\/p>\n","protected":false},"excerpt":{"rendered":"L&rsquo;Allemagne accuse la Russie d&rsquo;attaques \u00ab\u00a0hybrides\u00a0\u00bb sur son territoire, notamment une cyberattaque contre la s\u00e9curit\u00e9 a\u00e9rienne et une&hellip;\n","protected":false},"author":2,"featured_media":594979,"comment_status":"","ping_status":"","sticky":false,"template":"","format":"standard","meta":{"footnotes":""},"categories":[5],"tags":[11,1011,27,14,12,28],"class_list":{"0":"post-594978","1":"post","2":"type-post","3":"status-publish","4":"format-standard","5":"has-post-thumbnail","7":"category-international","8":"tag-actualites","9":"tag-fr","10":"tag-france","11":"tag-international","12":"tag-news","13":"tag-world"},"share_on_mastodon":{"url":"https:\/\/pubeurope.com\/@fr\/115706753430159819","error":""},"_links":{"self":[{"href":"https:\/\/www.europesays.com\/fr\/wp-json\/wp\/v2\/posts\/594978","targetHints":{"allow":["GET"]}}],"collection":[{"href":"https:\/\/www.europesays.com\/fr\/wp-json\/wp\/v2\/posts"}],"about":[{"href":"https:\/\/www.europesays.com\/fr\/wp-json\/wp\/v2\/types\/post"}],"author":[{"embeddable":true,"href":"https:\/\/www.europesays.com\/fr\/wp-json\/wp\/v2\/users\/2"}],"replies":[{"embeddable":true,"href":"https:\/\/www.europesays.com\/fr\/wp-json\/wp\/v2\/comments?post=594978"}],"version-history":[{"count":0,"href":"https:\/\/www.europesays.com\/fr\/wp-json\/wp\/v2\/posts\/594978\/revisions"}],"wp:featuredmedia":[{"embeddable":true,"href":"https:\/\/www.europesays.com\/fr\/wp-json\/wp\/v2\/media\/594979"}],"wp:attachment":[{"href":"https:\/\/www.europesays.com\/fr\/wp-json\/wp\/v2\/media?parent=594978"}],"wp:term":[{"taxonomy":"category","embeddable":true,"href":"https:\/\/www.europesays.com\/fr\/wp-json\/wp\/v2\/categories?post=594978"},{"taxonomy":"post_tag","embeddable":true,"href":"https:\/\/www.europesays.com\/fr\/wp-json\/wp\/v2\/tags?post=594978"}],"curies":[{"name":"wp","href":"https:\/\/api.w.org\/{rel}","templated":true}]}}