{"id":594980,"date":"2025-12-12T13:08:14","date_gmt":"2025-12-12T13:08:14","guid":{"rendered":"https:\/\/www.europesays.com\/fr\/594980\/"},"modified":"2025-12-12T13:08:14","modified_gmt":"2025-12-12T13:08:14","slug":"anne-hidalgo-echoue-a-prendre-la-tete-du-haut-commissariat-aux-refugies-de-lonu","status":"publish","type":"post","link":"https:\/\/www.europesays.com\/fr\/594980\/","title":{"rendered":"Anne Hidalgo \u00e9choue \u00e0 prendre la t\u00eate du Haut-Commissariat aux r\u00e9fugi\u00e9s de l\u2019ONU"},"content":{"rendered":"<p>\n    La candidature de la maire socialiste de Paris, qui ne se repr\u00e9sente pas dans la capitale, n\u2019a pas \u00e9t\u00e9 retenue par l\u2019instance internationale. C\u2019est finalement l\u2019ancien pr\u00e9sident irakien Barham Salih qui a \u00e9t\u00e9 d\u00e9sign\u00e9.<\/p>\n<p class=\"fig-paragraph\">La reconversion d\u2019<a href=\"http:\/\/www.lefigaro.fr\/politique\/de-polemique-en-discredit-la-fin-de-regne-crepusculaire-d-anne-hidalgo-a-la-mairie-de-paris-20251002\" data-fig-type=\"Article\" data-gtm-custom-categorie=\"navigation\" data-gtm-custom-action=\"crossclick\" data-gtm-custom-label=\"Contextuel\" data-gtm-event=\"customEventSPE\" data-fig-domain=\"LEFIGARO\" target=\"_blank\" rel=\"noopener\">Anne Hidalgo<\/a>\u00a0n\u2019aura pas lieu \u00e0 Gen\u00e8ve, o\u00f9 se situe le si\u00e8ge de haut-commissaire des Nations unies pour les r\u00e9fugi\u00e9s (HCR). La maire sortante de Paris, qui ne brigue pas un troisi\u00e8me mandat dans la capitale, visait la t\u00eate de cette prestigieuse instance internationale. C\u2019est finalement l\u2019ancien pr\u00e9sident irakien,\u00a0<a href=\"https:\/\/www.lefigaro.fr\/international\/2019\/02\/20\/01003-20190220ARTFIG00268-le-president-irakien-effectue-sa-premiere-visite-en-france.php\" data-fig-type=\"Article\" data-gtm-custom-categorie=\"navigation\" data-gtm-custom-action=\"crossclick\" data-gtm-custom-label=\"Contextuel\" data-gtm-event=\"customEventSPE\" data-fig-domain=\"LEFIGARO\" target=\"_blank\" rel=\"noopener\">Barham Saleh<\/a>\u00a0qui a \u00e9t\u00e9 retenu par Antonio Guterres, le secr\u00e9taire g\u00e9n\u00e9ral de l\u2019ONU, a-t-on appris ce vendredi. Ce choix doit d\u00e9sormais \u00eatre ratifi\u00e9 par un vote de l\u2019Assembl\u00e9e g\u00e9n\u00e9rale des Nations unies, pr\u00e9sent\u00e9 comme une formalit\u00e9.<\/p>\n<p>                                            \u00abJamais consid\u00e9r\u00e9e comme au niveau\u00bb<\/p>\n<p class=\"fig-paragraph\">Anne Hidalgo avait pourtant men\u00e9 une campagne active par-del\u00e0 les fronti\u00e8res ces derniers mois. La socialiste \u00e9tait encore \u00e0 New York au printemps dernier pour rencontrer Antonio Guterres. Elle s\u2019\u00e9tait \u00e9galement d\u00e9plac\u00e9e au Kenya pour l\u2019Assembl\u00e9e g\u00e9n\u00e9rale d\u2019ONU-Habitat et \u00e0 Lausanne (Suisse) pour la r\u00e9union annuelle de la Fondation olympique pour les r\u00e9fugi\u00e9s. La maire sortante de Paris esp\u00e9rait notamment profiter de sa bonne r\u00e9putation \u00e0 l\u2019international, alors qu\u2019elle figure r\u00e9guli\u00e8rement dans les classements des femmes \u00ables plus influentes\u00bb du monde. Pas suffisant donc, alors qu\u2019une source interne au HCR affirme qu\u2019Anne Hidalgo n\u2019a m\u00eame \u00abjamais \u00e9t\u00e9 consid\u00e9r\u00e9e comme une candidate au niveau requis\u00bb.<\/p>\n<p>                                            <a class=\"fig-a11y-skip\" href=\"#fig-a11y-skip-main-inarticle\" data-module=\"a11y-skip\" data-context=\"was @visible\"><br \/>\n    Passer la publicit\u00e9<br \/>\n<\/a>            <\/p>\n<p class=\"fig-paragraph\">L\u2019avenir d\u2019Anne Hidalgo reste donc en suspens, elle qui a d\u00e9cid\u00e9 de se retirer de l\u2019H\u00f4tel de ville. Sa succession ne s\u2019est pas pass\u00e9e non plus comme elle le souhaitait puisqu\u2019elle avait d\u00e9sign\u00e9 le s\u00e9nateur\u00a0<a href=\"http:\/\/www.lefigaro.fr\/politique\/municipales-2026-anne-hidalgo-choisit-remi-feraud-fidele-parmi-les-fideles-pour-dauphin-20241126\" data-fig-type=\"NewsFlash\" data-gtm-custom-categorie=\"navigation\" data-gtm-custom-action=\"crossclick\" data-gtm-custom-label=\"Contextuel\" data-gtm-event=\"customEventSPE\" data-fig-domain=\"LEFIGARO\" target=\"_blank\" rel=\"noopener\">R\u00e9mi F\u00e9raud<\/a>\u00a0comme son dauphin. Ce dernier avait cependant \u00e9chou\u00e9 \u00e0 remporter la primaire interne du PS parisien en juin dernier, s\u2019inclinant face \u00e0 l\u2019ex-premier adjoint Emmanuel Gr\u00e9goire. La maire sortante n\u2019a jamais voulu le soutenir, consid\u00e9rant que son \u00e9mancipation avait \u00e9t\u00e9 une trahison. Bien qu\u2019il soit d\u00e9sormais la t\u00eate de liste du PS, Anne Hidalgo ne lui a pas encore affich\u00e9 un soutien public. Et ne le fera peut-\u00eatre jamais.<\/p>\n","protected":false},"excerpt":{"rendered":"La candidature de la maire socialiste de Paris, qui ne se repr\u00e9sente pas dans la capitale, n\u2019a pas&hellip;\n","protected":false},"author":2,"featured_media":594981,"comment_status":"","ping_status":"","sticky":false,"template":"","format":"standard","meta":{"footnotes":""},"categories":[4],"tags":[11,2618,1011,27,12,3521,25],"class_list":{"0":"post-594980","1":"post","2":"type-post","3":"status-publish","4":"format-standard","5":"has-post-thumbnail","7":"category-france","8":"tag-actualites","9":"tag-anne-hidalgo","10":"tag-fr","11":"tag-france","12":"tag-news","13":"tag-onu","14":"tag-republique-francaise"},"share_on_mastodon":{"url":"https:\/\/pubeurope.com\/@fr\/115706757522815693","error":""},"_links":{"self":[{"href":"https:\/\/www.europesays.com\/fr\/wp-json\/wp\/v2\/posts\/594980","targetHints":{"allow":["GET"]}}],"collection":[{"href":"https:\/\/www.europesays.com\/fr\/wp-json\/wp\/v2\/posts"}],"about":[{"href":"https:\/\/www.europesays.com\/fr\/wp-json\/wp\/v2\/types\/post"}],"author":[{"embeddable":true,"href":"https:\/\/www.europesays.com\/fr\/wp-json\/wp\/v2\/users\/2"}],"replies":[{"embeddable":true,"href":"https:\/\/www.europesays.com\/fr\/wp-json\/wp\/v2\/comments?post=594980"}],"version-history":[{"count":0,"href":"https:\/\/www.europesays.com\/fr\/wp-json\/wp\/v2\/posts\/594980\/revisions"}],"wp:featuredmedia":[{"embeddable":true,"href":"https:\/\/www.europesays.com\/fr\/wp-json\/wp\/v2\/media\/594981"}],"wp:attachment":[{"href":"https:\/\/www.europesays.com\/fr\/wp-json\/wp\/v2\/media?parent=594980"}],"wp:term":[{"taxonomy":"category","embeddable":true,"href":"https:\/\/www.europesays.com\/fr\/wp-json\/wp\/v2\/categories?post=594980"},{"taxonomy":"post_tag","embeddable":true,"href":"https:\/\/www.europesays.com\/fr\/wp-json\/wp\/v2\/tags?post=594980"}],"curies":[{"name":"wp","href":"https:\/\/api.w.org\/{rel}","templated":true}]}}