{"id":594986,"date":"2025-12-12T13:17:16","date_gmt":"2025-12-12T13:17:16","guid":{"rendered":"https:\/\/www.europesays.com\/fr\/594986\/"},"modified":"2025-12-12T13:17:16","modified_gmt":"2025-12-12T13:17:16","slug":"nancy-un-nouveau-restaurant-va-ouvrir-prochainement-place-stanislas-ce-quil-faut-savoir","status":"publish","type":"post","link":"https:\/\/www.europesays.com\/fr\/594986\/","title":{"rendered":"Nancy. Un nouveau restaurant va ouvrir prochainement place Stanislas : ce qu&rsquo;il faut savoir"},"content":{"rendered":"<p>                    Par<br \/>\n        <strong><br \/>\n            <a href=\"https:\/\/actu.fr\/auteur\/pierre-emile-bouchy-actu-fr\" title=\"Consulter tous les articles de Paul-Emile Bouchy\" target=\"_blank\" rel=\"noopener\">Paul-Emile Bouchy<\/a><br \/>\n                    <\/strong><\/p>\n<p>        Publi\u00e9 le<\/p>\n<p>            12 d\u00e9c. 2025 \u00e0 13h20        <\/p>\n<p>Alors que <a href=\"https:\/\/actu.fr\/grand-est\/nancy_54395\/travaux-au-grand-hotel-de-la-reine-le-restaurant-le-louis-et-le-bar-le-xv-vont-devoir-demenager_61122273.html\" target=\"_blank\" rel=\"noopener\">le restaurant Le Louis et le bar Le XV ont d\u00fb d\u00e9m\u00e9nager<\/a> le temps des travaux du <a href=\"https:\/\/actu.fr\/grand-est\/nancy_54395\/le-grand-hotel-de-la-reine-va-devenir-le-premier-5-etoiles-de-nancy-ce-qu-il-faut-savoir_57049552.html\" target=\"_blank\" rel=\"noopener\">Grand H\u00f4tel de la Reine<\/a> \u00e0 Nancy, la <a href=\"https:\/\/actu.fr\/tag\/place-stanislas\" target=\"_blank\" rel=\"noopener\">place Stanislas<\/a> va accueillir dans les prochains mois <strong>un nouveau restaurant<\/strong>. Depuis le d\u00e9but du mois d\u2019avril, des travaux ont lieu \u00e0 l\u2019ancien emplacement du restaurant Michelangelo.<\/p>\n<p class=\" wall-content\">On a visit\u00e9 le chantier et <strong>on vous pr\u00e9sente l\u2019\u00e9tablissement qui va bient\u00f4t s\u2019y installer<\/strong>.<\/p>\n<p>Le restaurant Piopa d\u00e9m\u00e9nage place Stanislas<\/p>\n<p class=\" wall-content\">Cet endroit bien connu va devenir<strong> l\u2019adresse du nouveau restaurant Piopa, install\u00e9 place Maginot et qui va donc d\u00e9m\u00e9nager sur la place Stanislas<\/strong>.<\/p>\n<p class=\" wall-content\">\u00ab\u2009Le restaurant ne s\u2019appellera plus Piopa-Lasagna mais <strong>Piopa-Op\u00e9ra<\/strong> en raison de la proximit\u00e9 avec celui-ci, indique son propri\u00e9taire Marcelo Scigliano. On veut respecter ce lieu qui nous accueille et on ne voulait donc pas une connotation trop italienne.\u2009\u00bb<\/p>\n<p class=\" wall-content\">Dans cette d\u00e9marche,<strong> les moulures, les grands miroirs ou encore les mezzanines vont \u00eatre conserv\u00e9s.<\/strong> \u00ab\u2009Avec notre arriv\u00e9e, c\u2019est une page qui se tourne mais il \u00e9tait important de garder l\u2019esprit de ce lieu\u2009\u00bb, ajoute-t-il.<\/p>\n<p>    <img   decoding=\"async\" loading=\"lazy\" src=\"https:\/\/www.europesays.com\/fr\/wp-content\/uploads\/2025\/12\/piopa-nancy-interieur-place-stanislas-960x640.jpeg\" alt=\"Depuis l'\u00e9tage, les clients b\u00e9n\u00e9ficieront d'une tr\u00e8s belle vue sur la place Stanislas.\" width=\"960\" height=\"640\"\/><br \/>\n    Depuis l\u2019\u00e9tage, les clients b\u00e9n\u00e9ficieront d\u2019une tr\u00e8s belle vue sur la place Stanislas. (\u00a9Paul-Emile Bouchy \/ Lorraine Actu)Plusieurs mois de travaux men\u00e9s par des artisans<\/p>\n<p class=\" wall-content\">Derri\u00e8re les b\u00e2ches qui recouvrent les vitres du restaurant, une \u00e9quipe d\u2019artisans travaille activement en faisant attention aux d\u00e9tails, comme les feuilles d\u2019or appliqu\u00e9es \u00e0 la main.<\/p>\n<p>Votre r\u00e9gion, votre actu !<\/p>\n<p>Recevez chaque jour les infos qui comptent pour vous.<\/p>\n<p>\t<a href=\"https:\/\/actu.fr\/newsletter\" class=\"ac-btn ac-btn--corner ac-btn--medium ac-btn--blue800\" target=\"_blank\" rel=\"noopener\">S&rsquo;incrire<\/a><\/p>\n<p class=\" wall-content\">\u00ab\u2009Chaque choix de mat\u00e9riaux a \u00e9t\u00e9 r\u00e9fl\u00e9chi. <strong>Tout est con\u00e7u sur mesure<\/strong> pour conserver aussi l\u2019ADN de cet endroit\u2009\u00bb, d\u00e9taillent Luc\u00e8te Ngoma et Nawfal Kadary, major manager et manager op\u00e9rationnel du restaurant.<\/p>\n<p class=\" wall-content\">L\u2019ouverture du restaurant est pr\u00e9vue \u00ab\u2009durant le <strong>premier trimestre 2026<\/strong>\u2009\u00bb. Il pourra accueillir environ 170 clients \u00e0 l\u2019int\u00e9rieur, en plus de deux terrasses de chaque c\u00f4t\u00e9.<\/p>\n<p>    <img   decoding=\"async\" loading=\"lazy\" src=\"https:\/\/www.europesays.com\/fr\/wp-content\/uploads\/2025\/12\/salle-piopa-nancy-restaurant-place-stanislas-960x640.jpeg\" alt=\"Si les fresques ont disparu, les moulures d\u00e9cor\u00e9es avec de la feuille d'or ont \u00e9t\u00e9 conserv\u00e9es.\" width=\"960\" height=\"640\"\/><br \/>\n    Si les fresques ont disparu, les moulures d\u00e9cor\u00e9es avec de la feuille d\u2019or ont \u00e9t\u00e9 conserv\u00e9es. (\u00a9Paul-Emile Bouchy \/ Lorraine Actu)Un lieu pour satisfaire les Nanc\u00e9iens<\/p>\n<p class=\" wall-content\">La carte sera similaire \u00e0 celle du restaurant actuel avec de nombreux plats italiens. \u00ab\u2009On va <strong>y ajouter un c\u00f4t\u00e9 brasserie et aussi un salon de th\u00e9<\/strong> pour que les clients puissent venir pour simplement boire un verre\u2009\u00bb, explique Luc\u00e8te Ngoma.<\/p>\n<blockquote class=\"ac-article-quote wall-content\">\n<p>Notre objectif est de satisfaire avant tout les Nanc\u00e9iens, qu&rsquo;ils viennent en famille ou entre amis pour d\u00e9jeuner, d\u00eener ou simplement une pause gourmande. Faire que chaque moment chez nous soit une exp\u00e9rience unique.<\/p>\n<p>    <strong>Luc\u00e8te Ngoma<\/strong><br \/>\n        Major manager du restaurant Piopa-Op\u00e9ra    <\/p><\/blockquote>\n<p class=\" wall-content\">L\u2019\u00e9tablissement sera <strong>ouvert tous les jours<\/strong> et accueillera les clients <strong>de 11h \u00e0 23h avec un service continu<\/strong>.<\/p>\n<p>En vue de son ouverture, le restaurant recrute des employ\u00e9s polyvalents et des encadrants.<br \/>\nVous pouvez envoyer votre CV \u00e0 l\u2019adresse suivante\u2009: <a href=\"https:\/\/actu.fr\/cdn-cgi\/l\/email-protection\" class=\"__cf_email__\" data-cfemail=\"c4b7aba7ada5a8e9aaa5aaa7bda9a5a3adaaabb084b4adabb4a5eaa2b6\" target=\"_blank\" rel=\"noopener\">[email\u00a0protected]<\/a> ou vous pr\u00e9senter au restaurant Piopa-Lasagna place Maginot.<\/p>\n<p class=\" wall-content\">Personnalisez votre actualit\u00e9 en ajoutant vos villes et m\u00e9dias en favori avec <a href=\"https:\/\/moncompte.actu.fr\" title=\"D\u00e9couvez Mon Actu\" rel=\"nofollow noopener\" data-trk=\"{&quot;cta&quot;:{&quot;action&quot;:&quot;https:\\\/\\\/moncompte.actu.fr&quot;,&quot;category&quot;:&quot;mon compte&quot;,&quot;from&quot;:&quot;article footer&quot;,&quot;name&quot;:&quot;Mon actu&quot;,&quot;type&quot;:&quot;cta&quot;}}\" target=\"_blank\">Mon Actu<\/a>.<\/p>\n","protected":false},"excerpt":{"rendered":"Par Paul-Emile Bouchy Publi\u00e9 le 12 d\u00e9c. 2025 \u00e0 13h20 Alors que le restaurant Le Louis et le&hellip;\n","protected":false},"author":2,"featured_media":594987,"comment_status":"","ping_status":"","sticky":false,"template":"","format":"standard","meta":{"footnotes":""},"categories":[9635],"tags":[1111,11,1777,674,1011,27,775,1702,12,3147,9647,25,1340,104],"class_list":{"0":"post-594986","1":"post","2":"type-post","3":"status-publish","4":"format-standard","5":"has-post-thumbnail","7":"category-nancy","8":"tag-actu","9":"tag-actualites","10":"tag-eu","11":"tag-europe","12":"tag-fr","13":"tag-france","14":"tag-grand-est","15":"tag-nancy","16":"tag-news","17":"tag-nouveaux-commerces","18":"tag-place-stanislas","19":"tag-republique-francaise","20":"tag-restaurant","21":"tag-societe"},"share_on_mastodon":{"url":"https:\/\/pubeurope.com\/@fr\/115706793749121575","error":""},"_links":{"self":[{"href":"https:\/\/www.europesays.com\/fr\/wp-json\/wp\/v2\/posts\/594986","targetHints":{"allow":["GET"]}}],"collection":[{"href":"https:\/\/www.europesays.com\/fr\/wp-json\/wp\/v2\/posts"}],"about":[{"href":"https:\/\/www.europesays.com\/fr\/wp-json\/wp\/v2\/types\/post"}],"author":[{"embeddable":true,"href":"https:\/\/www.europesays.com\/fr\/wp-json\/wp\/v2\/users\/2"}],"replies":[{"embeddable":true,"href":"https:\/\/www.europesays.com\/fr\/wp-json\/wp\/v2\/comments?post=594986"}],"version-history":[{"count":0,"href":"https:\/\/www.europesays.com\/fr\/wp-json\/wp\/v2\/posts\/594986\/revisions"}],"wp:featuredmedia":[{"embeddable":true,"href":"https:\/\/www.europesays.com\/fr\/wp-json\/wp\/v2\/media\/594987"}],"wp:attachment":[{"href":"https:\/\/www.europesays.com\/fr\/wp-json\/wp\/v2\/media?parent=594986"}],"wp:term":[{"taxonomy":"category","embeddable":true,"href":"https:\/\/www.europesays.com\/fr\/wp-json\/wp\/v2\/categories?post=594986"},{"taxonomy":"post_tag","embeddable":true,"href":"https:\/\/www.europesays.com\/fr\/wp-json\/wp\/v2\/tags?post=594986"}],"curies":[{"name":"wp","href":"https:\/\/api.w.org\/{rel}","templated":true}]}}