{"id":594992,"date":"2025-12-12T13:20:18","date_gmt":"2025-12-12T13:20:18","guid":{"rendered":"https:\/\/www.europesays.com\/fr\/594992\/"},"modified":"2025-12-12T13:20:18","modified_gmt":"2025-12-12T13:20:18","slug":"solidarite-apportez-votre-plaid-et-votre-peluche-dimanche-au-stade-mayol","status":"publish","type":"post","link":"https:\/\/www.europesays.com\/fr\/594992\/","title":{"rendered":"Solidarit\u00e9. Apportez votre plaid et votre peluche dimanche au stade Mayol"},"content":{"rendered":"<p>                    Par<br \/>\n        <strong><br \/>\n            <a href=\"https:\/\/actu.fr\/auteur\/laetitia-soula-gmail-com\" title=\"Consulter tous les articles de Laetitia Soula\" target=\"_blank\" rel=\"noopener\">Laetitia Soula<\/a><br \/>\n                    <\/strong><\/p>\n<p>        Publi\u00e9 le<\/p>\n<p>            12 d\u00e9c. 2025 \u00e0 13h55        <\/p>\n<p>Dans le <a href=\"https:\/\/actu.fr\/provence-alpes-cote-d-azur\/var_83\" target=\"_blank\" rel=\"noopener\"><strong>Var<\/strong><\/a>, ce dimanche 14 d\u00e9cembre 2025, le stade Mayol de <a href=\"https:\/\/actu.fr\/provence-alpes-cote-d-azur\/toulon_83137\" target=\"_blank\" rel=\"noopener\"><strong>Toulon<\/strong> <\/a>accueillera un match un peu particulier. Le <strong>Rugby Club Toulonnais<\/strong> (RCT), qui jouera contre l\u2019\u00e9quipe anglaise du <strong>Bath Rugby<\/strong>, en appelle \u00e0 la <strong>solidarit\u00e9<\/strong> du public pour participer \u00e0 une action pour <strong>aider les plus d\u00e9munis<\/strong>. Explications.<\/p>\n<p>    <a href=\"https:\/\/www.facebook.com\/plugins\/post.php?href=https%3A%2F%2Fwww.facebook.com%2Funiondiaconaleduvar%2Fposts%2Fpfbid0yMgfbs7qrpLVctGRiP96f4sekcHf5WTsY2mY8P2ikQfYa7NWPnNzBrcxLdauGvnFl&amp;show_text=true&amp;width=350\" title=\"Ouvrie le lien\" target=\"_blank\" rel=\"noopener\">Cliquez ici pour visualiser le contenu<\/a><\/p>\n<p>Un lancer de peluches<\/p>\n<p class=\" wall-content\">Pilot\u00e9e par le <strong>Fonds de Dotation<\/strong> du RCT, dans le cadre de son programme de <strong>lutte contre la pr\u00e9carit\u00e9<\/strong>, cette action permettra aux supporters toulonnais de participer \u00e0 une <strong>collecte de plaids et de couvertures<\/strong>.<\/p>\n<p class=\" wall-content\">Celle-ci aura lieu <strong>en amont de la rencontre<\/strong> jusqu\u2019au coup d\u2019envoi (\u00e0 16h15), sur un stand d\u00e9di\u00e9 dans la <strong>fan zone<\/strong> du stade Mayol.<\/p>\n<p class=\" wall-content\">Ces dons permettront d\u2019apporter \u00ab\u00a0<strong>chaleur et r\u00e9confort<\/strong> aux personnes en situation de <strong>grande pr\u00e9carit\u00e9<\/strong> accompagn\u00e9es par les associations partenaires\u00a0\u00bb, \u00e0 savoir l\u2019<a href=\"https:\/\/www.udv-asso.fr\/\" target=\"_blank\" rel=\"noopener\"><strong>Union Diaconale du Var<\/strong><\/a> (UDV) et ses associations b\u00e9n\u00e9ficiaires <strong>Promosoins<\/strong> et <strong>Les Amis de J\u00e9richo<\/strong>.<\/p>\n<p class=\" wall-content\">Un <strong>lancer de peluches<\/strong> aura lieu <strong>\u00e0 la mi-temps<\/strong> de la rencontre, au b\u00e9n\u00e9fice du <strong>Secours Populaire<\/strong>.<\/p>\n<p>Pour plus d\u2019infos, rendez-vous sur le <a href=\"https:\/\/rctoulon.com\/toulon-bath-solidarite-en-rouge-et-noir-ce-dimanche-au-stade-mayol\/\" target=\"_blank\" rel=\"noopener\">site du RCT<\/a>.<\/p>\n<p class=\" wall-content\">Personnalisez votre actualit\u00e9 en ajoutant vos villes et m\u00e9dias en favori avec <a href=\"https:\/\/moncompte.actu.fr\" title=\"D\u00e9couvez Mon Actu\" rel=\"nofollow noopener\" data-trk=\"{&quot;cta&quot;:{&quot;action&quot;:&quot;https:\\\/\\\/moncompte.actu.fr&quot;,&quot;category&quot;:&quot;mon compte&quot;,&quot;from&quot;:&quot;article footer&quot;,&quot;name&quot;:&quot;Mon actu&quot;,&quot;type&quot;:&quot;cta&quot;}}\" target=\"_blank\">Mon Actu<\/a>.<\/p>\n","protected":false},"excerpt":{"rendered":"Par Laetitia Soula Publi\u00e9 le 12 d\u00e9c. 2025 \u00e0 13h55 Dans le Var, ce dimanche 14 d\u00e9cembre 2025,&hellip;\n","protected":false},"author":2,"featured_media":594993,"comment_status":"","ping_status":"","sticky":false,"template":"","format":"standard","meta":{"footnotes":""},"categories":[9619],"tags":[1111,11,1719,1777,674,1011,27,12,4518,882,25,479,3400,60,2310],"class_list":{"0":"post-594992","1":"post","2":"type-post","3":"status-publish","4":"format-standard","5":"has-post-thumbnail","7":"category-toulon","8":"tag-actu","9":"tag-actualites","10":"tag-enfants","11":"tag-eu","12":"tag-europe","13":"tag-fr","14":"tag-france","15":"tag-news","16":"tag-pauvrete","17":"tag-provence-alpes-cote-dazur","18":"tag-republique-francaise","19":"tag-rugby","20":"tag-solidarite","21":"tag-sports","22":"tag-toulon"},"share_on_mastodon":{"url":"https:\/\/pubeurope.com\/@fr\/115706804581557501","error":""},"_links":{"self":[{"href":"https:\/\/www.europesays.com\/fr\/wp-json\/wp\/v2\/posts\/594992","targetHints":{"allow":["GET"]}}],"collection":[{"href":"https:\/\/www.europesays.com\/fr\/wp-json\/wp\/v2\/posts"}],"about":[{"href":"https:\/\/www.europesays.com\/fr\/wp-json\/wp\/v2\/types\/post"}],"author":[{"embeddable":true,"href":"https:\/\/www.europesays.com\/fr\/wp-json\/wp\/v2\/users\/2"}],"replies":[{"embeddable":true,"href":"https:\/\/www.europesays.com\/fr\/wp-json\/wp\/v2\/comments?post=594992"}],"version-history":[{"count":0,"href":"https:\/\/www.europesays.com\/fr\/wp-json\/wp\/v2\/posts\/594992\/revisions"}],"wp:featuredmedia":[{"embeddable":true,"href":"https:\/\/www.europesays.com\/fr\/wp-json\/wp\/v2\/media\/594993"}],"wp:attachment":[{"href":"https:\/\/www.europesays.com\/fr\/wp-json\/wp\/v2\/media?parent=594992"}],"wp:term":[{"taxonomy":"category","embeddable":true,"href":"https:\/\/www.europesays.com\/fr\/wp-json\/wp\/v2\/categories?post=594992"},{"taxonomy":"post_tag","embeddable":true,"href":"https:\/\/www.europesays.com\/fr\/wp-json\/wp\/v2\/tags?post=594992"}],"curies":[{"name":"wp","href":"https:\/\/api.w.org\/{rel}","templated":true}]}}