{"id":595006,"date":"2025-12-12T13:35:03","date_gmt":"2025-12-12T13:35:03","guid":{"rendered":"https:\/\/www.europesays.com\/fr\/595006\/"},"modified":"2025-12-12T13:35:03","modified_gmt":"2025-12-12T13:35:03","slug":"chartres-de-bretagne-un-conte-musical-sensibilise-les-eleves-a-lecologie","status":"publish","type":"post","link":"https:\/\/www.europesays.com\/fr\/595006\/","title":{"rendered":"Chartres-de-Bretagne. Un conte musical sensibilise les \u00e9l\u00e8ves \u00e0 l\u2019\u00e9cologie"},"content":{"rendered":"<p>Les cinq classes du cycle 3\u00a0de l\u2019\u00e9cole \u00e9l\u00e9mentaire de l\u2019Auditoire ont assist\u00e9, jeudi, au spectacle \u00ab\u00a0La peau du Lynx\u00a0\u00bb, coorganis\u00e9 par l\u2019\u00e9quipe spectacles et la m\u00e9diath\u00e8que.<\/p>\n<p>\u00a0Il entre dans le cadre du projet musique \u00e0 l\u2019\u00e9cole. Les \u00e9l\u00e8ves vont travailler sur un th\u00e8me en lien avec le spectacle, dont le r\u00e9sultat aboutira \u00e0 une exposition sonore pr\u00e9sent\u00e9e lors du festival \u201cJ\u2019agis pour ma plan\u00e8te\u201d\u00a0, explique Toinette, en charge de l\u2019action culturelle.<\/p>\n<p>Samedi, la s\u00e9ance \u00e9tait ouverte au public avec une jauge \u00e0 80\u00a0personnes pour l\u2019espace cabaret. Ce spectacle musical, de la compagnie La Lev\u00e9e, est adapt\u00e9 du livre jeunesse \u00ab\u00a0La peau du Lynx\u00a0\u00bb, de l\u2019illustratrice Mathilde Poncet.<\/p>\n<p>Avec un petit th\u00e9\u00e2tre de bois, inspir\u00e9 du kamishiba\u00ef, art du conte traditionnel japonais, Mathilde Martinage d\u00e9voile petit \u00e0 petit les planches, \u00a0aquarelles r\u00e9alis\u00e9es par une digigraphe\u00a0. Elle est accompagn\u00e9e \u00e0 la guitare, au bendir (percussion) et clavier par le musicien Jean-F\u00e9lix Hautbois.<\/p>\n<p>Dans ce conte \u00e9cologique, l\u2019interpr\u00e8te emm\u00e8ne le spectateur dans une for\u00eat du Jura pour le sauvetage, par une couturi\u00e8re, d\u2019un lynx traqu\u00e9 par un chasseur.<\/p>\n<p>\u00a0<\/p>\n","protected":false},"excerpt":{"rendered":"Les cinq classes du cycle 3\u00a0de l\u2019\u00e9cole \u00e9l\u00e9mentaire de l\u2019Auditoire ont assist\u00e9, jeudi, au spectacle \u00ab\u00a0La peau du&hellip;\n","protected":false},"author":2,"featured_media":595007,"comment_status":"","ping_status":"","sticky":false,"template":"","format":"standard","meta":{"footnotes":""},"categories":[2821],"tags":[1111,11,829,19962,14127,51,1121,1777,674,1011,27,16167,12,3086,584,25,63606],"class_list":{"0":"post-595006","1":"post","2":"type-post","3":"status-publish","4":"format-standard","5":"has-post-thumbnail","7":"category-rennes","8":"tag-actu","9":"tag-actualites","10":"tag-bretagne","11":"tag-chartres-de-bretagne","12":"tag-conte","13":"tag-ecologie","14":"tag-eleves","15":"tag-eu","16":"tag-europe","17":"tag-fr","18":"tag-france","19":"tag-musical","20":"tag-news","21":"tag-redon","22":"tag-rennes","23":"tag-republique-francaise","24":"tag-sensibilise"},"share_on_mastodon":{"url":"https:\/\/pubeurope.com\/@fr\/115706863545105429","error":""},"_links":{"self":[{"href":"https:\/\/www.europesays.com\/fr\/wp-json\/wp\/v2\/posts\/595006","targetHints":{"allow":["GET"]}}],"collection":[{"href":"https:\/\/www.europesays.com\/fr\/wp-json\/wp\/v2\/posts"}],"about":[{"href":"https:\/\/www.europesays.com\/fr\/wp-json\/wp\/v2\/types\/post"}],"author":[{"embeddable":true,"href":"https:\/\/www.europesays.com\/fr\/wp-json\/wp\/v2\/users\/2"}],"replies":[{"embeddable":true,"href":"https:\/\/www.europesays.com\/fr\/wp-json\/wp\/v2\/comments?post=595006"}],"version-history":[{"count":0,"href":"https:\/\/www.europesays.com\/fr\/wp-json\/wp\/v2\/posts\/595006\/revisions"}],"wp:featuredmedia":[{"embeddable":true,"href":"https:\/\/www.europesays.com\/fr\/wp-json\/wp\/v2\/media\/595007"}],"wp:attachment":[{"href":"https:\/\/www.europesays.com\/fr\/wp-json\/wp\/v2\/media?parent=595006"}],"wp:term":[{"taxonomy":"category","embeddable":true,"href":"https:\/\/www.europesays.com\/fr\/wp-json\/wp\/v2\/categories?post=595006"},{"taxonomy":"post_tag","embeddable":true,"href":"https:\/\/www.europesays.com\/fr\/wp-json\/wp\/v2\/tags?post=595006"}],"curies":[{"name":"wp","href":"https:\/\/api.w.org\/{rel}","templated":true}]}}