{"id":595012,"date":"2025-12-12T13:41:13","date_gmt":"2025-12-12T13:41:13","guid":{"rendered":"https:\/\/www.europesays.com\/fr\/595012\/"},"modified":"2025-12-12T13:41:13","modified_gmt":"2025-12-12T13:41:13","slug":"rc-strasbourg-detail-de-toutes-les-primes-deja-gagnees-en-ligue-conference-et-celles-quil-reste-a-prendre","status":"publish","type":"post","link":"https:\/\/www.europesays.com\/fr\/595012\/","title":{"rendered":"RC Strasbourg. D\u00e9tail de toutes les primes d\u00e9j\u00e0 gagn\u00e9es en Ligue Conf\u00e9rence (et celles qu\u2019il reste \u00e0 prendre)"},"content":{"rendered":"<p><img fetchpriority=\"high\" decoding=\"async\" width=\"620\" height=\"413\" src=\"https:\/\/www.europesays.com\/fr\/wp-content\/uploads\/2025\/10\/Ligue-Europa-Conference-620x413.jpg\" alt=\"RC Strasbourg. D\u00e9tail de toutes les primes d\u00e9j\u00e0 gagn\u00e9es en Ligue Conf\u00e9rence (et celles qu\u2019il reste \u00e0 prendre)\" class=\"wp-image-370477\"  \/>Le RC Strasbourg poursuit sa route triomphale en Ligue Conf\u00e9rence.<\/p>\n<p>En dominant Aberdeen (0-1) ce jeudi soir, le <a href=\"https:\/\/sportune.20minutes.fr\/rc-strasbourg-rcsa\" target=\"_blank\" rel=\"noopener\">RC Strasbourg<\/a> a acquis la certitude de poursuivre son parcours en Ligue Conf\u00e9rence, au moins jusqu\u2019aux huiti\u00e8mes de finale, puisqu\u2019il a valid\u00e9 sa pr\u00e9sence dans le top 8 final.<\/p>\n<p>Ce succ\u00e8s en Ecosse est le quatri\u00e8me du <a href=\"https:\/\/sportune.20minutes.fr\/rc-strasbourg-rcsa\" target=\"_blank\" rel=\"noopener\">RCSA<\/a> dans la comp\u00e9tition. Il vaut 400 000 euros, tel que pr\u00e9vu<a href=\"https:\/\/sportune.20minutes.fr\/les-primes-de-la-ligue-europa-conference-saison-2025-2026-370450\" target=\"_blank\" rel=\"noopener\"> dans le dispositif de r\u00e9partition de l\u2019UEFA<\/a> aux clubs. Avec les trois autres, cela repr\u00e9sente 1,6 million d\u2019euros de primes \u00e0 la performance, plus 133 000 euros du match nul conc\u00e9d\u00e9 \u00e0 Jagiellonia Bia\u0142ystok. A l\u2019ajout de la part de participation de 3,17 millions d\u2019euros, commune aux 36 \u00e9quipes, ce sont 4,903 millions d\u2019euros garantis au b\u00e9n\u00e9fice de la formation alsacienne.<\/p>\n<p>2 M\u20ac minimum encore \u00e0 venir<\/p>\n<p>Le reste est estimation du pilier dit de \u00ab\u00a0valeur\u00a0\u00bb, entre le bonus du classement au coefficient et la part de march\u00e9 des droits audiovisuels. Cela repr\u00e9sente peu ou prou 2,5 millions d\u2019euros pour un total cumul\u00e9 jusqu\u2019ici dans la comp\u00e9tition proche de 7,5 millions d\u2019euros.<\/p>\n<p>Mais puisque le <a href=\"https:\/\/sportune.20minutes.fr\/rc-strasbourg-rcsa\" target=\"_blank\" rel=\"noopener\">RC Strasbourg<\/a> est lanc\u00e9 pour poursuivre la comp\u00e9tition, il reste des primes \u00e0 aller chercher. D\u00e9j\u00e0, l\u2019UEFA attribue de l\u2019argent aux clubs en fonction de leur classement final dans la phase du groupe. Strasbourg finira au pire huiti\u00e8me, pour une prime de 812 000 euros et au mieux premier, \u00e0 1,008 millions d\u2019euros. Les huit premiers, parmi lesquels le <a href=\"https:\/\/sportune.20minutes.fr\/rc-strasbourg-rcsa\" target=\"_blank\" rel=\"noopener\">RC Strasbourg<\/a> donc, recevront tous en plus 400 000 euros. Et encore 800 000 euros pour valeur d\u2019un huiti\u00e8me de finale. Soit, cumul\u00e9, l\u2019\u00e9quivalent minimum de 2 millions d\u2019euros restants \u00e0 venir<\/p>\n","protected":false},"excerpt":{"rendered":"Le RC Strasbourg poursuit sa route triomphale en Ligue Conf\u00e9rence. En dominant Aberdeen (0-1) ce jeudi soir, le&hellip;\n","protected":false},"author":2,"featured_media":438387,"comment_status":"","ping_status":"","sticky":false,"template":"","format":"standard","meta":{"footnotes":""},"categories":[2820],"tags":[1111,11,1777,674,1011,27,775,20708,12,8323,4448,25,640],"class_list":{"0":"post-595012","1":"post","2":"type-post","3":"status-publish","4":"format-standard","5":"has-post-thumbnail","7":"category-strasbourg","8":"tag-actu","9":"tag-actualites","10":"tag-eu","11":"tag-europe","12":"tag-fr","13":"tag-france","14":"tag-grand-est","15":"tag-ligue-europa-conference","16":"tag-news","17":"tag-primes","18":"tag-rc-strasbourg","19":"tag-republique-francaise","20":"tag-strasbourg"},"share_on_mastodon":{"url":"https:\/\/pubeurope.com\/@fr\/115706887807842792","error":""},"_links":{"self":[{"href":"https:\/\/www.europesays.com\/fr\/wp-json\/wp\/v2\/posts\/595012","targetHints":{"allow":["GET"]}}],"collection":[{"href":"https:\/\/www.europesays.com\/fr\/wp-json\/wp\/v2\/posts"}],"about":[{"href":"https:\/\/www.europesays.com\/fr\/wp-json\/wp\/v2\/types\/post"}],"author":[{"embeddable":true,"href":"https:\/\/www.europesays.com\/fr\/wp-json\/wp\/v2\/users\/2"}],"replies":[{"embeddable":true,"href":"https:\/\/www.europesays.com\/fr\/wp-json\/wp\/v2\/comments?post=595012"}],"version-history":[{"count":0,"href":"https:\/\/www.europesays.com\/fr\/wp-json\/wp\/v2\/posts\/595012\/revisions"}],"wp:featuredmedia":[{"embeddable":true,"href":"https:\/\/www.europesays.com\/fr\/wp-json\/wp\/v2\/media\/438387"}],"wp:attachment":[{"href":"https:\/\/www.europesays.com\/fr\/wp-json\/wp\/v2\/media?parent=595012"}],"wp:term":[{"taxonomy":"category","embeddable":true,"href":"https:\/\/www.europesays.com\/fr\/wp-json\/wp\/v2\/categories?post=595012"},{"taxonomy":"post_tag","embeddable":true,"href":"https:\/\/www.europesays.com\/fr\/wp-json\/wp\/v2\/tags?post=595012"}],"curies":[{"name":"wp","href":"https:\/\/api.w.org\/{rel}","templated":true}]}}