{"id":59502,"date":"2025-04-28T14:57:15","date_gmt":"2025-04-28T14:57:15","guid":{"rendered":"https:\/\/www.europesays.com\/fr\/59502\/"},"modified":"2025-04-28T14:57:15","modified_gmt":"2025-04-28T14:57:15","slug":"saint-etienne-faible-mobilisation-pour-la-journee-mondiale-de-la-sante-et-de-la-securite-au-travail","status":"publish","type":"post","link":"https:\/\/www.europesays.com\/fr\/59502\/","title":{"rendered":"Saint-\u00c9tienne. Faible mobilisation pour la Journ\u00e9e mondiale de la sant\u00e9 et de la s\u00e9curit\u00e9 au travail"},"content":{"rendered":"<p>Institu\u00e9e en 2003 par l\u2019Organisation internationale du travail (OIT), la Journ\u00e9e mondiale de la sant\u00e9 et de la s\u00e9curit\u00e9 au travail s\u2019est impos\u00e9e comme un rendez-vous incontournable des organisations syndicales. Cette date pr\u00e9cise est destin\u00e9e \u00e0 sensibiliser les gouvernements, employeurs et travailleurs \u00e0 ces enjeux cruciaux.<\/p>\n<p>Coordonn\u00e9 par l\u2019OIT, le th\u00e8me de cette ann\u00e9e 2025 \u00e9tait \u00ab\u00a0R\u00e9volutionner la sant\u00e9 et la s\u00e9curit\u00e9\u00a0: le r\u00f4le de l\u2019IA et de la num\u00e9risation au travail\u00a0\u00bb. Dans la Loire, l\u2019UD CGT 42, a convi\u00e9 \u00e0 un rassemblement place Jean-Jaur\u00e8s \u00e0 Saint-Etienne \u00e0 midi. Un petit comit\u00e9 a sacrifi\u00e9 la pause d\u00e9jeuner pour souligner notamment \u00ab\u00a0qu\u2019aujourd\u2019hui, il y avait une perte de sens du m\u00e9tier. On vient travailler en souffrant et il y a des difficult\u00e9s \u00e0 faire reconna\u00eetre tout cela\u00a0\u00bb.<\/p>\n<p>  759 accidents mortels du travail en France en 2023<\/p>\n<p>Mireille Carrot, secr\u00e9taire g\u00e9n\u00e9rale de la CGT de la Loire, a pr\u00e9cis\u00e9 dans la foul\u00e9e \u00ab\u00a0qu\u2019il \u00e9tait important de marquer cette journ\u00e9e. Le travail doit \u00eatre \u00e9mancipateur et un lieu de douleur\u00a0\u00bb. <a href=\"https:\/\/www.leprogres.fr\/social\/2024\/10\/30\/la-cgt-dezingue-tous-azimuts-les-projets-de-loi-il-y-en-a-marre-de-l-austerite\" target=\"_blank\" rel=\"noopener\">Elle lan\u00e7ait un appel \u00e0 la manifestation du 1er mai, d\u00e9non\u00e7ant<\/a> \u00ab\u00a0des guerres militaires et \u00e9conomiques fruits des politiques imp\u00e9rialistes\u00a0\u00bb.<\/p>\n<p>Ludwig Beraud, secr\u00e9taire CGT m\u00e9tallurgie de la Loire, \u00e9grena quelques chiffres, notamment qu\u2019il y a eu 759 accidents mortels du travail reconnus en 2023. Dans la Loire, le chiffre \u00ab\u00a0tr\u00e8s compliqu\u00e9 \u00e0 obtenir\u00a0\u00bb dit-il, oscille entre vingt et trente d\u00e9c\u00e8s par an.<\/p>\n<p>Toujours en 2023, 7\u00a0226 accidents du travail ont \u00e9t\u00e9 r\u00e9pertori\u00e9s dans le d\u00e9partement lig\u00e9rien, selon les statistiques de l\u2019INSEE et l\u2019INRS (Institut national de recherche et de s\u00e9curit\u00e9 pour la pr\u00e9vention des accidents du travail et des maladies professionnelles).<\/p>\n","protected":false},"excerpt":{"rendered":"Institu\u00e9e en 2003 par l\u2019Organisation internationale du travail (OIT), la Journ\u00e9e mondiale de la sant\u00e9 et de la&hellip;\n","protected":false},"author":2,"featured_media":59503,"comment_status":"","ping_status":"","sticky":false,"template":"","format":"standard","meta":{"footnotes":""},"categories":[9653],"tags":[1111,11,2430,6084,7539,341,1777,674,1011,27,3367,12,25,4001,7538,801,104],"class_list":{"0":"post-59502","1":"post","2":"type-post","3":"status-publish","4":"format-standard","5":"has-post-thumbnail","7":"category-saint-etienne","8":"tag-actu","9":"tag-actualites","10":"tag-auvergne-rhone-alpes","11":"tag-droit","12":"tag-edition-loire-sud","13":"tag-emploi","14":"tag-eu","15":"tag-europe","16":"tag-fr","17":"tag-france","18":"tag-loire","19":"tag-news","20":"tag-republique-francaise","21":"tag-saint-etienne","22":"tag-saint-etienne-ville","23":"tag-social","24":"tag-societe"},"share_on_mastodon":{"url":"https:\/\/pubeurope.com\/@fr\/114416179197291722","error":""},"_links":{"self":[{"href":"https:\/\/www.europesays.com\/fr\/wp-json\/wp\/v2\/posts\/59502","targetHints":{"allow":["GET"]}}],"collection":[{"href":"https:\/\/www.europesays.com\/fr\/wp-json\/wp\/v2\/posts"}],"about":[{"href":"https:\/\/www.europesays.com\/fr\/wp-json\/wp\/v2\/types\/post"}],"author":[{"embeddable":true,"href":"https:\/\/www.europesays.com\/fr\/wp-json\/wp\/v2\/users\/2"}],"replies":[{"embeddable":true,"href":"https:\/\/www.europesays.com\/fr\/wp-json\/wp\/v2\/comments?post=59502"}],"version-history":[{"count":0,"href":"https:\/\/www.europesays.com\/fr\/wp-json\/wp\/v2\/posts\/59502\/revisions"}],"wp:featuredmedia":[{"embeddable":true,"href":"https:\/\/www.europesays.com\/fr\/wp-json\/wp\/v2\/media\/59503"}],"wp:attachment":[{"href":"https:\/\/www.europesays.com\/fr\/wp-json\/wp\/v2\/media?parent=59502"}],"wp:term":[{"taxonomy":"category","embeddable":true,"href":"https:\/\/www.europesays.com\/fr\/wp-json\/wp\/v2\/categories?post=59502"},{"taxonomy":"post_tag","embeddable":true,"href":"https:\/\/www.europesays.com\/fr\/wp-json\/wp\/v2\/tags?post=59502"}],"curies":[{"name":"wp","href":"https:\/\/api.w.org\/{rel}","templated":true}]}}