{"id":595026,"date":"2025-12-12T13:49:32","date_gmt":"2025-12-12T13:49:32","guid":{"rendered":"https:\/\/www.europesays.com\/fr\/595026\/"},"modified":"2025-12-12T13:49:32","modified_gmt":"2025-12-12T13:49:32","slug":"municipales-2026-a-toulouse-la-liste-briancon-se-devoile-avec-deux-premieres-colistieres-de-la-gauche-unie","status":"publish","type":"post","link":"https:\/\/www.europesays.com\/fr\/595026\/","title":{"rendered":"Municipales 2026 \u00e0 Toulouse\u00a0: la liste Brian\u00e7on se d\u00e9voile, avec deux premi\u00e8res colisti\u00e8res de la Gauche Unie"},"content":{"rendered":"<p>\n                                                                    l&rsquo;essentiel<br \/>\n                                                                La liste La Gauche Unie pour Toulouse, men\u00e9e par Fran\u00e7ois Brian\u00e7on en vue des \u00e9lections municipales des 15 et 22\u00a0mars 2026, a d\u00e9voil\u00e9 ses deux premi\u00e8res colisti\u00e8res.\n                            <\/p>\n<p>Quelques jours apr\u00e8s avoir scell\u00e9 leur union, les forces de gauche \u2013 PS, \u00c9cologistes et Archipel en t\u00eate \u2013 ont pr\u00e9sent\u00e9 les deux premiers visages de la liste appel\u00e9e \u00e0 figurer au premier tour des \u00e9lections municipales, le 15\u00a0mars 2026.<\/p>\n<p>Florence Ginisty\u00a0: \u00ab\u00a0La justice sociale commence au plus pr\u00e8s des habitants\u00a0\u00bb<\/p>\n<p>Avocate au barreau de Toulouse depuis plus de trente ans, Florence Ginisty s\u2019est sp\u00e9cialis\u00e9e en droit de la famille et en droit immobilier. Militante au Parti socialiste, elle revendique un engagement politique prolongement naturel de son investissement citoyen.<\/p>\n<p class=\"std-elt__inline\">\n        <strong>\u00c0 lire aussi :<\/strong><br \/>\n        <a href=\"https:\/\/www.ladepeche.fr\/2025\/12\/12\/municipales-2026-jean-luc-melenchon-attendu-a-toulouse-pour-un-meeting-en-soutien-a-francois-piquemal-13106295.php\" target=\"_blank\" rel=\"noopener\">Municipales 2026\u00a0: Jean-Luc M\u00e9lenchon attendu \u00e0 Toulouse pour un meeting en soutien \u00e0 Fran\u00e7ois Piquemal<\/a>\n    <\/p>\n<p>\u00ab\u00a0Je crois \u00e0 une action publique qui part des besoins concrets des habitantes et des habitants, et qui redonne du sens au vivre-ensemble\u00a0\u00bb, affirme-t-elle.<\/p>\n<p>        <img decoding=\"async\" class=\"std-img__img responsive-img\" src=\"https:\/\/www.europesays.com\/fr\/wp-content\/uploads\/2025\/12\/1765547364_200_image.png\" alt=\"Florence Ginisty et M\u00e9lanie Baillot entourent la t\u00eate de liste, le socialiste Fran\u00e7ois Brian\u00e7on.\"\/><\/p>\n<p>                Florence Ginisty et M\u00e9lanie Baillot entourent la t\u00eate de liste, le socialiste Fran\u00e7ois Brian\u00e7on.<br \/>\n                                    DDM &#8211; LAURENT DARD<\/p>\n<p>Membre active de la Maison d\u2019Occitanie Toulouse, elle \u0153uvre \u00e0 la transmission de la culture occitane et \u00e0 la valorisation du principe de convivencia, qu\u2019elle d\u00e9crit comme \u00ab\u00a0une boussole pour une ville marqu\u00e9e par l\u2019accueil, les migrations et la diversit\u00e9\u00a0\u00bb.<\/p>\n<p>        <img decoding=\"async\" class=\"std-img__img responsive-img\" src=\"https:\/\/www.europesays.com\/fr\/wp-content\/uploads\/2025\/12\/1765547368_203_image.png\" alt=\"Florence Ginisty.\"\/><\/p>\n<p>                Florence Ginisty.<br \/>\n                                    DDM &#8211; LAURENT DARD<\/p>\n<p>Engag\u00e9e sur les questions d\u2019\u00e9galit\u00e9 femmes-hommes, elle participe aux travaux de l\u2019Observatoire r\u00e9gional de la parit\u00e9 et intervient r\u00e9guli\u00e8rement aupr\u00e8s d\u2019associations de quartiers.<\/p>\n<p class=\"std-elt__inline\">\n        <strong>\u00c0 lire aussi :<\/strong><br \/>\n        <a href=\"https:\/\/www.ladepeche.fr\/2025\/12\/10\/municipales-2026-a-toulouse-jean-luc-moudenc-recrute-deux-pros-du-social-dont-le-directeur-de-la-caf-13102137.php\" target=\"_blank\" rel=\"noopener\">Municipales 2026 \u00e0 Toulouse\u00a0: Jean-Luc Moudenc recrute deux \u00ab\u00a0pros\u00a0\u00bb du social dont le directeur de la CAF<\/a>\n    <\/p>\n<p>\u00ab\u00a0L\u2019\u00e9mancipation passe par l\u2019\u00e9ducation, la culture et la confiance accord\u00e9e aux jeunes g\u00e9n\u00e9rations\u00a0\u00bb, souligne-t-elle.<\/p>\n<p>M\u00e9lanie Baillot\u00a0: \u00ab\u00a0Le logement est un droit fondamental\u00a0\u00bb<\/p>\n<p>Dipl\u00f4m\u00e9e de sciences politiques, Toulousaine de naissance, M\u00e9lanie Baillot place depuis plus de quinze ans les politiques sociales et du logement au c\u0153ur de son action. Apr\u00e8s dix ann\u00e9es pass\u00e9es \u00e0 l\u2019Assembl\u00e9e nationale, elle dirige depuis six ans l\u2019ADIL de Haute-Garonne.<br \/>\u00ab\u00a0Chaque jour, je vois combien les difficult\u00e9s de logement fragilisent les parcours de vie. Une ville juste commence par garantir \u00e0 chacun un toit digne\u00a0\u00bb, insiste-t-elle.<\/p>\n<p>        <img decoding=\"async\" class=\"std-img__img responsive-img\" src=\"https:\/\/www.europesays.com\/fr\/wp-content\/uploads\/2025\/12\/1765547372_597_image.png\" alt=\"M\u00e9lanie Baillot.\"\/><\/p>\n<p>                M\u00e9lanie Baillot.<br \/>\n                                    DDM &#8211; LAURENT DARD<\/p>\n<p>Sp\u00e9cialiste reconnue des droits des locataires, elle agit contre l\u2019habitat indigne et pour la pr\u00e9vention des expulsions. Membre des \u00c9cologistes, elle d\u00e9fend une approche globale des politiques urbaines\u00a0:<br \/>\u00ab\u00a0La justice climatique et la justice sociale sont indissociables. On ne r\u00e9ussira la transition \u00e9cologique qu\u2019en prot\u00e9geant les plus vuln\u00e9rables.\u00a0\u00bb<\/p>\n","protected":false},"excerpt":{"rendered":"l&rsquo;essentiel La liste La Gauche Unie pour Toulouse, men\u00e9e par Fran\u00e7ois Brian\u00e7on en vue des \u00e9lections municipales des&hellip;\n","protected":false},"author":2,"featured_media":595027,"comment_status":"","ping_status":"","sticky":false,"template":"","format":"standard","meta":{"footnotes":""},"categories":[2816],"tags":[1111,11,1777,674,1011,27,329,2722,3434,12,2680,316,25,2312,37919],"class_list":{"0":"post-595026","1":"post","2":"type-post","3":"status-publish","4":"format-standard","5":"has-post-thumbnail","7":"category-toulouse","8":"tag-actu","9":"tag-actualites","10":"tag-eu","11":"tag-europe","12":"tag-fr","13":"tag-france","14":"tag-france-monde","15":"tag-haute-garonne","16":"tag-municipales-2026","17":"tag-news","18":"tag-occitanie","19":"tag-politique","20":"tag-republique-francaise","21":"tag-toulouse","22":"tag-u00c9lections"},"share_on_mastodon":{"url":"https:\/\/pubeurope.com\/@fr\/115706919574892524","error":""},"_links":{"self":[{"href":"https:\/\/www.europesays.com\/fr\/wp-json\/wp\/v2\/posts\/595026","targetHints":{"allow":["GET"]}}],"collection":[{"href":"https:\/\/www.europesays.com\/fr\/wp-json\/wp\/v2\/posts"}],"about":[{"href":"https:\/\/www.europesays.com\/fr\/wp-json\/wp\/v2\/types\/post"}],"author":[{"embeddable":true,"href":"https:\/\/www.europesays.com\/fr\/wp-json\/wp\/v2\/users\/2"}],"replies":[{"embeddable":true,"href":"https:\/\/www.europesays.com\/fr\/wp-json\/wp\/v2\/comments?post=595026"}],"version-history":[{"count":0,"href":"https:\/\/www.europesays.com\/fr\/wp-json\/wp\/v2\/posts\/595026\/revisions"}],"wp:featuredmedia":[{"embeddable":true,"href":"https:\/\/www.europesays.com\/fr\/wp-json\/wp\/v2\/media\/595027"}],"wp:attachment":[{"href":"https:\/\/www.europesays.com\/fr\/wp-json\/wp\/v2\/media?parent=595026"}],"wp:term":[{"taxonomy":"category","embeddable":true,"href":"https:\/\/www.europesays.com\/fr\/wp-json\/wp\/v2\/categories?post=595026"},{"taxonomy":"post_tag","embeddable":true,"href":"https:\/\/www.europesays.com\/fr\/wp-json\/wp\/v2\/tags?post=595026"}],"curies":[{"name":"wp","href":"https:\/\/api.w.org\/{rel}","templated":true}]}}