{"id":595031,"date":"2025-12-12T13:54:12","date_gmt":"2025-12-12T13:54:12","guid":{"rendered":"https:\/\/www.europesays.com\/fr\/595031\/"},"modified":"2025-12-12T13:54:12","modified_gmt":"2025-12-12T13:54:12","slug":"marseille-tres-violent-accident-entre-les-pompiers-et-une-voiture-les-vehicules-detruits","status":"publish","type":"post","link":"https:\/\/www.europesays.com\/fr\/595031\/","title":{"rendered":"Marseille. Tr\u00e8s violent accident entre les pompiers et une voiture, les v\u00e9hicules d\u00e9truits"},"content":{"rendered":"<p>                    Par<br \/>\n        <strong><br \/>\n            <a href=\"https:\/\/actu.fr\/auteur\/fabien-binacchi\" title=\"Consulter tous les articles de Fabien Binacchi\" target=\"_blank\" rel=\"noopener\">Fabien Binacchi<\/a><br \/>\n                    <\/strong><\/p>\n<p>        Publi\u00e9 le<\/p>\n<p>            12 d\u00e9c. 2025 \u00e0 14h00        <\/p>\n<p><strong>INFO ACTU MARSEILLE.<\/strong> Une sc\u00e8ne tr\u00e8s impressionnante. Ce vendredi 12\u00a0d\u00e9cembre 2025, en plein milieu de la matin\u00e9e, dans le 10e arrondissement de <a href=\"https:\/\/actu.fr\/marseille\/\" target=\"_blank\" rel=\"noopener\">Marseille,<\/a> un violent accrochage a eu lieu entre un camion des <a href=\"https:\/\/actu.fr\/tag\/marin-pompier\" target=\"_blank\" rel=\"noopener\">marins-pompiers<\/a> et <strong>une voiture qui s\u2019est retrouv\u00e9e sur le toit,<\/strong> apprend actu Marseille aupr\u00e8s du bataillon.<\/p>\n<p class=\" wall-content\">Le conducteur de cette derni\u00e8re a \u00e9t\u00e9 transport\u00e9 \u00e0 l\u2019h\u00f4pital.<\/p>\n<p>Le v\u00e9hicule projet\u00e9 sur le trottoir<\/p>\n<p class=\" wall-content\">Il \u00e9tait un peu plus de 10h quand <a href=\"https:\/\/actu.fr\/tag\/accident\" target=\"_blank\" rel=\"noopener\">l\u2019accident<\/a> a surpris les passants du boulevard Jean-Moulin, dans le quartier de la Capelette. Une ambulance de r\u00e9animation <strong>qui \u00e9tait en route pour intervenir sur un incendie<\/strong> et le v\u00e9hicule d\u2019un particulier se sont rentr\u00e9s dedans.<\/p>\n<p>    <a href=\"https:\/\/www.google.com\/maps\/embed?pb=!4v1765543120955!6m8!1m7!1sxpJnxuGgDeGQmVA75tR2Sg!2m2!1d43.28820368746972!2d5.400321713739635!3f279.1172697029647!4f-6.894634799670527!5f0.7820865974627469\" title=\"Ouvrie le lien\" target=\"_blank\" rel=\"noopener\">Cliquez ici pour visualiser le contenu<\/a><\/p>\n<p class=\" wall-content\">Sous la violence du choc, la voiture a \u00e9t\u00e9 litt\u00e9ralement projet\u00e9e sur le trottoir. <strong>Elle a atterri sur le toit,<\/strong> juste devant une station-service Total.<\/p>\n<p>Un homme de 21\u00a0ans \u00ab\u2009bless\u00e9 l\u00e9ger\u2009\u00bb<\/p>\n<p class=\" wall-content\">Le conducteur, un homme \u00e2g\u00e9 de 21\u00a0ans, a pu s\u2019extraire de l\u2019habitacle et a \u00e9t\u00e9 pris en charge par un renfort de marins-pompiers appel\u00e9s sur les lieux.<\/p>\n<p class=\" wall-content\">Dans un \u00e9tat \u00ab\u2009l\u00e9ger\u2009\u00bb selon le bataillon, <strong>il a \u00e9t\u00e9 conduit \u00e0 l\u2019h\u00f4pital.<\/strong><\/p>\n<p>Votre r\u00e9gion, votre actu !<\/p>\n<p>Recevez chaque jour les infos qui comptent pour vous.<\/p>\n<p>\t<a href=\"https:\/\/actu.fr\/newsletter\" class=\"ac-btn ac-btn--corner ac-btn--medium ac-btn--blue800\" target=\"_blank\" rel=\"noopener\">S&rsquo;incrire<\/a><br \/>\nLe camion des pompiers hors service<\/p>\n<p class=\" wall-content\">Du c\u00f4t\u00e9 du v\u00e9hicule de secours accident\u00e9, aucun bless\u00e9 n\u2019est \u00e0 d\u00e9plorer, mais le choc a \u00e9t\u00e9 tel qu\u2019<strong>une d\u00e9panneuse a d\u00fb intervenir<\/strong> pour le d\u00e9gager de la voie.<\/p>\n<p class=\" wall-content\">Une enqu\u00eate devrait permettre de d\u00e9terminer les responsabilit\u00e9s.<\/p>\n<p class=\" wall-content\">Personnalisez votre actualit\u00e9 en ajoutant vos villes et m\u00e9dias en favori avec <a href=\"https:\/\/moncompte.actu.fr\" title=\"D\u00e9couvez Mon Actu\" rel=\"nofollow noopener\" data-trk=\"{&quot;cta&quot;:{&quot;action&quot;:&quot;https:\\\/\\\/moncompte.actu.fr&quot;,&quot;category&quot;:&quot;mon compte&quot;,&quot;from&quot;:&quot;article footer&quot;,&quot;name&quot;:&quot;Mon actu&quot;,&quot;type&quot;:&quot;cta&quot;}}\" target=\"_blank\">Mon Actu<\/a>.<\/p>\n","protected":false},"excerpt":{"rendered":"Par Fabien Binacchi Publi\u00e9 le 12 d\u00e9c. 2025 \u00e0 14h00 INFO ACTU MARSEILLE. Une sc\u00e8ne tr\u00e8s impressionnante. Ce&hellip;\n","protected":false},"author":2,"featured_media":595032,"comment_status":"","ping_status":"","sticky":false,"template":"","format":"standard","meta":{"footnotes":""},"categories":[2814],"tags":[119,1111,11,1777,674,118,1011,27,17289,884,12,882,25],"class_list":{"0":"post-595031","1":"post","2":"type-post","3":"status-publish","4":"format-standard","5":"has-post-thumbnail","7":"category-marseille","8":"tag-accident","9":"tag-actu","10":"tag-actualites","11":"tag-eu","12":"tag-europe","13":"tag-faits-divers","14":"tag-fr","15":"tag-france","16":"tag-marin-pompier","17":"tag-marseille","18":"tag-news","19":"tag-provence-alpes-cote-dazur","20":"tag-republique-francaise"},"share_on_mastodon":{"url":"","error":""},"_links":{"self":[{"href":"https:\/\/www.europesays.com\/fr\/wp-json\/wp\/v2\/posts\/595031","targetHints":{"allow":["GET"]}}],"collection":[{"href":"https:\/\/www.europesays.com\/fr\/wp-json\/wp\/v2\/posts"}],"about":[{"href":"https:\/\/www.europesays.com\/fr\/wp-json\/wp\/v2\/types\/post"}],"author":[{"embeddable":true,"href":"https:\/\/www.europesays.com\/fr\/wp-json\/wp\/v2\/users\/2"}],"replies":[{"embeddable":true,"href":"https:\/\/www.europesays.com\/fr\/wp-json\/wp\/v2\/comments?post=595031"}],"version-history":[{"count":0,"href":"https:\/\/www.europesays.com\/fr\/wp-json\/wp\/v2\/posts\/595031\/revisions"}],"wp:featuredmedia":[{"embeddable":true,"href":"https:\/\/www.europesays.com\/fr\/wp-json\/wp\/v2\/media\/595032"}],"wp:attachment":[{"href":"https:\/\/www.europesays.com\/fr\/wp-json\/wp\/v2\/media?parent=595031"}],"wp:term":[{"taxonomy":"category","embeddable":true,"href":"https:\/\/www.europesays.com\/fr\/wp-json\/wp\/v2\/categories?post=595031"},{"taxonomy":"post_tag","embeddable":true,"href":"https:\/\/www.europesays.com\/fr\/wp-json\/wp\/v2\/tags?post=595031"}],"curies":[{"name":"wp","href":"https:\/\/api.w.org\/{rel}","templated":true}]}}