{"id":595056,"date":"2025-12-12T14:14:17","date_gmt":"2025-12-12T14:14:17","guid":{"rendered":"https:\/\/www.europesays.com\/fr\/595056\/"},"modified":"2025-12-12T14:14:17","modified_gmt":"2025-12-12T14:14:17","slug":"en-direct-france-allemagne-les-bleues-en-quete-dune-nouvelle-place-en-finale-des-mondiaux-de-hand-suivez-le-match-avec-nous","status":"publish","type":"post","link":"https:\/\/www.europesays.com\/fr\/595056\/","title":{"rendered":"EN DIRECT France &#8211; Allemagne : Les Bleues en qu\u00eate d&rsquo;une nouvelle place en finale des Mondiaux de hand&#8230; Suivez le match avec nous&#8230;"},"content":{"rendered":"<p>Bonjour les handballix, tout le monde est chaud ?<\/p>\n<p>C&rsquo;est notre traditionnel rendez-vous de fin d\u00e9cembre ! Une grande comp\u00e9tition de hand, avec les Mondiaux et l&rsquo;Euro qui alterne une ann\u00e9e sur l&rsquo;autre. Et on est \u00e0 peu pr\u00e8s s\u00fbr de voir nos Bleues (hormis catastrophe) y faire un podium. Les voil\u00e0 donc en demi-finale face \u00e0 l&rsquo;Allemagne ce vendredi apr\u00e8s un parcours presque parfait, marqu\u00e9 par la seule d\u00e9faite contre les Pays-Bas, qui affrontent la Norv\u00e8ge dans l&rsquo;autre demie. Les joueuses de S\u00e9bastien Gardillou ne veulent pas l\u00e2cher le titre obtenu en 2023.<\/p>\n<p>&gt;&gt; Suivez le match avec nous \u00e0 partir de 17h30 <\/p>\n","protected":false},"excerpt":{"rendered":"Bonjour les handballix, tout le monde est chaud ? C&rsquo;est notre traditionnel rendez-vous de fin d\u00e9cembre ! Une&hellip;\n","protected":false},"author":2,"featured_media":595057,"comment_status":"","ping_status":"","sticky":false,"template":"","format":"standard","meta":{"footnotes":""},"categories":[1587],"tags":[11,672,1804,22448,1805,1803,70627,1777,674,1801,1792,12,1802,517,29249],"class_list":{"0":"post-595056","1":"post","2":"type-post","3":"status-publish","4":"format-standard","5":"has-post-thumbnail","7":"category-allemagne","8":"tag-actualites","9":"tag-allemagne","10":"tag-bundesrepublik-deutschland","11":"tag-championnats-du-monde","12":"tag-de","13":"tag-deutschland","14":"tag-equipe-de-france-handball","15":"tag-eu","16":"tag-europe","17":"tag-germany","18":"tag-handball","19":"tag-news","20":"tag-republique-federale-dallemagne","21":"tag-sport","22":"tag-sport-feminin"},"share_on_mastodon":{"url":"https:\/\/pubeurope.com\/@fr\/115707016873910326","error":""},"_links":{"self":[{"href":"https:\/\/www.europesays.com\/fr\/wp-json\/wp\/v2\/posts\/595056","targetHints":{"allow":["GET"]}}],"collection":[{"href":"https:\/\/www.europesays.com\/fr\/wp-json\/wp\/v2\/posts"}],"about":[{"href":"https:\/\/www.europesays.com\/fr\/wp-json\/wp\/v2\/types\/post"}],"author":[{"embeddable":true,"href":"https:\/\/www.europesays.com\/fr\/wp-json\/wp\/v2\/users\/2"}],"replies":[{"embeddable":true,"href":"https:\/\/www.europesays.com\/fr\/wp-json\/wp\/v2\/comments?post=595056"}],"version-history":[{"count":0,"href":"https:\/\/www.europesays.com\/fr\/wp-json\/wp\/v2\/posts\/595056\/revisions"}],"wp:featuredmedia":[{"embeddable":true,"href":"https:\/\/www.europesays.com\/fr\/wp-json\/wp\/v2\/media\/595057"}],"wp:attachment":[{"href":"https:\/\/www.europesays.com\/fr\/wp-json\/wp\/v2\/media?parent=595056"}],"wp:term":[{"taxonomy":"category","embeddable":true,"href":"https:\/\/www.europesays.com\/fr\/wp-json\/wp\/v2\/categories?post=595056"},{"taxonomy":"post_tag","embeddable":true,"href":"https:\/\/www.europesays.com\/fr\/wp-json\/wp\/v2\/tags?post=595056"}],"curies":[{"name":"wp","href":"https:\/\/api.w.org\/{rel}","templated":true}]}}