{"id":59506,"date":"2025-04-28T14:59:08","date_gmt":"2025-04-28T14:59:08","guid":{"rendered":"https:\/\/www.europesays.com\/fr\/59506\/"},"modified":"2025-04-28T14:59:08","modified_gmt":"2025-04-28T14:59:08","slug":"ce-que-dit-le-rapport-de-ces-experts","status":"publish","type":"post","link":"https:\/\/www.europesays.com\/fr\/59506\/","title":{"rendered":"ce que dit le rapport de ces experts"},"content":{"rendered":"<p>            Par<br \/>\n        <strong><br \/>\n            <a href=\"https:\/\/actu.fr\/auteur\/amandine-mehl\" title=\"Consulter tous les articles de Amandine Mehl\" rel=\"nofollow noopener\" target=\"_blank\">Amandine Mehl<\/a><br \/>\n        <\/strong><\/p>\n<p>        Publi\u00e9 le<\/p>\n<p>            28 avr. 2025 \u00e0 16h21        <\/p>\n<p>Apr\u00e8s le <a href=\"https:\/\/actu.fr\/grand-est\/nancy_54395\/financement-du-nouveau-chru-de-nancy-un-rapport-tire-la-sonnette-d-alarme-le-directeur-repond_62187634.html\" rel=\"nofollow noopener\" target=\"_blank\">CHRU de Nancy<\/a> ou encore la <a href=\"https:\/\/actu.fr\/grand-est\/nancy_54395\/la-situation-financiere-de-la-ville-de-nancy-est-preoccupante-l-avis-de-ces-experts-est-tombe_62309329.html\" rel=\"nofollow noopener\" target=\"_blank\">Ville de Nancy<\/a>, la <strong>Chambre r\u00e9gionale des comptes (CRC) Grand Est<\/strong> s\u2019est int\u00e9ress\u00e9e \u00e0 la <strong>gestion<\/strong> et aux <strong>comptes<\/strong> de la M\u00e9tropole du <a href=\"https:\/\/actu.fr\/tag\/grand-nancy\" rel=\"nofollow noopener\" target=\"_blank\">Grand Nancy<\/a> pour les <strong>exercices 2020 et suivants<\/strong>. Soit, depuis l\u2019ann\u00e9e o\u00f9 Mathieu Klein est entr\u00e9 en fonction en tant que pr\u00e9sident.\u00a0<\/p>\n<p class=\" wall-content\">Voici ce qu\u2019il ressort de ce rapport publi\u00e9 r\u00e9cemment.<\/p>\n<p>Un manque de lisibilit\u00e9<\/p>\n<p class=\" wall-content\">Sur le volet de la gouvernance, la CRC pointe du doigt une <strong>strat\u00e9gie m\u00e9tropolitaine qui manque de lisibilit\u00e9<\/strong>. Il n\u2019y a \u00ab\u00a0<strong>plus de projet m\u00e9tropolitain formalis\u00e9<\/strong>, mais d\u00e9clin\u00e9 \u00e0 partir de nombreux plans, sch\u00e9mas, projets et feuilles de route d\u00e9terminant les orientations th\u00e9matiques adopt\u00e9es ou en cours d\u2019adoption\u00a0\u00bb, est-il pr\u00e9cis\u00e9.<\/p>\n<p class=\" wall-content\">S\u2019agissant de la <strong>pr\u00e9vention des risques en mati\u00e8re d\u2019atteinte \u00e0 la probit\u00e9<\/strong>, elle note que la M\u00e9tropole a initi\u00e9 des mesures et qu\u2019elle veille \u00e0 les am\u00e9liorer.\u00a0<\/p>\n<p class=\" wall-content\">Au niveau de l\u2019organisation, et plus pr\u00e9cis\u00e9ment des nombreuses <strong>mutualisations<\/strong>, la Chambre r\u00e9gionale des comptes Grand Est constate qu\u2019elles \u00ab\u00a0b\u00e9n\u00e9ficient aux communes, mais sont <strong>co\u00fbteuses<\/strong> pour la M\u00e9tropole, faute d\u2019une refacturation suffisante\u00a0\u00bb. L\u00e0 aussi, un <strong>manque de clart\u00e9<\/strong> est signal\u00e9 en mati\u00e8re de strat\u00e9gie.<\/p>\n<p>Une dette importante et une situation financi\u00e8re d\u00e9grad\u00e9e<\/p>\n<p class=\" wall-content\">Si du positif ressort de l\u2019analyse de la gouvernance, celle de la situation financi\u00e8re met en avant un <strong>contexte tendu<\/strong>.<\/p>\n<p>Vid\u00e9os : en ce moment sur Actu<\/p>\n<p class=\" wall-content\">Outre une <strong>dette qualifi\u00e9e d\u2019importante<\/strong> \u00ab\u00a0avec des ambitions d\u00e9corr\u00e9l\u00e9es des moyens dont la M\u00e9tropole dispose selon les budgets\u00a0\u00bb, la situation financi\u00e8re dans son ensemble serait <strong>d\u00e9grad\u00e9e<\/strong> en raison de la <strong>fragilit\u00e9 de certains budgets annexes<\/strong> tels que les transports, le centre des congr\u00e8s ou encore les parcs de stationnement.<\/p>\n<p class=\" wall-content\">Ainsi, la CRC assure que \u00ab\u00a0la restauration d\u2019une r\u00e9elle capacit\u00e9 d\u2019autofinancement constitue d\u00e9sormais un<strong> enjeu majeur<\/strong> pour les finances m\u00e9tropolitaines\u00a0\u00bb. Les mesures prises en 2024 de r\u00e9duction des charges, d\u2019augmentation des recettes et de ma\u00eetrise de l\u2019investissement devront \u00eatre \u00ab\u00a0\u00eatre <strong>scrupuleusement respect\u00e9es<\/strong>, voire accentu\u00e9es pour s\u2019assurer de la p\u00e9rennit\u00e9 des projets entrepris\u00a0\u00bb, pr\u00e9cise-t-elle.<\/p>\n<p class=\" wall-content\">Suivez toute l\u2019actualit\u00e9 de vos villes et m\u00e9dias favoris en vous inscrivant \u00e0 <a href=\"https:\/\/moncompte.actu.fr\" title=\"D\u00e9couvez Mon Actu\" rel=\"nofollow noopener\" data-trk=\"{&quot;cta&quot;:{&quot;action&quot;:&quot;https:\\\/\\\/moncompte.actu.fr&quot;,&quot;category&quot;:&quot;mon compte&quot;,&quot;from&quot;:&quot;article footer&quot;,&quot;name&quot;:&quot;Mon actu&quot;,&quot;type&quot;:&quot;cta&quot;}}\" target=\"_blank\">Mon Actu<\/a>.<\/p>\n","protected":false},"excerpt":{"rendered":"Par Amandine Mehl Publi\u00e9 le 28 avr. 2025 \u00e0 16h21 Apr\u00e8s le CHRU de Nancy ou encore la&hellip;\n","protected":false},"author":2,"featured_media":59507,"comment_status":"","ping_status":"","sticky":false,"template":"","format":"standard","meta":{"footnotes":""},"categories":[9635],"tags":[1111,11,33,1777,674,1011,27,775,10375,1702,12,25],"class_list":{"0":"post-59506","1":"post","2":"type-post","3":"status-publish","4":"format-standard","5":"has-post-thumbnail","7":"category-nancy","8":"tag-actu","9":"tag-actualites","10":"tag-economie","11":"tag-eu","12":"tag-europe","13":"tag-fr","14":"tag-france","15":"tag-grand-est","16":"tag-grand-nancy","17":"tag-nancy","18":"tag-news","19":"tag-republique-francaise"},"share_on_mastodon":{"url":"https:\/\/pubeurope.com\/@fr\/114416187070212737","error":""},"_links":{"self":[{"href":"https:\/\/www.europesays.com\/fr\/wp-json\/wp\/v2\/posts\/59506","targetHints":{"allow":["GET"]}}],"collection":[{"href":"https:\/\/www.europesays.com\/fr\/wp-json\/wp\/v2\/posts"}],"about":[{"href":"https:\/\/www.europesays.com\/fr\/wp-json\/wp\/v2\/types\/post"}],"author":[{"embeddable":true,"href":"https:\/\/www.europesays.com\/fr\/wp-json\/wp\/v2\/users\/2"}],"replies":[{"embeddable":true,"href":"https:\/\/www.europesays.com\/fr\/wp-json\/wp\/v2\/comments?post=59506"}],"version-history":[{"count":0,"href":"https:\/\/www.europesays.com\/fr\/wp-json\/wp\/v2\/posts\/59506\/revisions"}],"wp:featuredmedia":[{"embeddable":true,"href":"https:\/\/www.europesays.com\/fr\/wp-json\/wp\/v2\/media\/59507"}],"wp:attachment":[{"href":"https:\/\/www.europesays.com\/fr\/wp-json\/wp\/v2\/media?parent=59506"}],"wp:term":[{"taxonomy":"category","embeddable":true,"href":"https:\/\/www.europesays.com\/fr\/wp-json\/wp\/v2\/categories?post=59506"},{"taxonomy":"post_tag","embeddable":true,"href":"https:\/\/www.europesays.com\/fr\/wp-json\/wp\/v2\/tags?post=59506"}],"curies":[{"name":"wp","href":"https:\/\/api.w.org\/{rel}","templated":true}]}}