{"id":595079,"date":"2025-12-12T14:34:30","date_gmt":"2025-12-12T14:34:30","guid":{"rendered":"https:\/\/www.europesays.com\/fr\/595079\/"},"modified":"2025-12-12T14:34:30","modified_gmt":"2025-12-12T14:34:30","slug":"musee-du-louvre-potelets-barrieres-la-securite-renforcee-sous-la-fenetre-du-casse","status":"publish","type":"post","link":"https:\/\/www.europesays.com\/fr\/595079\/","title":{"rendered":"Mus\u00e9e du Louvre\u00a0: potelets, barri\u00e8res\u2026 la s\u00e9curit\u00e9 renforc\u00e9e sous la fen\u00eatre du casse"},"content":{"rendered":"<p class=\"paragraph text_align_left lp-f-body-02\">Il aurait \u00e9t\u00e9 bien plus compliqu\u00e9 de stationner une camionnette et d\u2019\u00e9riger une \u00e9chelle, depuis le trottoir jusqu\u2019\u00e0 la fen\u00eatre de la <a href=\"https:\/\/www.leparisien.fr\/culture-loisirs\/cambriolage-au-louvre-la-galerie-dapollon-le-coeur-battant-du-plus-grand-musee-du-monde-19-10-2025-CHUMKBOV2FFJFAVMXYHU24AGGM.php\" target=\"_blank\" rel=\"noreferrer noopener\">galerie d\u2019Apollon<\/a>, dans ces conditions. Pr\u00e8s de deux mois apr\u00e8s le <a href=\"https:\/\/www.leparisien.fr\/culture-loisirs\/expositions\/cambriolage-au-louvre-le-risque-de-vol-a-ete-sous-estime-affirme-un-rapport-implacable-sur-la-securite-10-12-2025-S346BS36SBEBZDUWOBEMMVDIJM.php\" target=\"_blank\" rel=\"noreferrer noopener\">spectaculaire casse du Louvre<\/a>, survenu dans la matin\u00e9e du <a href=\"https:\/\/www.leparisien.fr\/faits-divers\/bijoux-derobes-au-musee-du-louvre-le-recit-des-sept-minutes-dun-braquage-aussi-astucieux-que-spectaculaire-19-10-2025-LKE6NG2RRJCXDPW4OGW5LG7IDQ.php\" target=\"_blank\" rel=\"noreferrer noopener\">dimanche 19 octobre<\/a>, les abords du c\u00e9l\u00e8bre mus\u00e9e parisien se barricadent.<\/p>\n<p class=\"\">Ces derni\u00e8res heures, le trottoir du quai Fran\u00e7ois-Mitterrand (Ier) &#8211; qui longe l\u2019\u00e9tablissement culturel c\u00f4t\u00e9 Seine &#8211; a vu la pose de mobiliers urbains. \u00ab Des potelets et des barri\u00e8res dites en croix de Saint-Andr\u00e9 \u00bb ont \u00e9t\u00e9 install\u00e9s en bordure de trottoir, est-il indiqu\u00e9 dans la newsletter de Paris Centre.<\/p>\n<p>\u00ab L\u2019espace o\u00f9 le camion s\u2019est arr\u00eat\u00e9 est inaccessible \u00bb<\/p>\n<p class=\"\">Ce vendredi matin, presque l\u2019ensemble du trottoir, de l\u2019entr\u00e9e sud de la Cour Carr\u00e9e jusqu\u2019\u00e0 l\u2019intersection avec la place du Carrousel a \u00e9t\u00e9 \u00e9quip\u00e9 de ces installations p\u00e9rennes, a constat\u00e9 Le Parisien sur place. La pose est intervenue dans la semaine et devrait s\u2019achever dans les prochains jours.<\/p>\n<p><img decoding=\"async\" class=\"image \" loading=\"lazy\" src=\"https:\/\/www.europesays.com\/fr\/wp-content\/uploads\/2025\/12\/KSPXRKYVFRGIHADMGPCPPWT76M.jpg\" alt=\"Quai Fran\u00e7ois-Mitterrand (Ier), ce 12 d\u00e9cembre 2025. Le nouveau mobilier urbain emp\u00eache tout v\u00e9hicule de monter sur le trottoir qui longe le mus\u00e9e du Louvre. LP\/Paul Abran\" align=\"\" data-rubrique-principale=\"\" data-article-type=\"\" fetchpriority=\"auto\"\/>Quai Fran\u00e7ois-Mitterrand (Ier), ce 12 d\u00e9cembre 2025. Le nouveau mobilier urbain emp\u00eache tout v\u00e9hicule de monter sur le trottoir qui longe le mus\u00e9e du Louvre. LP\/Paul Abran<\/p>\n<p class=\"\">\u00ab L\u2019espace o\u00f9 le camion s\u2019est arr\u00eat\u00e9 est inaccessible maintenant \u00bb, remarque Daniel, ce quadrag\u00e9naire californien en vacances dans la Ville Lumi\u00e8re. Un groupe d\u2019\u00e9tudiants en cong\u00e9s, se prenant en photo devant la fameuse fen\u00eatre d\u00e9couvre \u00e9galement ces dispositifs tout juste fix\u00e9s au sol. \u00ab Je me disais qu\u2019il n\u2019y avait pas de barri\u00e8res sur les images de la camionnette \u00bb, commente, \u00e0 juste titre, l\u2019un d\u2019eux.<\/p>\n<p class=\"\">Dans un premier temps, \u00ab le Louvre avait install\u00e9 des blocs de granits, s\u00fbrement une pr\u00e9conisation de la pr\u00e9fecture de police, puis nous a sollicit\u00e9s \u00bb, indique Ariel Weil, maire (PS) de Paris Centre. \u00ab La municipalit\u00e9 intervient \u00e0 la demande du Louvre avec ce mobilier parisien assez \u00e9l\u00e9gant \u00bb, poursuit l\u2019\u00e9lu. Un dispositif qui \u00ab n\u2019avait jamais \u00e9t\u00e9 d\u00e9ploy\u00e9 \u00e0 cet endroit auparavant \u00bb, pour de multiples raisons, \u00ab notamment patrimoniales \u00bb.<\/p>\n<p>Les 4 membres du commando interpell\u00e9s<\/p>\n<p class=\"\">Le 19 octobre au matin, quatre malfaiteurs ont r\u00e9ussi \u00e0 s\u2019emparer de bijoux de la Couronne fran\u00e7aise d\u2019une valeur estim\u00e9e \u00e0 88 millions d\u2019euros. \u00c0 l\u2019aide d\u2019une nacelle \u00e9l\u00e9vatrice, les cambrioleurs ont atteint un balcon du premier \u00e9tage c\u00f4t\u00e9 Seine avant de forcer une fen\u00eatre \u00e0 la disqueuse pour p\u00e9n\u00e9trer dans la prestigieuse<a href=\"https:\/\/www.leparisien.fr\/culture-loisirs\/pour-moi-la-galerie-dapollon-etait-un-dossier-clos-apres-le-casse-la-patronne-du-louvre-prete-a-tenir-le-cap-01-12-2025-HKFW24WFQZGURMF7RJXN3S53YE.php\" target=\"_blank\" rel=\"noreferrer noopener\"> Galerie d\u2019Apollon <\/a>qui abrite la collection royale de gemmes et les diamants de la couronne.<\/p>\n<p><img decoding=\"async\" class=\"image \" loading=\"lazy\" src=\"https:\/\/www.europesays.com\/fr\/wp-content\/uploads\/2025\/12\/5VW3S57RBNFQBLUSGV3AOEVACI.jpg\" alt=\"Paris, France, le 19 octobre 2025. Le mus\u00e9e du Louvre a \u00e9t\u00e9 cambriol\u00e9 par plusieurs malfaiteurs gr\u00e2ce \u00e0 une nacelle et une grande \u00e9chelle. LP\/Olivier Corsan\" align=\"\" data-rubrique-principale=\"\" data-article-type=\"\" fetchpriority=\"auto\"\/>Paris, France, le 19 octobre 2025. Le mus\u00e9e du Louvre a \u00e9t\u00e9 cambriol\u00e9 par plusieurs malfaiteurs gr\u00e2ce \u00e0 une nacelle et une grande \u00e9chelle. LP\/Olivier Corsan <\/p>\n<p class=\"\">L\u2019op\u00e9ration n\u2019a dur\u00e9 que sept minutes chrono, dont seulement quatre pass\u00e9es \u00e0 l\u2019int\u00e9rieur du mus\u00e9e. Les voleurs ont pris la fuite \u00e0 moto. Deux suspects ont \u00e9t\u00e9 interpell\u00e9s dans les jours suivants, Ayed G., qui s\u2019appr\u00eatait \u00e0 prendre un vol pour l\u2019Alg\u00e9rie, et Abdoulaye N. Puis un troisi\u00e8me homme, Slimane K., soup\u00e7onn\u00e9 d\u2019avoir pilot\u00e9 l\u2019un des deux scooters.<\/p>\n<p class=\"\">Fin novembre, la brigade de r\u00e9pression du banditisme de Paris a interpell\u00e9 un homme <a href=\"https:\/\/www.leparisien.fr\/faits-divers\/casse-du-siecle-au-louvre-le-quatrieme-homme-du-commando-interpelle-25-11-2025-ADTZVDQHZZCEFNNYUC5JUMZJDY.php\" target=\"_blank\" rel=\"noreferrer noopener\">soup\u00e7onn\u00e9 d\u2019\u00eatre le quatri\u00e8me membre du commando<\/a>, ainsi que trois personnes de son entourage.<\/p>\n<p class=\"\">Ce casse spectaculaire a mis au jour de graves failles de s\u00e9curit\u00e9 au sein du c\u00e9l\u00e8bre \u00e9tablissement parisien, <a href=\"https:\/\/www.leparisien.fr\/culture-loisirs\/expositions\/cambriolage-au-louvre-le-risque-de-vol-a-ete-sous-estime-affirme-un-rapport-implacable-sur-la-securite-10-12-2025-S346BS36SBEBZDUWOBEMMVDIJM.php\" target=\"_blank\" rel=\"noreferrer noopener\">pr\u00e9sent\u00e9es au S\u00e9nat ce 10 d\u00e9cembre<\/a> par l\u2019inspection g\u00e9n\u00e9rale des affaires culturelles. L\u2019enqu\u00eate, elle, se poursuit pour retrouver les bijoux.<\/p>\n","protected":false},"excerpt":{"rendered":"Il aurait \u00e9t\u00e9 bien plus compliqu\u00e9 de stationner une camionnette et d\u2019\u00e9riger une \u00e9chelle, depuis le trottoir jusqu\u2019\u00e0&hellip;\n","protected":false},"author":2,"featured_media":595080,"comment_status":"","ping_status":"","sticky":false,"template":"","format":"standard","meta":{"footnotes":""},"categories":[1358],"tags":[1348,1384,1385,1386,58,59,1011,27,1944,626],"class_list":{"0":"post-595079","1":"post","2":"type-post","3":"status-publish","4":"format-standard","5":"has-post-thumbnail","7":"category-arts-et-design","8":"tag-arts","9":"tag-arts-and-design","10":"tag-arts-et-design","11":"tag-design","12":"tag-divertissement","13":"tag-entertainment","14":"tag-fr","15":"tag-france","16":"tag-ma-ville","17":"tag-paris"},"share_on_mastodon":{"url":"https:\/\/pubeurope.com\/@fr\/115707097895290390","error":""},"_links":{"self":[{"href":"https:\/\/www.europesays.com\/fr\/wp-json\/wp\/v2\/posts\/595079","targetHints":{"allow":["GET"]}}],"collection":[{"href":"https:\/\/www.europesays.com\/fr\/wp-json\/wp\/v2\/posts"}],"about":[{"href":"https:\/\/www.europesays.com\/fr\/wp-json\/wp\/v2\/types\/post"}],"author":[{"embeddable":true,"href":"https:\/\/www.europesays.com\/fr\/wp-json\/wp\/v2\/users\/2"}],"replies":[{"embeddable":true,"href":"https:\/\/www.europesays.com\/fr\/wp-json\/wp\/v2\/comments?post=595079"}],"version-history":[{"count":0,"href":"https:\/\/www.europesays.com\/fr\/wp-json\/wp\/v2\/posts\/595079\/revisions"}],"wp:featuredmedia":[{"embeddable":true,"href":"https:\/\/www.europesays.com\/fr\/wp-json\/wp\/v2\/media\/595080"}],"wp:attachment":[{"href":"https:\/\/www.europesays.com\/fr\/wp-json\/wp\/v2\/media?parent=595079"}],"wp:term":[{"taxonomy":"category","embeddable":true,"href":"https:\/\/www.europesays.com\/fr\/wp-json\/wp\/v2\/categories?post=595079"},{"taxonomy":"post_tag","embeddable":true,"href":"https:\/\/www.europesays.com\/fr\/wp-json\/wp\/v2\/tags?post=595079"}],"curies":[{"name":"wp","href":"https:\/\/api.w.org\/{rel}","templated":true}]}}