{"id":595087,"date":"2025-12-12T14:40:16","date_gmt":"2025-12-12T14:40:16","guid":{"rendered":"https:\/\/www.europesays.com\/fr\/595087\/"},"modified":"2025-12-12T14:40:16","modified_gmt":"2025-12-12T14:40:16","slug":"ces-effets-flippants-attribues-aux-serums-censes-faire-pousser-les-cils","status":"publish","type":"post","link":"https:\/\/www.europesays.com\/fr\/595087\/","title":{"rendered":"Ces effets flippants attribu\u00e9s aux s\u00e9rums cens\u00e9s faire pousser les cils"},"content":{"rendered":"<p>Les <a href=\"https:\/\/www.20minutes.fr\/tempo\/style\/4123932-20241211-creme-serum-masque-pourquoi-toutes-marques-passent-cosmetiques-stick\" class=\"c-link c-link--is-underlined\" target=\"_blank\" rel=\"noopener\">s\u00e9rums<\/a> cens\u00e9s stimuler la pousse des cils ne sont pas sans danger. En f\u00e9vrier\u00a02025, l\u2019<a href=\"https:\/\/www.20minutes.fr\/sante\/3317287-20220629-anses-autorites-sanitaires-appellent-vigilance-complements-base-curcuma\" class=\"c-link c-link--is-underlined\" target=\"_blank\" rel=\"noopener\">Agence nationale de s\u00e9curit\u00e9 sanitaire (Anses)<\/a> a \u00e9t\u00e9 <a href=\"https:\/\/www.anses.fr\/fr\/content\/serums-pour-faire-pousser-les-cils-un-risque-de-changement-de-couleur-des-yeux\" target=\"_blank\" class=\"c-link c-link--is-underlined\" rel=\"noopener\">alert\u00e9e d\u2019un cas ind\u00e9sirable<\/a>. Une jeune femme ayant appliqu\u00e9 quotidiennement un s\u00e9rum sur la base de ses cils pendant cinq mois a constat\u00e9 un net changement de couleur de l\u2019iris de son \u0153il gauche, devenu plus fonc\u00e9.<\/p>\n<p>Elle a aussi signal\u00e9 une perte de graisse autour des deux orbites, accentuant ses cernes. L\u2019analyse r\u00e9alis\u00e9e sur le produit a r\u00e9v\u00e9l\u00e9 la pr\u00e9sence d\u2019<a href=\"https:\/\/pubchem.ncbi.nlm.nih.gov\/compound\/Isopropyl-Cloprostenate\" target=\"_blank\" class=\"c-link c-link--is-underlined\" rel=\"noopener\">isopropyl cloprostenate<\/a>, une substance identifi\u00e9e comme responsable de ces effets ind\u00e9sirables.<\/p>\n<p>Des mol\u00e9cules, utilis\u00e9es en m\u00e9decine, qui peuvent provoquer des effets secondaires<\/p>\n<p>Ces mol\u00e9cules, utilis\u00e9es en collyres dans le traitement du <a href=\"https:\/\/www.20minutes.fr\/sante\/4007739-20221029-important-apprendre-reperer-avc-reagir-vite-explique-specialiste\" class=\"c-link c-link--is-underlined\" target=\"_blank\" rel=\"noopener\">glaucome<\/a>, sont connues pour favoriser la croissance des cils, mais aussi pour provoquer des effets secondaires importants, comme la modification d\u00e9finitive de la couleur de l\u2019iris, des irritations chroniques, ou encore une fonte de la graisse p\u00e9riorbitaire. Le ph\u00e9nom\u00e8ne a \u00e9t\u00e9 observ\u00e9 chez environ 10\u00a0% des patients trait\u00e9s. Si dans un contexte m\u00e9dical, ces risques sont accept\u00e9s et encadr\u00e9s, les patients \u00e9tant inform\u00e9s, leur utilisation dans des produits cosm\u00e9tiques pose question.<\/p>\n<p><\/p>\n<p>Le Comit\u00e9 scientifique europ\u00e9en pour la s\u00e9curit\u00e9 des <a href=\"https:\/\/www.20minutes.fr\/arts-stars\/medias\/4190798-20251210-lucet-duflot-gregoire-personnalites-alarment-mise-mort-60-millions-consommateurs\" class=\"c-link c-link--is-underlined\" target=\"_blank\" rel=\"noopener\">consommateurs <\/a>(SCCS) a publi\u00e9 en juin\u00a02025 un avis pr\u00e9liminaire stipulant que ces mol\u00e9cules ne peuvent pas \u00eatre consid\u00e9r\u00e9es comme s\u00fbres dans les cosm\u00e9tiques. Les conclusions pourraient aboutir \u00e0 leur interdiction ou \u00e0 une restriction au sein de l\u2019Union europ\u00e9enne.<\/p>\n<p><a href=\"https:\/\/www.20minutes.fr\/conso\" class=\"c-link c-btn c-btn--primary\" target=\"_blank\" rel=\"noopener\">Le dossier Conso<\/a><\/p>\n<p>Dans l\u2019attente d\u2019une \u00e9ventuelle \u00e9volution r\u00e9glementaire, l\u2019Anses appelle les consommateurs \u00e0 la prudence. L\u2019organisme rappelle que certains effets, comme le foncement de l\u2019iris, sont irr\u00e9versibles, et que les risques associ\u00e9s \u00e0 ces substances ne sont g\u00e9n\u00e9ralement pas mentionn\u00e9s sur les emballages de ces produits.<\/p>\n","protected":false},"excerpt":{"rendered":"Les s\u00e9rums cens\u00e9s stimuler la pousse des cils ne sont pas sans danger. En f\u00e9vrier\u00a02025, l\u2019Agence nationale de&hellip;\n","protected":false},"author":2,"featured_media":595088,"comment_status":"","ping_status":"","sticky":false,"template":"","format":"standard","meta":{"footnotes":""},"categories":[10],"tags":[47,17711,254,52293,1011,27,72,71,8461],"class_list":{"0":"post-595087","1":"post","2":"type-post","3":"status-publish","4":"format-standard","5":"has-post-thumbnail","7":"category-sante","8":"tag-actualite","9":"tag-anses","10":"tag-conso","11":"tag-cosmetique","12":"tag-fr","13":"tag-france","14":"tag-health","15":"tag-sante","16":"tag-yeux"},"share_on_mastodon":{"url":"https:\/\/pubeurope.com\/@fr\/115707119215031297","error":""},"_links":{"self":[{"href":"https:\/\/www.europesays.com\/fr\/wp-json\/wp\/v2\/posts\/595087","targetHints":{"allow":["GET"]}}],"collection":[{"href":"https:\/\/www.europesays.com\/fr\/wp-json\/wp\/v2\/posts"}],"about":[{"href":"https:\/\/www.europesays.com\/fr\/wp-json\/wp\/v2\/types\/post"}],"author":[{"embeddable":true,"href":"https:\/\/www.europesays.com\/fr\/wp-json\/wp\/v2\/users\/2"}],"replies":[{"embeddable":true,"href":"https:\/\/www.europesays.com\/fr\/wp-json\/wp\/v2\/comments?post=595087"}],"version-history":[{"count":0,"href":"https:\/\/www.europesays.com\/fr\/wp-json\/wp\/v2\/posts\/595087\/revisions"}],"wp:featuredmedia":[{"embeddable":true,"href":"https:\/\/www.europesays.com\/fr\/wp-json\/wp\/v2\/media\/595088"}],"wp:attachment":[{"href":"https:\/\/www.europesays.com\/fr\/wp-json\/wp\/v2\/media?parent=595087"}],"wp:term":[{"taxonomy":"category","embeddable":true,"href":"https:\/\/www.europesays.com\/fr\/wp-json\/wp\/v2\/categories?post=595087"},{"taxonomy":"post_tag","embeddable":true,"href":"https:\/\/www.europesays.com\/fr\/wp-json\/wp\/v2\/tags?post=595087"}],"curies":[{"name":"wp","href":"https:\/\/api.w.org\/{rel}","templated":true}]}}