{"id":595096,"date":"2025-12-12T14:45:19","date_gmt":"2025-12-12T14:45:19","guid":{"rendered":"https:\/\/www.europesays.com\/fr\/595096\/"},"modified":"2025-12-12T14:45:19","modified_gmt":"2025-12-12T14:45:19","slug":"un-enfant-bouleverse-le-parlement-europeen-aux-larmes","status":"publish","type":"post","link":"https:\/\/www.europesays.com\/fr\/595096\/","title":{"rendered":"Un enfant bouleverse le Parlement europ\u00e9en aux larmes"},"content":{"rendered":"<p>Un t\u00e9moignage d\u00e9chirant et \u00e9mouvant. Un enfant ukrainien \u00e2g\u00e9 de 11 ans a racont\u00e9 mercredi son histoire devant le <a href=\"https:\/\/www.20minutes.fr\/dossier\/parlement_europeen\" class=\"c-link c-link--is-underlined\" target=\"_blank\" rel=\"noopener\">Parlement europ\u00e9en<\/a>, trois ans apr\u00e8s avoir surv\u00e9cu \u00e0 un <a href=\"https:\/\/www.20minutes.fr\/monde\/ukraine\/\" class=\"c-link c-link--is-underlined\" target=\"_blank\" rel=\"noopener\">bombardement russe<\/a>, relaient le\u00a0<a href=\"https:\/\/www.huffingtonpost.fr\/international\/video\/cet-ukrainien-de-11-ans-qui-a-survecu-a-une-frappe-russe-a-emu-jusqu-a-l-interprete-au-parlement-europeen_258127.html\" rel=\"nofollow noopener\" target=\"_blank\" class=\"c-link c-link--is-underlined\">Huffington Post<\/a>\u00a0et <a href=\"https:\/\/www.franceinfo.fr\/monde\/europe\/manifestations-en-ukraine\/c-est-la-derniere-fois-que-j-ai-vu-ma-mere-une-interprete-du-parlement-europeen-emue-aux-larmes-en-traduisant-le-recit-d-un-enfant-ukrainien_7674532.html\" rel=\"nofollow noopener\" target=\"_blank\" class=\"c-link c-link--is-underlined\">Franceinfo<\/a>. Roman Oleksiv n\u2019avait que 8 ans quand une frappe russe a touch\u00e9 l\u2019<a href=\"https:\/\/www.20minutes.fr\/dossier\/hopital\" class=\"c-link c-link--is-underlined\" target=\"_blank\" rel=\"noopener\">h\u00f4pital<\/a> o\u00f9 il se trouvait avec sa m\u00e8re. Les faits remontent au 14\u00a0juillet 2022. Le gar\u00e7on, originaire de Lviv, attendait de voir un m\u00e9decin quand une bombe russe a touch\u00e9 l\u2019h\u00f4pital de Vinnytsia. Sa m\u00e8re est d\u00e9c\u00e9d\u00e9e sous ses yeux.<\/p>\n<p class=\"mb-m@xs text-l@xs\">En cliquant sur\u00ab J\u2019accepte \u00bb, vous acceptez le d\u00e9p\u00f4t de cookies par des services externes et aurez ainsi acc\u00e8s aux contenus de nos partenaires.<\/p>\n<p class=\"mb-xl@xs text-s@xs\">Plus d\u2019informations sur la page<a href=\"https:\/\/www.20minutes.fr\/gestion-cookies\" class=\"mx-xxs@xs color-ultramarine\" target=\"_blank\" rel=\"noopener\">Politique de gestion des cookies<\/a><\/p>\n<p>J\u2019accepte<\/p>\n<p>\u00ab\u00a0Je voyais ses cheveux\u00a0\u00bb, a racont\u00e9 l\u2019<a href=\"https:\/\/www.20minutes.fr\/dossier\/enfant\" class=\"c-link c-link--is-underlined\" target=\"_blank\" rel=\"noopener\">enfant<\/a> devant les \u00e9lus europ\u00e9ens. \u00ab\u00a0J\u2019ai pu les toucher et lui dire au revoir.\u00a0\u00bb Face \u00e0 son histoire, de nombreux parlementaires ont \u00e9t\u00e9 tr\u00e8s \u00e9mus et n\u2019ont pas cach\u00e9 leurs larmes. M\u00eame son interpr\u00e8te, touch\u00e9e par ce r\u00e9cit tragique, s\u2019est mise \u00e0 pleurer et a \u00e9t\u00e9 relay\u00e9e par un coll\u00e8gue, incapable de traduire la suite du t\u00e9moignage.<\/p>\n<p class=\"mb-m@xs text-l@xs\">En cliquant sur\u00ab J\u2019accepte \u00bb, vous acceptez le d\u00e9p\u00f4t de cookies par des services externes et aurez ainsi acc\u00e8s aux contenus de nos partenaires.<\/p>\n<p class=\"mb-xl@xs text-s@xs\">Plus d\u2019informations sur la page<a href=\"https:\/\/www.20minutes.fr\/gestion-cookies\" class=\"mx-xxs@xs color-ultramarine\" target=\"_blank\" rel=\"noopener\">Politique de gestion des cookies<\/a><\/p>\n<p>J\u2019accepte\u00ab\u00a0Vous ne devez jamais abandonner\u00a0\u00bb<\/p>\n<p>Apr\u00e8s le bombardement, Roman Oleksiv est tomb\u00e9 dans le coma. Il a pass\u00e9 plus de 100 jours \u00e0 l\u2019h\u00f4pital, a subi pas moins de 35 op\u00e9rations chirurgicales et porte encore aujourd\u2019hui les s\u00e9quelles physiques et psychologiques du drame. Il amenait cependant devant le Parlement un message d\u2019espoir\u00a0: \u00ab\u00a0Vous ne devez jamais abandonner. On doit continuer \u00e0 aider l\u2019Ukraine et les enfants.\u00a0\u00bb<\/p>\n<\/p>\n<p>Roman \u00e9tait accueilli au Parlement europ\u00e9en, \u00e0 <a href=\"https:\/\/www.20minutes.fr\/strasbourg\/\" class=\"c-link c-link--is-underlined\" target=\"_blank\" rel=\"noopener\">Strasbourg<\/a>, dans le cadre d\u2019une journ\u00e9e d\u00e9di\u00e9e au sort des enfants ukrainiens. Plusieurs films documentaires sur ce que subissent les plus jeunes depuis le d\u00e9but de l\u2019invasion russe en Ukraine ont \u00e9t\u00e9 projet\u00e9s pour les \u00e9lus.<\/p>\n","protected":false},"excerpt":{"rendered":"Un t\u00e9moignage d\u00e9chirant et \u00e9mouvant. Un enfant ukrainien \u00e2g\u00e9 de 11 ans a racont\u00e9 mercredi son histoire devant&hellip;\n","protected":false},"author":2,"featured_media":595097,"comment_status":"","ping_status":"","sticky":false,"template":"","format":"standard","meta":{"footnotes":""},"categories":[5],"tags":[47,11,2389,2649,1011,27,775,131,14,74,12,8552,132,640,28],"class_list":{"0":"post-595096","1":"post","2":"type-post","3":"status-publish","4":"format-standard","5":"has-post-thumbnail","7":"category-international","8":"tag-actualite","9":"tag-actualites","10":"tag-alsace","11":"tag-bas-rhin","12":"tag-fr","13":"tag-france","14":"tag-grand-est","15":"tag-guerre-en-ukraine","16":"tag-international","17":"tag-monde","18":"tag-news","19":"tag-parlement-europeen","20":"tag-russie","21":"tag-strasbourg","22":"tag-world"},"share_on_mastodon":{"url":"https:\/\/pubeurope.com\/@fr\/115707138902964655","error":""},"_links":{"self":[{"href":"https:\/\/www.europesays.com\/fr\/wp-json\/wp\/v2\/posts\/595096","targetHints":{"allow":["GET"]}}],"collection":[{"href":"https:\/\/www.europesays.com\/fr\/wp-json\/wp\/v2\/posts"}],"about":[{"href":"https:\/\/www.europesays.com\/fr\/wp-json\/wp\/v2\/types\/post"}],"author":[{"embeddable":true,"href":"https:\/\/www.europesays.com\/fr\/wp-json\/wp\/v2\/users\/2"}],"replies":[{"embeddable":true,"href":"https:\/\/www.europesays.com\/fr\/wp-json\/wp\/v2\/comments?post=595096"}],"version-history":[{"count":0,"href":"https:\/\/www.europesays.com\/fr\/wp-json\/wp\/v2\/posts\/595096\/revisions"}],"wp:featuredmedia":[{"embeddable":true,"href":"https:\/\/www.europesays.com\/fr\/wp-json\/wp\/v2\/media\/595097"}],"wp:attachment":[{"href":"https:\/\/www.europesays.com\/fr\/wp-json\/wp\/v2\/media?parent=595096"}],"wp:term":[{"taxonomy":"category","embeddable":true,"href":"https:\/\/www.europesays.com\/fr\/wp-json\/wp\/v2\/categories?post=595096"},{"taxonomy":"post_tag","embeddable":true,"href":"https:\/\/www.europesays.com\/fr\/wp-json\/wp\/v2\/tags?post=595096"}],"curies":[{"name":"wp","href":"https:\/\/api.w.org\/{rel}","templated":true}]}}