{"id":595108,"date":"2025-12-12T14:53:05","date_gmt":"2025-12-12T14:53:05","guid":{"rendered":"https:\/\/www.europesays.com\/fr\/595108\/"},"modified":"2025-12-12T14:53:05","modified_gmt":"2025-12-12T14:53:05","slug":"avec-son-menu-complet-a-19-e-que-vaut-ce-restaurant-pres-de-la-gare-de-nancy-voici-mon-verdict","status":"publish","type":"post","link":"https:\/\/www.europesays.com\/fr\/595108\/","title":{"rendered":"Avec son menu complet \u00e0 19 \u20ac, que vaut ce restaurant pr\u00e8s de la gare de Nancy ? Voici mon verdict"},"content":{"rendered":"<p>                    Par<br \/>\n        <strong><br \/>\n            <a href=\"https:\/\/actu.fr\/auteur\/pierre-emile-bouchy-actu-fr\" title=\"Consulter tous les articles de Paul-Emile Bouchy\" target=\"_blank\" rel=\"noopener\">Paul-Emile Bouchy<\/a><br \/>\n                    <\/strong><\/p>\n<p>        Publi\u00e9 le<\/p>\n<p>            12 d\u00e9c. 2025 \u00e0 15h03        <\/p>\n<p>Apr\u00e8s avoir ouvert <strong>Butter<\/strong> avec la volont\u00e9 d\u2019\u00eatre <a href=\"https:\/\/actu.fr\/grand-est\/nancy_54395\/15-pour-entree-plat-verre-de-vin-et-cafe-ce-resto-a-nancy-veut-devenir-le-meilleur-rapport-qualite-prix_63063185.html\" target=\"_blank\" rel=\"noopener\">le meilleur rapport qualit\u00e9-prix de Nancy<\/a>, Marius Bonnet a inaugur\u00e9 depuis fin novembre son petit fr\u00e8re,<strong> Butter Station<\/strong>, <a href=\"https:\/\/actu.fr\/grand-est\/nancy_54395\/video-place-simone-veil-a-nancy-c-est-quoi-cette-grosse-structure-apparue-pres-de-la-gare_63498613.html\" target=\"_blank\" rel=\"noopener\">place Simone Veil<\/a>.<\/p>\n<p class=\" wall-content\">Midi et soir, <a href=\"https:\/\/actu.fr\/grand-est\/nancy_54395\/19-la-formule-entree-plat-dessert-ce-restaurant-pas-cher-vient-d-ouvrir-pres-de-la-gare-de-nancy_63524083.html\" target=\"_blank\" rel=\"noopener\">ce restaurant pas cher<\/a> propose trois formules (entr\u00e9e-plat, plat-dessert et entr\u00e9e-plat-dessert) \u00e0 15\u00a0\u20ac, 16\u00a0\u20ac et 19\u00a0\u20ac. <strong>J\u2019ai test\u00e9 le menu complet et voici mon avis<\/strong>.<\/p>\n<p>Des portions cons\u00e9quentes et des plats de qualit\u00e9<\/p>\n<p class=\" wall-content\">Chaque jour, le chef propose une carte diff\u00e9rente afin de faire d\u00e9couvrir de nouveaux plats aux clients. Ce jour-l\u00e0, j\u2019ai choisi le <strong>traditionnel \u0153uf mayo<\/strong>. Alors que de nombreux restaurants servent juste un \u0153uf, <strong>la quantit\u00e9 est ici g\u00e9n\u00e9reuse avec un \u0153uf et demi,<\/strong> accompagn\u00e9 d\u2019une bonne mayonnaise maison et de quelques pickles et d\u2019oignons frits.<\/p>\n<p class=\" wall-content\">Pour le plat, j\u2019ai opt\u00e9 pour <strong>le mignon de porc et ses pommes de terre grenailles<\/strong>. La viande \u00e9tait bien cuite et la sauce poivr\u00e9e m\u2019a beaucoup plu. J\u2019aurais aim\u00e9 avoir un peu plus de garniture mais je ne suis pas rest\u00e9 sur ma faim pour autant.<\/p>\n<p class=\" wall-content\">\u00c0 noter qu\u2019\u00e0 la demande de ma coll\u00e8gue, le chef lui a pr\u00e9par\u00e9 <strong>une option v\u00e9g\u00e9tarienne digne d\u2019un vrai plat<\/strong> \u2013 c\u2019est-\u00e0-dire pas un plat carn\u00e9 duquel on aurait simplement retir\u00e9 la viande \u2013 avec une pur\u00e9e et un assortiment de petits l\u00e9gumes.<\/p>\n<p>    <img   decoding=\"async\" loading=\"lazy\" src=\"https:\/\/www.europesays.com\/fr\/wp-content\/uploads\/2025\/12\/nancy-restaurant-butter-station-960x640.jpg\" alt=\"Pour chaque formule, deux entr\u00e9es et deux plats diff\u00e9rents sont propos\u00e9s.\" width=\"960\" height=\"640\"\/><br \/>\n    Pour chaque formule, deux entr\u00e9es et deux plats diff\u00e9rents sont propos\u00e9s. (\u00a9Paul-Emile Bouchy \/ Lorraine Actu)<\/p>\n<p>Votre r\u00e9gion, votre actu !<\/p>\n<p>Recevez chaque jour les infos qui comptent pour vous.<\/p>\n<p>\t<a href=\"https:\/\/actu.fr\/newsletter\" class=\"ac-btn ac-btn--corner ac-btn--medium ac-btn--blue800\" target=\"_blank\" rel=\"noopener\">S&rsquo;incrire<\/a><br \/>\nId\u00e9al pour les amateurs de desserts<\/p>\n<p class=\" wall-content\">Pour finir, direction <strong>un buffet de desserts faits maison<\/strong> o\u00f9 on peut se servir comme on le souhaite.<\/p>\n<p class=\" wall-content\">J\u2019ai donc go\u00fbt\u00e9<strong> le tiramisu et une g\u00e9n\u00e9reuse part de g\u00e2teau aux pommes<\/strong>. Les deux \u00e9taient tr\u00e8s bons mais j\u2019avoue avoir eu du mal \u00e0 terminer (faute d\u2019avoir eu les yeux plus gros que le ventre). Tout ce repas a \u00e9t\u00e9 ponctu\u00e9 d\u2019un <strong>caf\u00e9 compris dans la formule.<\/strong><\/p>\n<p class=\" wall-content\">M\u00eame si le restaurant \u00e9tait rempli, je n\u2019ai pas trop attendu pour \u00eatre servi. <strong>Pour 19\u00a0\u20ac, le rapport qualit\u00e9-prix est globalement au rendez-vous<\/strong>.<\/p>\n<p class=\" wall-content\">Personnalisez votre actualit\u00e9 en ajoutant vos villes et m\u00e9dias en favori avec <a href=\"https:\/\/moncompte.actu.fr\" title=\"D\u00e9couvez Mon Actu\" rel=\"nofollow noopener\" data-trk=\"{&quot;cta&quot;:{&quot;action&quot;:&quot;https:\\\/\\\/moncompte.actu.fr&quot;,&quot;category&quot;:&quot;mon compte&quot;,&quot;from&quot;:&quot;article footer&quot;,&quot;name&quot;:&quot;Mon actu&quot;,&quot;type&quot;:&quot;cta&quot;}}\" target=\"_blank\">Mon Actu<\/a>.<\/p>\n","protected":false},"excerpt":{"rendered":"Par Paul-Emile Bouchy Publi\u00e9 le 12 d\u00e9c. 2025 \u00e0 15h03 Apr\u00e8s avoir ouvert Butter avec la volont\u00e9 d\u2019\u00eatre&hellip;\n","protected":false},"author":2,"featured_media":595109,"comment_status":"","ping_status":"","sticky":false,"template":"","format":"standard","meta":{"footnotes":""},"categories":[9635],"tags":[1111,11,1777,674,1011,27,775,1702,12,25,1340,104],"class_list":{"0":"post-595108","1":"post","2":"type-post","3":"status-publish","4":"format-standard","5":"has-post-thumbnail","7":"category-nancy","8":"tag-actu","9":"tag-actualites","10":"tag-eu","11":"tag-europe","12":"tag-fr","13":"tag-france","14":"tag-grand-est","15":"tag-nancy","16":"tag-news","17":"tag-republique-francaise","18":"tag-restaurant","19":"tag-societe"},"share_on_mastodon":{"url":"https:\/\/pubeurope.com\/@fr\/115707171275635425","error":""},"_links":{"self":[{"href":"https:\/\/www.europesays.com\/fr\/wp-json\/wp\/v2\/posts\/595108","targetHints":{"allow":["GET"]}}],"collection":[{"href":"https:\/\/www.europesays.com\/fr\/wp-json\/wp\/v2\/posts"}],"about":[{"href":"https:\/\/www.europesays.com\/fr\/wp-json\/wp\/v2\/types\/post"}],"author":[{"embeddable":true,"href":"https:\/\/www.europesays.com\/fr\/wp-json\/wp\/v2\/users\/2"}],"replies":[{"embeddable":true,"href":"https:\/\/www.europesays.com\/fr\/wp-json\/wp\/v2\/comments?post=595108"}],"version-history":[{"count":0,"href":"https:\/\/www.europesays.com\/fr\/wp-json\/wp\/v2\/posts\/595108\/revisions"}],"wp:featuredmedia":[{"embeddable":true,"href":"https:\/\/www.europesays.com\/fr\/wp-json\/wp\/v2\/media\/595109"}],"wp:attachment":[{"href":"https:\/\/www.europesays.com\/fr\/wp-json\/wp\/v2\/media?parent=595108"}],"wp:term":[{"taxonomy":"category","embeddable":true,"href":"https:\/\/www.europesays.com\/fr\/wp-json\/wp\/v2\/categories?post=595108"},{"taxonomy":"post_tag","embeddable":true,"href":"https:\/\/www.europesays.com\/fr\/wp-json\/wp\/v2\/tags?post=595108"}],"curies":[{"name":"wp","href":"https:\/\/api.w.org\/{rel}","templated":true}]}}