{"id":595114,"date":"2025-12-12T14:57:11","date_gmt":"2025-12-12T14:57:11","guid":{"rendered":"https:\/\/www.europesays.com\/fr\/595114\/"},"modified":"2025-12-12T14:57:11","modified_gmt":"2025-12-12T14:57:11","slug":"refus-dobtemperer-un-automobiliste-percute-un-policier-en-tentant-dechapper-a-la-mise-en-fourriere-de-son-vehicule-a-montpellier","status":"publish","type":"post","link":"https:\/\/www.europesays.com\/fr\/595114\/","title":{"rendered":"Refus d\u2019obtemp\u00e9rer\u00a0: un automobiliste percute un policier en tentant d\u2019\u00e9chapper \u00e0 la mise en fourri\u00e8re de son v\u00e9hicule \u00e0 Montpellier"},"content":{"rendered":"<p>\n                                                                Ce jeudi 11\u00a0d\u00e9cembre, lors d\u2019un contr\u00f4le routier, un Lunellois de 36 ans est sorti de ses gonds lorsque les forces de l\u2019ordre lui ont indiqu\u00e9 que sa voiture, d\u00e9nu\u00e9e d\u2019assurance, allait \u00eatre plac\u00e9e \u00e0 la fourri\u00e8re\u2026\n                            <\/p>\n<p>Un homme de 36 ans, originaire de Lunel, a \u00e9t\u00e9 plac\u00e9 en garde \u00e0 vue ce jeudi 11\u00a0d\u00e9cembre apr\u00e8s un refus d\u2019obtemp\u00e9rer qui a entra\u00een\u00e9 des blessures\u00a0sur un policier, dans le quartier des\u00a0Pr\u00e9s d\u2019Ar\u00e8nes \u00e0 Montpellier.<\/p>\n<p>Les faits sont survenus\u00a0aux alentours de\u00a014\u00a0heures, lors d\u2019un contr\u00f4le routier effectu\u00e9 par une patrouille de police-secours. Apr\u00e8s v\u00e9rifications des documents administratifs, si le conducteur, inconnu des services de police, disposait\u00a0bien d\u2019un permis valide, son v\u00e9hicule, lui, \u00e9tait d\u00e9nu\u00e9 d\u2019assurance. Les agents lui ont alors notifi\u00e9\u00a0qu\u2019ils lui dressaient une amende forfaitaire d\u00e9lictuelle. Ce qu\u2019il a sembl\u00e9\u00a0accept\u00e9, tout en gardant son calme. Mais lorsqu\u2019ils lui ont indiqu\u00e9 qu\u2019ils\u00a0immobilisaient sa voiture, il est litt\u00e9ralement sorti de ses gonds.<\/p>\n<p>Un jour d\u2019ITT<\/p>\n<p>Semble-t-il, la vision de sa voiture plac\u00e9e \u00e0 la fourri\u00e8re, l\u2019a mis hors de lui et il s\u2019est soudainement montr\u00e9 v\u00e9h\u00e9ment envers les agents. \u00c0 tel point qu\u2019au moment o\u00f9 les policiers lui ont demand\u00e9\u00a0de r\u00e9cup\u00e9rer ses effets personnels dans l\u2019habitacle, le trentenaire s\u2019est mis au volant et a red\u00e9marr\u00e9\u00a0brusquement, prenant la tangente. Dans l\u2019action, l\u2019un des fonctionnaires a alors tent\u00e9\u00a0de s\u2019interposer mais il a \u00e9t\u00e9 violemment heurt\u00e9 par le v\u00e9hicule. Il s\u2019en sort avec un jour d\u2019ITT et a d\u00e9pos\u00e9 plainte.<\/p>\n<p>Des renforts ont imm\u00e9diatement \u00e9t\u00e9 sollicit\u00e9s. Une initiative qui s\u2019est av\u00e9r\u00e9e payante puisque, quelques minutes plus tard, le mis en cause a\u00a0\u00e9t\u00e9 retrouv\u00e9 marchant tranquillement rue de la Restanque, apr\u00e8s avoir abandonn\u00e9 sa voiture.<\/p>\n<p>Interpellation muscl\u00e9e<\/p>\n<p>Assez trapu et costaud, son interpellation n\u2019a pas \u00e9t\u00e9 sans difficult\u00e9. Plac\u00e9 en garde \u00e0 vue, il a \u00e9t\u00e9 test\u00e9 n\u00e9gatif \u00e0 l\u2019alcool mais positif \u00e0 la coca\u00efne. Lors de son audition, il a expliqu\u00e9 que sa voiture \u00e9tait \u00ab\u00a0la prunelle de ses yeux\u00a0\u00bb. Et que l\u2019id\u00e9e de la voir partir en fourri\u00e8re l\u2019avait fait disjoncter\u00a0!<\/p>\n<p>Il est toujours entendu par les enqu\u00eateurs. Des poursuites pour refus d\u2019obtemp\u00e9rer aggrav\u00e9, violences sur personne d\u00e9positaire de l\u2019autorit\u00e9 publique avec arme par destination, en l\u2019occurrence le v\u00e9hicule, et conduite sous l\u2019emprise de stup\u00e9fiants sont envisag\u00e9es \u00e0 son \u00e9gard. Il pourrait \u00eatre pr\u00e9sent\u00e9 en comparution imm\u00e9diate ce lundi.<\/p>\n","protected":false},"excerpt":{"rendered":"Ce jeudi 11\u00a0d\u00e9cembre, lors d\u2019un contr\u00f4le routier, un Lunellois de 36 ans est sorti de ses gonds lorsque&hellip;\n","protected":false},"author":2,"featured_media":595115,"comment_status":"","ping_status":"","sticky":false,"template":"","format":"standard","meta":{"footnotes":""},"categories":[9599],"tags":[1111,11,1777,674,118,1011,27,7089,2208,12,2680,25],"class_list":{"0":"post-595114","1":"post","2":"type-post","3":"status-publish","4":"format-standard","5":"has-post-thumbnail","7":"category-montpellier","8":"tag-actu","9":"tag-actualites","10":"tag-eu","11":"tag-europe","12":"tag-faits-divers","13":"tag-fr","14":"tag-france","15":"tag-herault","16":"tag-montpellier","17":"tag-news","18":"tag-occitanie","19":"tag-republique-francaise"},"share_on_mastodon":{"url":"https:\/\/pubeurope.com\/@fr\/115707186147774021","error":""},"_links":{"self":[{"href":"https:\/\/www.europesays.com\/fr\/wp-json\/wp\/v2\/posts\/595114","targetHints":{"allow":["GET"]}}],"collection":[{"href":"https:\/\/www.europesays.com\/fr\/wp-json\/wp\/v2\/posts"}],"about":[{"href":"https:\/\/www.europesays.com\/fr\/wp-json\/wp\/v2\/types\/post"}],"author":[{"embeddable":true,"href":"https:\/\/www.europesays.com\/fr\/wp-json\/wp\/v2\/users\/2"}],"replies":[{"embeddable":true,"href":"https:\/\/www.europesays.com\/fr\/wp-json\/wp\/v2\/comments?post=595114"}],"version-history":[{"count":0,"href":"https:\/\/www.europesays.com\/fr\/wp-json\/wp\/v2\/posts\/595114\/revisions"}],"wp:featuredmedia":[{"embeddable":true,"href":"https:\/\/www.europesays.com\/fr\/wp-json\/wp\/v2\/media\/595115"}],"wp:attachment":[{"href":"https:\/\/www.europesays.com\/fr\/wp-json\/wp\/v2\/media?parent=595114"}],"wp:term":[{"taxonomy":"category","embeddable":true,"href":"https:\/\/www.europesays.com\/fr\/wp-json\/wp\/v2\/categories?post=595114"},{"taxonomy":"post_tag","embeddable":true,"href":"https:\/\/www.europesays.com\/fr\/wp-json\/wp\/v2\/tags?post=595114"}],"curies":[{"name":"wp","href":"https:\/\/api.w.org\/{rel}","templated":true}]}}