{"id":595134,"date":"2025-12-12T15:08:16","date_gmt":"2025-12-12T15:08:16","guid":{"rendered":"https:\/\/www.europesays.com\/fr\/595134\/"},"modified":"2025-12-12T15:08:16","modified_gmt":"2025-12-12T15:08:16","slug":"nice-il-reclame-100000-euros-a-la-metropole-apres-sa-chute-la-justice-tranche","status":"publish","type":"post","link":"https:\/\/www.europesays.com\/fr\/595134\/","title":{"rendered":"Nice. Il r\u00e9clame 100000 euros \u00e0 la m\u00e9tropole apr\u00e8s sa chute, la justice tranche"},"content":{"rendered":"<p>                    Par<br \/>\n        <strong><br \/>\n            <a href=\"https:\/\/actu.fr\/auteur\/redaction-nice\" title=\"Consulter tous les articles de R\u00e9daction Nice\" target=\"_blank\" rel=\"noopener\">R\u00e9daction Nice<\/a><br \/>\n                    <\/strong><\/p>\n<p>        Publi\u00e9 le<\/p>\n<p>            12 d\u00e9c. 2025 \u00e0 15h33        <\/p>\n<p>La cour administrative d\u2019appel de Marseille a d\u00e9savou\u00e9 \u00e0 son tour le scoot\u00e9riste qui r\u00e9clamait un peu plus de <strong>100\u2009000\u00a0euros de d\u00e9dommagements<\/strong> \u00e0 la m\u00e9tropole Nice C\u00f4te d\u2019Azur suite \u00e0<strong> l\u2019accident<\/strong> qu\u2019il avait eu le 26\u00a0septembre 2020 sur la bretelle d\u2019acc\u00e8s \u00e0 la voie Mathis \u00e0 <a href=\"https:\/\/actu.fr\/nice\/\" target=\"_blank\" rel=\"noopener\">Nice<\/a> (<a href=\"https:\/\/actu.fr\/marseille\/\" target=\"_blank\" rel=\"noopener\">Alpes-Maritimes<\/a>).\u00a0Le tribunal administratif de Nice avait en effet d\u00e9j\u00e0 d\u00e9savou\u00e9 l\u2019int\u00e9ress\u00e9 en premi\u00e8re instance, mais ce dernier maintenait en appel que la responsabilit\u00e9 de la collectivit\u00e9 \u00e9tait engag\u00e9e dans ses divers \u00ab\u2009pr\u00e9judices\u2009\u00bb en raison d\u2019un \u00ab\u2009d\u00e9faut d\u2019entretien normal\u2009\u00bb de la route. La \u00ab\u2009pr\u00e9sence inopin\u00e9e\u2009\u00bb d\u2019une \u00ab\u2009flaque d\u2019huile\u2009\u00bb sur la chauss\u00e9e, \u00ab\u2009au milieu d\u2019un virage\u2009\u00bb, \u00e9tait \u00e0 l\u2019origine de son accident, r\u00e9p\u00e9tait-il. Il avait par ailleurs \u00e9t\u00e9 \u00ab\u2009percut\u00e9\u2009\u00bb par un \u00ab\u2009s\u00e9parateur de voies non lest\u00e9\u2009\u00bb qui s\u2019\u00e9tait envol\u00e9 sous l\u2019effet des \u00ab\u2009fortes rafales de vent\u2009\u00bb ce jour-l\u00e0.<\/p>\n<p>Rien ne d\u00e9montre la pr\u00e9sence d\u2019une flaque d\u2019huile<\/p>\n<p class=\" wall-content\">\u00ab\u2009Si la fiche d\u2019intervention des services de la m\u00e9tropole mentionne que l\u2019accident a \u00e9t\u00e9 occasionn\u00e9 en raison d\u2019une perte de contr\u00f4le du v\u00e9hicule, <strong>aucune r\u00e9f\u00e9rence<\/strong> quant \u00e0 l\u2019origine de cette perte de contr\u00f4le n\u2019est \u00e9voqu\u00e9e\u2009\u00bb, avait toutefois d\u00e9j\u00e0 r\u00e9pliqu\u00e9 sur ce point le tribunal administratif de Nice dans son jugement du 20\u00a0f\u00e9vrier 2024.<\/p>\n<p class=\" wall-content\">\u00ab\u2009En outre, [\u2026] aucune des photographies vers\u00e9es au dossier par le requ\u00e9rant<strong> ne d\u00e9montre<\/strong> la pr\u00e9sence d\u2019une flaque d\u2019huile\u2009\u00bb, faisaient observer les juges ni\u00e7ois. \u00ab\u2009Si l\u2019une des photographies illustre la pr\u00e9sence d\u2019un s\u00e9parateur de chantier sur la voie publique, celle-ci n\u2019est pas dat\u00e9e et ne <strong>permet pas d\u2019\u00e9tablir<\/strong> qu\u2019il s\u2019agit du lieu de l\u2019accident.\u2009\u00bb Une \u00ab\u2009attestation de t\u00e9moin\u2009\u00bb avait pourtant \u00e9t\u00e9 produite par le scoot\u00e9riste, mais cet \u00ab\u2009unique document\u2009\u00bb n\u2019avait pas davantage convaincu les magistrats \u00ab\u2009eu \u00e9gard son faible caract\u00e8re probant\u2009\u00bb.<\/p>\n<p>\u00ab\u2009Aucun obstacle n\u2019a \u00e9t\u00e9 constat\u00e9 sur la chauss\u00e9e\u2009\u00bb<\/p>\n<p class=\" wall-content\">La Caisse primaire d\u2019assurance maladie (CPAM) des Alpes-Maritimes s\u2019\u00e9tait-elle d\u2019embl\u00e9e jointe au dossier pour que la m\u00e9tropole Nice C\u00f4te d\u2019Azur ou Nativi BTP \u2013 la soci\u00e9t\u00e9 de Cagnes-sur-Mer en charge des \u00ab\u2009travaux de r\u00e9am\u00e9nagement\u2009\u00bb de la voie \u2013 lui rembourse les 25.000 \u20ac de frais de sant\u00e9 qu\u2019elle avait d\u00e9bours\u00e9s pour le conducteur du deux-roues. Les seules \u00ab\u2009perte de gains professionnels\u2009\u00bb et \u00ab\u2009incidence professionnelle\u2009\u00bb de cet accidenta <strong>avaient \u00e9t\u00e9 \u00e9valu\u00e9es<\/strong> par le principal int\u00e9ress\u00e9 \u00e0 plus de 43\u2009000\u00a0euros.<\/p>\n<p class=\" wall-content\">\u00ab\u2009\u00c0 supposer m\u00eame \u00e9tablies les circonstances de l\u2019accident [\u2026], la m\u00e9tropole [\u2026] justifie [\u2026] que la maintenance de la voie est effectu\u00e9e mensuellement et qu\u2019aucun obstacle n\u2019a \u00e9t\u00e9 constat\u00e9 sur la chauss\u00e9e le jour de l\u2019accident\u2009\u00bb, \u00e9vacue toutefois la cour administrative d\u2019appel de Marseille dans un arr\u00eat en date du 10\u00a0octobre 2025 qui vient d\u2019\u00eatre rendu public.<\/p>\n<p>Le scoot\u00e9riste doit m\u00eame verser 500\u00a0euros \u00e0 la m\u00e9tropole<\/p>\n<p class=\" wall-content\">\u00ab\u2009Il n\u2019est pas \u00e9tabli ni m\u00eame all\u00e9gu\u00e9 que les services de la m\u00e9tropole auraient \u00e9t\u00e9 alert\u00e9s, le jour de l\u2019accident ou pr\u00e9c\u00e9demment, de la dangerosit\u00e9 des lieux\u2009\u00bb, notent les juges marseillais. \u00ab\u2009Par ailleurs, les photographies produites par le requ\u00e9rant mettent en \u00e9vidence la pr\u00e9sence d\u2019un panneau informant d\u2019un <strong>risque de chauss\u00e9e glissante<\/strong> au niveau du virage.\u2009\u00bb Il \u00e9tait alors rappel\u00e9 aux \u00ab\u2009usagers\u2009\u00bb la \u00ab\u2009n\u00e9cessit\u00e9 de faire preuve de prudence accrue dans cette zone de travaux signal\u00e9e\u2009\u00bb, rel\u00e8ve la cour administrative d\u2019appel de Marseille. Elle a donc rejet\u00e9 la requ\u00eate du scoot\u00e9riste et l\u2019a m\u00eame condamn\u00e9 \u00e0 verser 500\u00a0euros \u00e0 la m\u00e9tropole et autant \u00e0 la soci\u00e9t\u00e9 de travaux publics pour leurs frais d\u2019avocats.<\/p>\n<p class=\" wall-content\"><strong>GF \/ PressPepper<\/strong><\/p>\n<p class=\" wall-content\">Personnalisez votre actualit\u00e9 en ajoutant vos villes et m\u00e9dias en favori avec <a href=\"https:\/\/moncompte.actu.fr\" title=\"D\u00e9couvez Mon Actu\" rel=\"nofollow noopener\" data-trk=\"{&quot;cta&quot;:{&quot;action&quot;:&quot;https:\\\/\\\/moncompte.actu.fr&quot;,&quot;category&quot;:&quot;mon compte&quot;,&quot;from&quot;:&quot;article footer&quot;,&quot;name&quot;:&quot;Mon actu&quot;,&quot;type&quot;:&quot;cta&quot;}}\" target=\"_blank\">Mon Actu<\/a>.<\/p>\n","protected":false},"excerpt":{"rendered":"Par R\u00e9daction Nice Publi\u00e9 le 12 d\u00e9c. 2025 \u00e0 15h33 La cour administrative d\u2019appel de Marseille a d\u00e9savou\u00e9&hellip;\n","protected":false},"author":2,"featured_media":595135,"comment_status":"","ping_status":"","sticky":false,"template":"","format":"standard","meta":{"footnotes":""},"categories":[2819],"tags":[1111,11,2397,1777,674,1011,27,303,12,2401,882,25,104],"class_list":{"0":"post-595134","1":"post","2":"type-post","3":"status-publish","4":"format-standard","5":"has-post-thumbnail","7":"category-nice","8":"tag-actu","9":"tag-actualites","10":"tag-christian-estrosi","11":"tag-eu","12":"tag-europe","13":"tag-fr","14":"tag-france","15":"tag-justice","16":"tag-news","17":"tag-nice","18":"tag-provence-alpes-cote-dazur","19":"tag-republique-francaise","20":"tag-societe"},"share_on_mastodon":{"url":"https:\/\/pubeurope.com\/@fr\/115707229298237088","error":""},"_links":{"self":[{"href":"https:\/\/www.europesays.com\/fr\/wp-json\/wp\/v2\/posts\/595134","targetHints":{"allow":["GET"]}}],"collection":[{"href":"https:\/\/www.europesays.com\/fr\/wp-json\/wp\/v2\/posts"}],"about":[{"href":"https:\/\/www.europesays.com\/fr\/wp-json\/wp\/v2\/types\/post"}],"author":[{"embeddable":true,"href":"https:\/\/www.europesays.com\/fr\/wp-json\/wp\/v2\/users\/2"}],"replies":[{"embeddable":true,"href":"https:\/\/www.europesays.com\/fr\/wp-json\/wp\/v2\/comments?post=595134"}],"version-history":[{"count":0,"href":"https:\/\/www.europesays.com\/fr\/wp-json\/wp\/v2\/posts\/595134\/revisions"}],"wp:featuredmedia":[{"embeddable":true,"href":"https:\/\/www.europesays.com\/fr\/wp-json\/wp\/v2\/media\/595135"}],"wp:attachment":[{"href":"https:\/\/www.europesays.com\/fr\/wp-json\/wp\/v2\/media?parent=595134"}],"wp:term":[{"taxonomy":"category","embeddable":true,"href":"https:\/\/www.europesays.com\/fr\/wp-json\/wp\/v2\/categories?post=595134"},{"taxonomy":"post_tag","embeddable":true,"href":"https:\/\/www.europesays.com\/fr\/wp-json\/wp\/v2\/tags?post=595134"}],"curies":[{"name":"wp","href":"https:\/\/api.w.org\/{rel}","templated":true}]}}