{"id":595155,"date":"2025-12-12T15:20:17","date_gmt":"2025-12-12T15:20:17","guid":{"rendered":"https:\/\/www.europesays.com\/fr\/595155\/"},"modified":"2025-12-12T15:20:17","modified_gmt":"2025-12-12T15:20:17","slug":"rtm-a-marseille-ces-stations-de-tramway-fermees-durgence-ce-quil-se-passe","status":"publish","type":"post","link":"https:\/\/www.europesays.com\/fr\/595155\/","title":{"rendered":"RTM \u00e0 Marseille. Ces stations de tramway ferm\u00e9es d&rsquo;urgence, ce qu&rsquo;il se passe"},"content":{"rendered":"<p>                    Par<br \/>\n        <strong><br \/>\n            <a href=\"https:\/\/actu.fr\/auteur\/thibault-nadal-actu-fr\" title=\"Consulter tous les articles de Thibault Nadal\" target=\"_blank\" rel=\"noopener\">Thibault Nadal<\/a><br \/>\n                    <\/strong><\/p>\n<p>        Publi\u00e9 le<\/p>\n<p>            12 d\u00e9c. 2025 \u00e0 15h44<br \/>\n        ; mis \u00e0 jour le 12 d\u00e9c. 2025 \u00e0 16h07    <\/p>\n<p>MAJ \u00e0 16h10 : la RTM annonce une reprise progressive du trafic.<\/p>\n<p class=\" wall-content\">Fin de semaine difficile sur le r\u00e9seau <a href=\"https:\/\/actu.fr\/tag\/rtm\" target=\"_blank\" rel=\"noopener\">RTM<\/a> \u00e0 <a href=\"https:\/\/actu.fr\/marseille\/\" target=\"_blank\" rel=\"noopener\">Marseille<\/a>. Ce vendredi 12\u00a0d\u00e9cembre 2025, depuis le milieu de l\u2019apr\u00e8s-midi, le trafic est interrompu sur la ligne 2 du tramway dans le centre-ville, indique la R\u00e9gie m\u00e9tropolitaine des transports.<\/p>\n<p class=\" wall-content\">Voici ce qu\u2019il se passe.<\/p>\n<p>Huit stations ne sont pas desservies<\/p>\n<p class=\" wall-content\">Cette d\u00e9cision a \u00e9t\u00e9 prise en urgence en raison d\u2019une \u00ab\u2009collision entre tiers \u00e0 la station Garibaldi\u2009\u00bb, pr\u00e9cise-t-elle.<\/p>\n<p class=\" wall-content\">Par cons\u00e9quent, <strong>huit stations ne sont pas desservies<\/strong>\u2009: Arenc Le Silo, Eurom\u00e9diterran\u00e9e Gant\u00e8s, Joliette, R\u00e9publique Dames, Sadi Carnot, Belsunce Alcazar, Canebi\u00e8re Capucins et Canebi\u00e8re Garibaldi.<\/p>\n<p class=\" wall-content\">La ligne circule uniquement entre R\u00e9form\u00e9s Canebi\u00e8re et La Blancarde.<\/p>\n<p class=\" wall-content\">\n<p class=\" wall-content\">La RTM pr\u00e9cise que \u00ab\u2009la ligne sera r\u00e9tablie d\u00e8s que les conditions le permettront\u2009\u00bb.<\/p>\n<p class=\" wall-content\">Personnalisez votre actualit\u00e9 en ajoutant vos villes et m\u00e9dias en favori avec <a href=\"https:\/\/moncompte.actu.fr\" title=\"D\u00e9couvez Mon Actu\" rel=\"nofollow noopener\" data-trk=\"{&quot;cta&quot;:{&quot;action&quot;:&quot;https:\\\/\\\/moncompte.actu.fr&quot;,&quot;category&quot;:&quot;mon compte&quot;,&quot;from&quot;:&quot;article footer&quot;,&quot;name&quot;:&quot;Mon actu&quot;,&quot;type&quot;:&quot;cta&quot;}}\" target=\"_blank\">Mon Actu<\/a>.<\/p>\n","protected":false},"excerpt":{"rendered":"Par Thibault Nadal Publi\u00e9 le 12 d\u00e9c. 2025 \u00e0 15h44 ; mis \u00e0 jour le 12 d\u00e9c. 2025&hellip;\n","protected":false},"author":2,"featured_media":595156,"comment_status":"","ping_status":"","sticky":false,"template":"","format":"standard","meta":{"footnotes":""},"categories":[2814],"tags":[119,1111,11,1777,674,1011,27,884,12,882,25,10783,104,2803],"class_list":{"0":"post-595155","1":"post","2":"type-post","3":"status-publish","4":"format-standard","5":"has-post-thumbnail","7":"category-marseille","8":"tag-accident","9":"tag-actu","10":"tag-actualites","11":"tag-eu","12":"tag-europe","13":"tag-fr","14":"tag-france","15":"tag-marseille","16":"tag-news","17":"tag-provence-alpes-cote-dazur","18":"tag-republique-francaise","19":"tag-rtm","20":"tag-societe","21":"tag-transport"},"share_on_mastodon":{"url":"https:\/\/pubeurope.com\/@fr\/115707276473273877","error":""},"_links":{"self":[{"href":"https:\/\/www.europesays.com\/fr\/wp-json\/wp\/v2\/posts\/595155","targetHints":{"allow":["GET"]}}],"collection":[{"href":"https:\/\/www.europesays.com\/fr\/wp-json\/wp\/v2\/posts"}],"about":[{"href":"https:\/\/www.europesays.com\/fr\/wp-json\/wp\/v2\/types\/post"}],"author":[{"embeddable":true,"href":"https:\/\/www.europesays.com\/fr\/wp-json\/wp\/v2\/users\/2"}],"replies":[{"embeddable":true,"href":"https:\/\/www.europesays.com\/fr\/wp-json\/wp\/v2\/comments?post=595155"}],"version-history":[{"count":0,"href":"https:\/\/www.europesays.com\/fr\/wp-json\/wp\/v2\/posts\/595155\/revisions"}],"wp:featuredmedia":[{"embeddable":true,"href":"https:\/\/www.europesays.com\/fr\/wp-json\/wp\/v2\/media\/595156"}],"wp:attachment":[{"href":"https:\/\/www.europesays.com\/fr\/wp-json\/wp\/v2\/media?parent=595155"}],"wp:term":[{"taxonomy":"category","embeddable":true,"href":"https:\/\/www.europesays.com\/fr\/wp-json\/wp\/v2\/categories?post=595155"},{"taxonomy":"post_tag","embeddable":true,"href":"https:\/\/www.europesays.com\/fr\/wp-json\/wp\/v2\/tags?post=595155"}],"curies":[{"name":"wp","href":"https:\/\/api.w.org\/{rel}","templated":true}]}}