{"id":595163,"date":"2025-12-12T15:30:39","date_gmt":"2025-12-12T15:30:39","guid":{"rendered":"https:\/\/www.europesays.com\/fr\/595163\/"},"modified":"2025-12-12T15:30:39","modified_gmt":"2025-12-12T15:30:39","slug":"le-musee-dart-moderne-de-paris-recoit-un-don-de-61-oeuvres-de-matisse","status":"publish","type":"post","link":"https:\/\/www.europesays.com\/fr\/595163\/","title":{"rendered":"Le mus\u00e9e d&rsquo;Art moderne de Paris re\u00e7oit un don de 61 \u0153uvres de Matisse"},"content":{"rendered":"<p class=\"editor-content__paragraph\">Le <strong>mus\u00e9e d\u2019Art moderne de Paris<\/strong> vient de recevoir une <strong>donation historique<\/strong>\u00a0: pas moins de <strong>61 \u0153uvres du peintre <a href=\"https:\/\/www.beauxarts.com\/encyclo\/henri-matisse-en-2-minutes\/\" target=\"_blank\" rel=\"noopener\">Henri Matisse<\/a><\/strong> offertes par Barbara Dauphin Duthuit, \u00e9pouse de Claude Duthuit, le petit-fils de l\u2019artiste. Longtemps rest\u00e9es dans l\u2019intimit\u00e9 de la famille, ces pi\u00e8ces avaient \u00e9t\u00e9 <strong>pr\u00eat\u00e9es pour <a href=\"https:\/\/www.beauxarts.com\/expos\/marguerite-matisse-sort-de-lombre-de-son-pere-au-musee-dart-moderne-de-paris\/\" target=\"_blank\" rel=\"noopener\">l\u2019exposition \u00ab\u00a0Matisse et Marguerite, le regard d\u2019un p\u00e8re\u00a0\u00bb<\/a><\/strong>, pr\u00e9sent\u00e9e au mus\u00e9e du 4\u00a0avril au 24\u00a0ao\u00fbt 2025, o\u00f9 beaucoup d\u2019entre elles se d\u00e9voilaient pour la premi\u00e8re fois au public.<\/p>\n<p class=\"editor-content__paragraph\">Cette constellation d\u2019\u0153uvres \u2014 <strong>sept tableaux, une sculpture, vingt-huit dessins<\/strong>, huit eaux-fortes, six lithographies, cinq affiches originales et six livres illustr\u00e9s \u2014 donne \u00e0 voir le <strong>regard du peintre sur Marguerite<\/strong>, sa fille a\u00een\u00e9e et son mod\u00e8le privil\u00e9gi\u00e9, dont le <strong>r\u00f4le majeur dans son \u0153uvre et sa carri\u00e8re<\/strong> avait \u00e9t\u00e9 r\u00e9v\u00e9l\u00e9 de mani\u00e8re in\u00e9dite dans l\u2019exposition en question. La donation p\u00e9rennise cette lecture intime, en l\u2019ancrant au c\u0153ur des collections publiques.<\/p>\n<p>        \u00c0 lire aussi :<br \/>\n        <a class=\"renvoi-explicite__link\" href=\"https:\/\/www.beauxarts.com\/expos\/marguerite-matisse-sort-de-lombre-de-son-pere-au-musee-dart-moderne-de-paris\/\" target=\"_blank\" rel=\"noopener\">Marguerite Matisse sort de l&rsquo;ombre de son p\u00e8re au mus\u00e9e d&rsquo;Art moderne de Paris<\/a><\/p>\n<p>Un pr\u00e9cieux t\u00e9moignage de la relation entre l\u2019artiste et sa fille<\/p>\n<p class=\"editor-content__paragraph\">Fabrice Hergott, directeur du mus\u00e9e d\u2019Art moderne de Paris, salue \u00ab\u00a0un<strong> geste extraordinairement g\u00e9n\u00e9reux<\/strong>\u00a0\u00bb, signe, dit-il, d\u2019un \u00ab\u00a0<strong>engagement fort<\/strong>\u00a0\u00bb de la part de Barbara Dauphin Duthuit, et d\u2019une v\u00e9ritable \u00ab\u00a0confiance\u00a0\u00bb \u00e0 l\u2019\u00e9gard de l\u2019institution. Le corpus retrace, tout au long de la premi\u00e8re moiti\u00e9 du XXe si\u00e8cle, ce <strong>dialogue affectueux entre le p\u00e8re et sa fille<\/strong>\u00a0: des<strong> images d\u2019enfance<\/strong> \u00e0 Nice \u2014 Marguerite posant sur un balcon, envelopp\u00e9e d\u2019un manteau \u00e9cossais \u2014 \u00ab\u00a0jusqu\u2019aux <strong>portraits bouleversants r\u00e9alis\u00e9s en 1945<\/strong> alors qu\u2019elle venait d\u2019\u00e9chapper \u00e0 la d\u00e9portation pour faits de R\u00e9sistance\u00a0\u00bb, pr\u00e9cise le communiqu\u00e9 du MAM. On y retrouve notamment <strong>Marguerite endormie <\/strong>(1920), aux c\u00f4t\u00e9s d\u2019affiches et de livres illustr\u00e9s (1944\u20131954) d\u00e9dicac\u00e9s \u00e0 cette muse bien-aim\u00e9e.<\/p>\n<p>Une collection d\u2019\u0153uvres\u00a0de Matisse qui s\u2019enrichit consid\u00e9rablement<\/p>\n<p>    <img loading=\"lazy\" decoding=\"async\" class=\"image__img\" src=\"https:\/\/www.europesays.com\/fr\/wp-content\/uploads\/2025\/12\/webiii_001_mm-964x1425.jpg\" alt=\"Henri Matisse, Marguerite au chat noir\" width=\"964\" height=\"1425\"\/><\/p>\n<p>Henri Matisse, Marguerite au chat noir, 1910<\/p>\n<p>    i<\/p>\n<p class=\"legende__cartel\">Huile sur toile \u2022 94 \u00d7 64\u00a0cm \u2022 Coll. Centre Pompidou, mus\u00e9e national d\u2019Art moderne\/Centre de cr\u00e9ation industrielle, Paris \u2022 \u00a9 Centre Pompidou, MNAM-CCI, Dist. GrandPalaisRmn\/Georges Meguerditchian, don de Mme Barbara Duthuit en m\u00e9moire de Claude Duthuit, 2013<\/p>\n<p class=\"editor-content__paragraph\">Le don inclut aussi un<strong> portrait dessin\u00e9 de Claude<\/strong>, fils unique de Marguerite et de l\u2019\u00e9crivain Georges Duthuit. Ces 61\u00a0pi\u00e8ces rejoignent ainsi <strong>la vingtaine d\u2019\u0153uvres de Matisse d\u00e9j\u00e0 conserv\u00e9es<\/strong> par le mus\u00e9e, parmi lesquelles figurent les <strong>deux versions monumentales de La Danse<\/strong>, expos\u00e9es de fa\u00e7on permanente.<\/p>\n<p class=\"editor-content__paragraph\">Barbara Dauphin Duthuit n\u2019en est pas \u00e0 son premier geste envers les institutions fran\u00e7aises\u00a0: elle avait d\u00e9j\u00e0 offert en 2013<strong> au Centre Pompidou<\/strong> l\u2019embl\u00e9matique <strong>Marguerite au chat noir <\/strong>(1910), superbe portrait sur fond vert et rose aux contrastes tranchants qui ornait justement l\u2019affiche de l\u2019exposition du MAM inaugur\u00e9e le printemps dernier.<\/p>\n<p>        \u00c0 lire aussi :<br \/>\n        <a class=\"renvoi-explicite__link\" href=\"https:\/\/www.beauxarts.com\/grand-format\/la-danse-dhenri-matisse-un-hymne-a-la-joie\/\" target=\"_blank\" rel=\"noopener\">\u00ab La Danse \u00bb d\u2019Henri Matisse, un hymne \u00e0 la joie<\/a><\/p>\n<p>  Arrow<\/p>\n<p>MAM &#8211; Mus\u00e9e d&rsquo;Art moderne de Paris<\/p>\n<p class=\"annexe-content__infos\">11 Avenue du Pr\u00e9sident Wilson \u2022 75116 Paris<br \/><a href=\"http:\/\/www.mam.paris.fr\" target=\"_blank\" rel=\"noopener\">www.mam.paris.fr<\/a><\/p>\n","protected":false},"excerpt":{"rendered":"Le mus\u00e9e d\u2019Art moderne de Paris vient de recevoir une donation historique\u00a0: pas moins de 61 \u0153uvres du&hellip;\n","protected":false},"author":2,"featured_media":595164,"comment_status":"","ping_status":"","sticky":false,"template":"","format":"standard","meta":{"footnotes":""},"categories":[1888],"tags":[1111,1928,11,1927,12870,1777,674,1011,27,12871,12,1926,626,1925,1585,25],"class_list":{"0":"post-595163","1":"post","2":"type-post","3":"status-publish","4":"format-standard","5":"has-post-thumbnail","7":"category-paris","8":"tag-actu","9":"tag-actu-paris","10":"tag-actualites","11":"tag-actualites-paris","12":"tag-art-moderne","13":"tag-eu","14":"tag-europe","15":"tag-fr","16":"tag-france","17":"tag-mam-musee-dart-moderne-de-paris","18":"tag-news","19":"tag-news-paris","20":"tag-paris","21":"tag-paris-news","22":"tag-peinture","23":"tag-republique-francaise"},"share_on_mastodon":{"url":"https:\/\/pubeurope.com\/@fr\/115707318667765859","error":""},"_links":{"self":[{"href":"https:\/\/www.europesays.com\/fr\/wp-json\/wp\/v2\/posts\/595163","targetHints":{"allow":["GET"]}}],"collection":[{"href":"https:\/\/www.europesays.com\/fr\/wp-json\/wp\/v2\/posts"}],"about":[{"href":"https:\/\/www.europesays.com\/fr\/wp-json\/wp\/v2\/types\/post"}],"author":[{"embeddable":true,"href":"https:\/\/www.europesays.com\/fr\/wp-json\/wp\/v2\/users\/2"}],"replies":[{"embeddable":true,"href":"https:\/\/www.europesays.com\/fr\/wp-json\/wp\/v2\/comments?post=595163"}],"version-history":[{"count":0,"href":"https:\/\/www.europesays.com\/fr\/wp-json\/wp\/v2\/posts\/595163\/revisions"}],"wp:featuredmedia":[{"embeddable":true,"href":"https:\/\/www.europesays.com\/fr\/wp-json\/wp\/v2\/media\/595164"}],"wp:attachment":[{"href":"https:\/\/www.europesays.com\/fr\/wp-json\/wp\/v2\/media?parent=595163"}],"wp:term":[{"taxonomy":"category","embeddable":true,"href":"https:\/\/www.europesays.com\/fr\/wp-json\/wp\/v2\/categories?post=595163"},{"taxonomy":"post_tag","embeddable":true,"href":"https:\/\/www.europesays.com\/fr\/wp-json\/wp\/v2\/tags?post=595163"}],"curies":[{"name":"wp","href":"https:\/\/api.w.org\/{rel}","templated":true}]}}