{"id":595169,"date":"2025-12-12T15:43:25","date_gmt":"2025-12-12T15:43:25","guid":{"rendered":"https:\/\/www.europesays.com\/fr\/595169\/"},"modified":"2025-12-12T15:43:25","modified_gmt":"2025-12-12T15:43:25","slug":"un-avocat-condamne-a-deux-ans-dinterdiction-dexercer-pour-le-recel-de-statuettes-volees","status":"publish","type":"post","link":"https:\/\/www.europesays.com\/fr\/595169\/","title":{"rendered":"un avocat condamn\u00e9 \u00e0 deux ans d\u2019interdiction d\u2019exercer pour le recel de statuettes vol\u00e9es"},"content":{"rendered":"<p>\n    Marcel Baldo a \u00e9t\u00e9 reconnu coupable du recel, entre mars et novembre 2017, de plusieurs bronzes, dont un de l\u2019artiste Fernando Botero d\u2019une valeur de 425.000 euros et d\u2019une statuette pr\u00e9colombienne en terre cuite.<\/p>\n<p class=\"fig-paragraph\">Le\u00a0<a href=\"http:\/\/www.lefigaro.fr\/faits-divers\/le-president-du-tribunal-de-paris-demande-des-moyens-supplementaires-pour-les-juridictions-criminelles-20251024\" target=\"_blank\" data-fig-type=\"NewsFlash\" rel=\"noopener\" data-gtm-custom-categorie=\"navigation\" data-gtm-custom-action=\"crossclick\" data-gtm-custom-label=\"Contextuel\" data-gtm-event=\"customEventSPE\" data-fig-domain=\"LEFIGARO\">tribunal de Paris<\/a>\u00a0a condamn\u00e9 ce vendredi un avocat\u00a0\u00e0 deux ans de prison avec sursis et deux ans d&rsquo;interdiction d&rsquo;exercer pour le recel en 2017 d&rsquo;\u0153uvres d\u00e9rob\u00e9es, telles que des statuettes, dans\u00a0<a href=\"http:\/\/www.lefigaro.fr\/arts-expositions\/une-plainte-vise-le-metropolitan-de-new-york-accuse-d-avoir-camoufle-l-origine-d-un-van-gogh-qu-il-a-vendu-20251102\" target=\"_blank\" data-fig-type=\"Article\" rel=\"noopener\" data-gtm-custom-categorie=\"navigation\" data-gtm-custom-action=\"crossclick\" data-gtm-custom-label=\"Contextuel\" data-gtm-event=\"customEventSPE\" data-fig-domain=\"LEFIGARO\">des galeries<\/a>\u00a0par un ami et client. Ma\u00eetre Marcel Baldo, 66 ans, a \u00e9t\u00e9 reconnu coupable du recel, entre mars et novembre 2017, d&rsquo;un bronze de l&rsquo;artiste colombien Fernando Botero d&rsquo;une valeur marchande de 425.000 euros, d&rsquo;un autre bronze du sculpteur Guy Geymann ainsi que d&rsquo;une statuette pr\u00e9colombienne en terre cuite, vol\u00e9s dans des galeries d&rsquo;art parisiennes. Cette figure du barreau de Seine-Saint-Denis a \u00e9galement \u00e9t\u00e9 condamn\u00e9e \u00e0 une amende de 50.000 euros. Le tribunal n&rsquo;a pas assorti la peine d&rsquo;une ex\u00e9cution provisoire, signifiant qu&rsquo;elle serait suspendue en cas d&rsquo;appel.<\/p>\n<p class=\"fig-paragraph\">Son ami Bruno Ordon, un sexag\u00e9naire aux 23 condamnations ayant vol\u00e9 \u00e0 l&rsquo;\u00e9talage les \u0153uvres dans des galeries parisiennes hupp\u00e9es, a lui \u00e9cop\u00e9 de deux ans de prison ferme, am\u00e9nag\u00e9 sous la forme d&rsquo;une d\u00e9tention \u00e0 domicile avec un bracelet \u00e9lectronique. Une peine \u00absatisfaisante\u00bb pour sa d\u00e9fense, qui ne compte pas faire appel.<\/p>\n<p>                                            <a class=\"fig-a11y-skip\" href=\"#fig-a11y-skip-main-inarticle\" data-module=\"a11y-skip\" data-context=\"was @visible\"><br \/>\n    Passer la publicit\u00e9<br \/>\n<\/a>            <\/p>\n<p>                                            \u00abMeilleurs amis\u00bb<\/p>\n<p class=\"fig-paragraph\">Entre l&rsquo;avocat raffin\u00e9 et le voleur multir\u00e9cidiviste, le duo de pr\u00e9venus form\u00e9 \u00e0 l&rsquo;audience du 12 novembre \u00e9tait pour le moins baroque. Membres du m\u00eame club d&rsquo;\u00e9checs, ils se consid\u00e9raient comme \u00abmeilleurs amis\u00bb, bien que Bruno Ordon \u00abpleure de l&rsquo;argent\u00bb \u00e0 Marcel Baldo depuis des ann\u00e9es pour pouvoir vivre. Les samedis matins, ils parcouraient les puces pour acqu\u00e9rir des \u0153uvres pour la collection du p\u00e9naliste.<\/p>\n<p class=\"fig-paragraph\">\u00c0 la barre, Marcel Baldo a affirm\u00e9 avoir conserv\u00e9 le Botero chez lui pendant les dix-huit jours entre le vol et son interpellation uniquement pour aider son comp\u00e8re, par \u00abfaiblesse\u00bb, le temps de trouver une solution pour le restituer \u00e0 la galerie. \u00abQuand je vois (le bronze), je lui dis \u201ctu sais que tu es un vrai fou, cette statue c&rsquo;est invendable, c&rsquo;est extr\u00eamement dangereux\u201d\u00bb, a-t-il d\u00e9clar\u00e9.<\/p>\n<p class=\"fig-paragraph\">Pourtant, lorsque Bruno Ordon est interpell\u00e9, Marcel Baldo a retir\u00e9 le bronze install\u00e9 au bord de sa fen\u00eatre, l&rsquo;a jet\u00e9 dans un cabas et s&rsquo;est pr\u00e9cipit\u00e9 pour le d\u00e9poser chez un autre ami, juste avant d&rsquo;\u00eatre lui-m\u00eame arr\u00eat\u00e9. \u00abJ&rsquo;\u00e9tais tellement paniqu\u00e9 que je ne savais pas trop comment raisonner\u00bb, a-t-il plaid\u00e9 huit ans plus tard.<\/p>\n","protected":false},"excerpt":{"rendered":"Marcel Baldo a \u00e9t\u00e9 reconnu coupable du recel, entre mars et novembre 2017, de plusieurs bronzes, dont un&hellip;\n","protected":false},"author":2,"featured_media":595170,"comment_status":"","ping_status":"","sticky":false,"template":"","format":"standard","meta":{"footnotes":""},"categories":[1888],"tags":[11,20933,1777,674,1011,27,303,12,626,25,2692],"class_list":{"0":"post-595169","1":"post","2":"type-post","3":"status-publish","4":"format-standard","5":"has-post-thumbnail","7":"category-paris","8":"tag-actualites","9":"tag-avocat","10":"tag-eu","11":"tag-europe","12":"tag-fr","13":"tag-france","14":"tag-justice","15":"tag-news","16":"tag-paris","17":"tag-republique-francaise","18":"tag-vols"},"share_on_mastodon":{"url":"https:\/\/pubeurope.com\/@fr\/115707366824356771","error":""},"_links":{"self":[{"href":"https:\/\/www.europesays.com\/fr\/wp-json\/wp\/v2\/posts\/595169","targetHints":{"allow":["GET"]}}],"collection":[{"href":"https:\/\/www.europesays.com\/fr\/wp-json\/wp\/v2\/posts"}],"about":[{"href":"https:\/\/www.europesays.com\/fr\/wp-json\/wp\/v2\/types\/post"}],"author":[{"embeddable":true,"href":"https:\/\/www.europesays.com\/fr\/wp-json\/wp\/v2\/users\/2"}],"replies":[{"embeddable":true,"href":"https:\/\/www.europesays.com\/fr\/wp-json\/wp\/v2\/comments?post=595169"}],"version-history":[{"count":0,"href":"https:\/\/www.europesays.com\/fr\/wp-json\/wp\/v2\/posts\/595169\/revisions"}],"wp:featuredmedia":[{"embeddable":true,"href":"https:\/\/www.europesays.com\/fr\/wp-json\/wp\/v2\/media\/595170"}],"wp:attachment":[{"href":"https:\/\/www.europesays.com\/fr\/wp-json\/wp\/v2\/media?parent=595169"}],"wp:term":[{"taxonomy":"category","embeddable":true,"href":"https:\/\/www.europesays.com\/fr\/wp-json\/wp\/v2\/categories?post=595169"},{"taxonomy":"post_tag","embeddable":true,"href":"https:\/\/www.europesays.com\/fr\/wp-json\/wp\/v2\/tags?post=595169"}],"curies":[{"name":"wp","href":"https:\/\/api.w.org\/{rel}","templated":true}]}}